{"id":8935,"date":"2021-11-30T10:01:00","date_gmt":"2021-11-30T09:01:00","guid":{"rendered":"http:\/\/culturaliagz.com\/?p=8935"},"modified":"2021-11-26T01:08:28","modified_gmt":"2021-11-26T00:08:28","slug":"oasis-as-lecturas-de-beatriz-dourado-8","status":"publish","type":"post","link":"http:\/\/culturaliagz.com\/?p=8935","title":{"rendered":"OASIS. As lecturas de Beatriz Dourado"},"content":{"rendered":"\n<div class=\"wp-block-image\"><figure class=\"aligncenter size-large\"><a href=\"http:\/\/culturaliagz.com\/wp-content\/uploads\/2021\/11\/264D9CA8-35C7-40E9-BFA1-AF089332665A.jpeg\" target=\"_blank\" rel=\"noopener\"><img loading=\"lazy\" decoding=\"async\" width=\"1024\" height=\"768\" src=\"http:\/\/culturaliagz.com\/wp-content\/uploads\/2021\/11\/264D9CA8-35C7-40E9-BFA1-AF089332665A-1024x768.jpeg\" alt=\"\" class=\"wp-image-8936\" srcset=\"http:\/\/culturaliagz.com\/wp-content\/uploads\/2021\/11\/264D9CA8-35C7-40E9-BFA1-AF089332665A-980x735.jpeg 980w, http:\/\/culturaliagz.com\/wp-content\/uploads\/2021\/11\/264D9CA8-35C7-40E9-BFA1-AF089332665A-480x360.jpeg 480w\" sizes=\"auto, (min-width: 0px) and (max-width: 480px) 480px, (min-width: 481px) and (max-width: 980px) 980px, (min-width: 981px) 1024px, 100vw\" \/><\/a><\/figure><\/div>\n\n\n\n<p><\/p>\n\n\n\n<p><\/p>\n\n\n\n<div class=\"wp-block-image\"><figure class=\"alignleft size-medium\"><a href=\"http:\/\/culturaliagz.com\/wp-content\/uploads\/2021\/05\/OASIS.jpg\" target=\"_blank\" rel=\"noopener\"><img loading=\"lazy\" decoding=\"async\" width=\"300\" height=\"225\" src=\"http:\/\/culturaliagz.com\/wp-content\/uploads\/2021\/05\/OASIS-300x225.jpg\" alt=\"\" class=\"wp-image-8027\"\/><\/a><\/figure><\/div>\n\n\n\n<p class=\"has-medium-font-size\"><a rel=\"noreferrer noopener\" href=\"http:\/\/culturaliagz.com\/category\/oasis\" target=\"_blank\">OASIS<\/a><\/p>\n\n\n\n<p class=\"has-medium-font-size\"><a href=\"https:\/\/es-es.facebook.com\/bea.lodorado\" target=\"_blank\" rel=\"noreferrer noopener\">Beatriz Dourado<\/a><\/p>\n\n\n\n<p class=\"has-medium-font-size\">T\u00edtulo do libro:&nbsp;<em><a href=\"https:\/\/www.xerais.gal\/libro.php?id=5155037\" target=\"_blank\" rel=\"noreferrer noopener\">Galicia en bus<\/a><\/em><\/p>\n\n\n\n<p class=\"has-medium-font-size\">Autora:&nbsp;<a href=\"http:\/\/www.mariareimondez.com\/index.php\" target=\"_blank\" rel=\"noreferrer noopener\">Mar\u00eda Reim\u00f3ndez<\/a><\/p>\n\n\n\n<p class=\"has-medium-font-size\">Editorial:&nbsp;<a href=\"https:\/\/www.xerais.gal\/index.php\" target=\"_blank\" rel=\"noreferrer noopener\">Xerais<\/a><\/p>\n\n\n\n<p class=\"has-medium-font-size\">Ano de publicaci\u00f3n:&nbsp;<em>2018<\/em><\/p>\n\n\n\n<p><\/p>\n\n\n\n<p><\/p>\n\n\n\n<p><\/p>\n\n\n\n<p>Di&nbsp;a lucense&nbsp;Mar\u00eda&nbsp;Reim\u00f3ndez&nbsp;no seu&nbsp;<em>Galicia en bus<\/em><em>&nbsp;<\/em>(Premio&nbsp;JohanCarballeira&nbsp;2017):&nbsp;\u201cNon me afago a que Lugo sexa unha estaci\u00f3n de paso\u201d. E precisamente decido volver a estas p\u00e1xinas tras varios d\u00edas escoitando falar de \u201cAVES de paso\u201d e desa teima de querer conectarnos a un centro omnipotente mentres as periferias resistimos&nbsp;como podemos (Ourense-&nbsp;Madrid: 2.15 h\/ Lugo- Compostela: 2.43 h).<\/p>\n\n\n\n<p>Estamos ante un\u00a0poemario\u00a0escrito desde a propia experiencia\u00a0da autora, como usuaria frecuente de autob\u00fas, no que atopamos versos dun importante calado pol\u00edtico e\u00a0social.\u00a0Ao longo deste particular traxecto, estruturado en catro partes, a escritora vai colocando varios sinais que nos interpelan dunha ou outra forma: lugares-lembranza, cami\u00f1os que toman a palabra, toponimias e arquitecturas desde unha perspectiva de x\u00e9nero&#8230;\u00a0A medida que avanzamos na lectura, aparece, asemade, unha especie de intermitente baixo uns textos\u00a0dun documento\u00a0titulado\u00a0<em>O transporte p\u00fablico\u00a0rodoviario\u00a0na Galiza,<\/em>\u00a0escrito por un tal M. Roda, que vai xerando\u00a0un interesante di\u00e1logo po\u00e9tico at\u00e9 o final da obra.<\/p>\n\n\n\n<p>\u201cSe cadra por iso din que en Galicia hai tanta poes\u00eda, porque vivimos en permanente estado fragmentario.<\/p>\n\n\n\n<p>Resposta de M. Roda na defensa da s\u00faa tese\u201d.<\/p>\n\n\n\n<p>\u201cTransformarei en poes\u00eda<\/p>\n\n\n\n<p>o meu destino.\u201d<\/p>\n\n\n\n<p>Quen sabe, quizais a\u00ednda non \u00e9 demasiado tarde&nbsp;para empap\u00e1rmonos&nbsp;do esp\u00edrito rebelde que aqu\u00ed se desprende&nbsp;e reivindicar&nbsp;fervorosamente&nbsp;o noso punto de partida&nbsp;e o destino que queremos<a><\/a>.<\/p>\n\n\n\n<p>\u201cAs palabras son perigosas<\/p>\n\n\n\n<p>porque abren o cami\u00f1o<\/p>\n\n\n\n<p>que todo o cambia.<\/p>\n\n\n\n<p>Porque fan posible<\/p>\n\n\n\n<p>o imposible.<\/p>\n\n\n\n<p>Porque son o \u00fanico&nbsp;<\/p>\n\n\n\n<p>e definitivo<\/p>\n\n\n\n<p>medio de transporte\u201d<\/p>\n\n\n\n<p><\/p>\n","protected":false},"excerpt":{"rendered":"<p>OASIS Beatriz Dourado T\u00edtulo do libro:&nbsp;Galicia en bus Autora:&nbsp;Mar\u00eda Reim\u00f3ndez Editorial:&nbsp;Xerais Ano de publicaci\u00f3n:&nbsp;2018 Di&nbsp;a lucense&nbsp;Mar\u00eda&nbsp;Reim\u00f3ndez&nbsp;no seu&nbsp;Galicia en bus&nbsp;(Premio&nbsp;JohanCarballeira&nbsp;2017):&nbsp;\u201cNon me afago a que Lugo sexa unha estaci\u00f3n de paso\u201d. E [&hellip;]<\/p>\n","protected":false},"author":1,"featured_media":0,"comment_status":"open","ping_status":"open","sticky":false,"template":"","format":"standard","meta":{"_et_pb_use_builder":"off","_et_pb_old_content":"","_et_gb_content_width":"","_jetpack_memberships_contains_paid_content":false,"footnotes":""},"categories":[23,967,7,129,772,1],"tags":[963,501,1001,339,773,966],"class_list":["post-8935","post","type-post","status-publish","format-standard","hentry","category-autoresas","category-colaboracions","category-creacion","category-literaria","category-oasis","category-xeral","tag-as-lecturas-de-beatriz-dourado","tag-beatriz-dourado","tag-galicia-en-bus","tag-maria-reimondez","tag-oasis","tag-xerais"],"jetpack_featured_media_url":"","jetpack_sharing_enabled":true,"_links":{"self":[{"href":"http:\/\/culturaliagz.com\/index.php?rest_route=\/wp\/v2\/posts\/8935","targetHints":{"allow":["GET"]}}],"collection":[{"href":"http:\/\/culturaliagz.com\/index.php?rest_route=\/wp\/v2\/posts"}],"about":[{"href":"http:\/\/culturaliagz.com\/index.php?rest_route=\/wp\/v2\/types\/post"}],"author":[{"embeddable":true,"href":"http:\/\/culturaliagz.com\/index.php?rest_route=\/wp\/v2\/users\/1"}],"replies":[{"embeddable":true,"href":"http:\/\/culturaliagz.com\/index.php?rest_route=%2Fwp%2Fv2%2Fcomments&post=8935"}],"version-history":[{"count":11,"href":"http:\/\/culturaliagz.com\/index.php?rest_route=\/wp\/v2\/posts\/8935\/revisions"}],"predecessor-version":[{"id":8947,"href":"http:\/\/culturaliagz.com\/index.php?rest_route=\/wp\/v2\/posts\/8935\/revisions\/8947"}],"wp:attachment":[{"href":"http:\/\/culturaliagz.com\/index.php?rest_route=%2Fwp%2Fv2%2Fmedia&parent=8935"}],"wp:term":[{"taxonomy":"category","embeddable":true,"href":"http:\/\/culturaliagz.com\/index.php?rest_route=%2Fwp%2Fv2%2Fcategories&post=8935"},{"taxonomy":"post_tag","embeddable":true,"href":"http:\/\/culturaliagz.com\/index.php?rest_route=%2Fwp%2Fv2%2Ftags&post=8935"}],"curies":[{"name":"wp","href":"https:\/\/api.w.org\/{rel}","templated":true}]}}