{"id":848,"date":"2017-03-06T15:43:30","date_gmt":"2017-03-06T15:43:30","guid":{"rendered":"http:\/\/culturaliagz.com\/?p=848"},"modified":"2017-03-10T15:48:08","modified_gmt":"2017-03-10T15:48:08","slug":"despedida","status":"publish","type":"post","link":"http:\/\/culturaliagz.com\/?p=848","title":{"rendered":"Despedida"},"content":{"rendered":"<p>Deix\u00e1deme ir,<br \/>\nque se dete\u00f1an os meus pasos<br \/>\nxa pra sempre,<br \/>\nque se pechen os meus ollos dunha vez,<br \/>\nestou cansa desta loita,<br \/>\nos meus p\u00e9s xa non queren seguir cami\u00f1ando,<br \/>\nquero descansar o meu magoado corpo,<br \/>\nquero ter paz e sosego por fin,<br \/>\nno solpor da mi\u00f1a vida me atopo,<br \/>\nno comezo da viaxe sen retorno.<br \/>\nXa me agarda o tren na estaci\u00f3n da vida,<br \/>\ndesta vez a viaxe ser\u00e1 longa&#8230;<br \/>\nD\u00e9ixovos unha morea de lembranzas,<br \/>\npendurada de cada recuncho<br \/>\ndesta casa na que viv\u00edn.<br \/>\nLembr\u00e1deme cando choiva, na humidade,<br \/>\nnas pingas de orballo pola ma\u00f1\u00e1n,<br \/>\nna raiola de sol e na l\u00faa chea,<br \/>\nporque sei, que se me lembrades,<br \/>\nficarei en v\u00f3s,<br \/>\nsempre e pra sempre&#8230;<\/p>\n<p>A VIAXE DERRADEIRA<\/p>\n<p>&#8230;Como poden alongarse os d\u00edas<br \/>\ncando est\u00e1 a rematar a vida?<br \/>\n&#8230;como pode prender o lume na lareira<br \/>\nse apenas quedan brasas no lar?<br \/>\nNada, o tempo vaise,<br \/>\nfoxe esnaquizado e esva\u00eddo<br \/>\ncoma br\u00e9tema, coma fume&#8230;<br \/>\no tempo escapa coma fera doente,<br \/>\ne queda prendido nos ollos de tristeira ollada&#8230;<br \/>\nBaleiros de esperanza e de vida,<br \/>\nvida longa e venturosa,<br \/>\npero que xa remata&#8230;<br \/>\ntodo te<img loading=\"lazy\" decoding=\"async\" class=\"alignnone size-medium wp-image-850 alignright\" src=\"http:\/\/culturaliagz.com\/wp-content\/uploads\/2017\/03\/www.joseluisavilaherrera.BLOGSPOT.com-flores-17-225x300.jpg\" alt=\"\" width=\"225\" height=\"300\" srcset=\"http:\/\/culturaliagz.com\/wp-content\/uploads\/2017\/03\/www.joseluisavilaherrera.BLOGSPOT.com-flores-17-225x300.jpg 225w, http:\/\/culturaliagz.com\/wp-content\/uploads\/2017\/03\/www.joseluisavilaherrera.BLOGSPOT.com-flores-17.jpg 553w\" sizes=\"auto, (max-width: 225px) 100vw, 225px\" \/>n comezo e fin,<br \/>\nnun devaneo dos d\u00edas que xa se esgotan,<br \/>\nxa v\u00e9n o ocaso, a noite,<br \/>\nesa, a m\u00e1is longa, a m\u00e1is fr\u00eda,<br \/>\na que non remata&#8230;<br \/>\ne no derradeiro suspiro cheo de lembranzas<br \/>\nvir\u00e1 por fin a paz e o sosego,<br \/>\no descanso&#8230; a luz.<\/p>\n<p>*(Lembranza dunha persoa moi querida, que partiu pra recorrer un longo cami\u00f1o, tan longo que non ten retorno&#8230; sempre estar\u00e1s no meu recordo, e no meu coraz\u00f3n, pra min non te fuches, sempre estar\u00e1s aqu\u00ed&#8230; Virginia Pardo Mart\u00ednez)<\/p>\n","protected":false},"excerpt":{"rendered":"<p>Deix\u00e1deme ir, que se dete\u00f1an os meus pasos xa pra sempre, que se pechen os meus ollos dunha vez, estou cansa desta loita, os meus p\u00e9s xa non queren seguir [&hellip;]<\/p>\n","protected":false},"author":7,"featured_media":0,"comment_status":"open","ping_status":"open","sticky":false,"template":"","format":"standard","meta":{"_et_pb_use_builder":"","_et_pb_old_content":"","_et_gb_content_width":"","_jetpack_memberships_contains_paid_content":false,"footnotes":""},"categories":[23,7],"tags":[],"class_list":["post-848","post","type-post","status-publish","format-standard","hentry","category-autoresas","category-creacion"],"jetpack_featured_media_url":"","jetpack_sharing_enabled":true,"_links":{"self":[{"href":"http:\/\/culturaliagz.com\/index.php?rest_route=\/wp\/v2\/posts\/848","targetHints":{"allow":["GET"]}}],"collection":[{"href":"http:\/\/culturaliagz.com\/index.php?rest_route=\/wp\/v2\/posts"}],"about":[{"href":"http:\/\/culturaliagz.com\/index.php?rest_route=\/wp\/v2\/types\/post"}],"author":[{"embeddable":true,"href":"http:\/\/culturaliagz.com\/index.php?rest_route=\/wp\/v2\/users\/7"}],"replies":[{"embeddable":true,"href":"http:\/\/culturaliagz.com\/index.php?rest_route=%2Fwp%2Fv2%2Fcomments&post=848"}],"version-history":[{"count":10,"href":"http:\/\/culturaliagz.com\/index.php?rest_route=\/wp\/v2\/posts\/848\/revisions"}],"predecessor-version":[{"id":903,"href":"http:\/\/culturaliagz.com\/index.php?rest_route=\/wp\/v2\/posts\/848\/revisions\/903"}],"wp:attachment":[{"href":"http:\/\/culturaliagz.com\/index.php?rest_route=%2Fwp%2Fv2%2Fmedia&parent=848"}],"wp:term":[{"taxonomy":"category","embeddable":true,"href":"http:\/\/culturaliagz.com\/index.php?rest_route=%2Fwp%2Fv2%2Fcategories&post=848"},{"taxonomy":"post_tag","embeddable":true,"href":"http:\/\/culturaliagz.com\/index.php?rest_route=%2Fwp%2Fv2%2Ftags&post=848"}],"curies":[{"name":"wp","href":"https:\/\/api.w.org\/{rel}","templated":true}]}}