{"id":8122,"date":"2021-07-01T00:26:14","date_gmt":"2021-06-30T23:26:14","guid":{"rendered":"http:\/\/culturaliagz.com\/?p=8122"},"modified":"2021-07-01T00:26:18","modified_gmt":"2021-06-30T23:26:18","slug":"oasis-as-lecturas-de-beatriz-dourado-3","status":"publish","type":"post","link":"http:\/\/culturaliagz.com\/?p=8122","title":{"rendered":"OASIS: As lecturas de Beatriz Dourado"},"content":{"rendered":"\n<div class=\"wp-block-image\"><figure class=\"aligncenter size-large\"><a href=\"http:\/\/culturaliagz.com\/wp-content\/uploads\/2021\/07\/opaisdogranfurado.jpg\" target=\"_blank\" rel=\"noopener\"><img loading=\"lazy\" decoding=\"async\" width=\"743\" height=\"1024\" src=\"http:\/\/culturaliagz.com\/wp-content\/uploads\/2021\/07\/opaisdogranfurado-743x1024.jpg\" alt=\"\" class=\"wp-image-8123\"\/><\/a><\/figure><\/div>\n\n\n\n<p><\/p>\n\n\n\n<div class=\"wp-block-image\"><figure class=\"alignleft size-medium\"><a href=\"http:\/\/culturaliagz.com\/wp-content\/uploads\/2021\/05\/OASIS.jpg\" target=\"_blank\" rel=\"noopener\"><img loading=\"lazy\" decoding=\"async\" width=\"300\" height=\"225\" src=\"http:\/\/culturaliagz.com\/wp-content\/uploads\/2021\/05\/OASIS-300x225.jpg\" alt=\"\" class=\"wp-image-8027\"\/><\/a><\/figure><\/div>\n\n\n\n<p><a rel=\"noreferrer noopener\" href=\"http:\/\/culturaliagz.com\/category\/oasis\" target=\"_blank\">OASIS<\/a><\/p>\n\n\n\n<p><a href=\"https:\/\/es-es.facebook.com\/bea.lodorado\" target=\"_blank\" rel=\"noreferrer noopener\">Beatriz Dourado<\/a><\/p>\n\n\n\n<p>T\u00edtulo do libro:\u00a0<strong><a href=\"https:\/\/baiaedicions.gal\/infantil-xuvenil\/o-pais-do-gran-furado.html?___SID=U\" target=\"_blank\" rel=\"noreferrer noopener\">O Pa\u00eds do Gran Furado<\/a><\/strong><\/p>\n\n\n\n<p>Autora:\u00a0<em><a href=\"https:\/\/gl.wikipedia.org\/wiki\/Xerardo_Quinti%C3%A1\" target=\"_blank\" rel=\"noreferrer noopener\">Xerardo Quinti\u00e1 P\u00e9rez<\/a><\/em><\/p>\n\n\n\n<p>Editorial:\u00a0<em><a href=\"https:\/\/baiaedicions.gal\/\" target=\"_blank\" rel=\"noreferrer noopener\">Ba\u00eda Edici\u00f3ns<\/a><\/em><\/p>\n\n\n\n<p>Ano de publicaci\u00f3n:\u00a0<em>2019<\/em><\/p>\n\n\n\n<p><\/p>\n\n\n\n<p>\u00c9 a literatura infantil territorio exclusivo do p\u00fablico m\u00e1is mi\u00fado? Coido que certas etiquetas est\u00e1n, a maior parte das veces, para obvialas. Por iso, hoxe, traio unha pequena mostra de que xs adultxs podemos e debemos deleitarnos con textos pensados, en primeira instancia, para a infancia.<\/p>\n\n\n\n<p>No <em>Pa\u00eds do Gran Furado<\/em> de Xerardo Quinti\u00e1 hai poes\u00eda, xustiza, igualdade e, sobre todo, fantas\u00eda. Inter\u00e9same moito este \u00faltimo ingrediente porque creo que \u00e9 do que debe servirse a literatura, desa capacidade inesgot\u00e1bel para evocar outros mundos e personaxes que transgridan as pautas convencionais. Ademais, as ilustraci\u00f3ns de Noem\u00ed L\u00f3pez V\u00e1zquez contrib\u00faen a potenciar o fabuloso imaxinario deste libro.<\/p>\n\n\n\n<p>Sen d\u00fabida, estamos ante unha historia moi ben contada \u2013merecedora do II Premio Fina Casalderrey- que nos devolve unha mirada cr\u00edtica da sociedade actual. S\u00f3avos de algo o pa\u00eds en que as mulleres pasan todo o tempo traballando? Ou as ameazas que reciben aquelas que desde asociaci\u00f3ns, instituci\u00f3ns ou outros movementos sociais pretenden mudar as estruturas patriarcais?<\/p>\n\n\n\n<p>Insisto en que, ademais de ler este libro \u00e1s crianzas, debemos lelo para n\u00f3s, para non deixarnos vencer por ese perigoso conformismo que tende a instaurarse en determinadas etapas da vida, para crer en todas as Toribias e ESKORNA- KABRAS que loitan d\u00eda a d\u00eda por un mundo mellor.<\/p>\n\n\n\n<p><em>O Pa\u00eds do Gran Furado<\/em> cabe en calquera bolso ou mochila. Podemos lelo mentres agardamos polo autob\u00fas ou tomamos un caf\u00e9 nun bar. E quen sabe, quizais tras a s\u00faa lectura, recuperemos algo do esp\u00edrito rebelde que tanta falla nos fai.<\/p>\n","protected":false},"excerpt":{"rendered":"<p>OASIS Beatriz Dourado T\u00edtulo do libro:\u00a0O Pa\u00eds do Gran Furado Autora:\u00a0Xerardo Quinti\u00e1 P\u00e9rez Editorial:\u00a0Ba\u00eda Edici\u00f3ns Ano de publicaci\u00f3n:\u00a02019 \u00c9 a literatura infantil territorio exclusivo do p\u00fablico m\u00e1is mi\u00fado? Coido que [&hellip;]<\/p>\n","protected":false},"author":1,"featured_media":0,"comment_status":"open","ping_status":"open","sticky":false,"template":"","format":"standard","meta":{"_et_pb_use_builder":"off","_et_pb_old_content":"","_et_gb_content_width":"","_jetpack_memberships_contains_paid_content":false,"footnotes":""},"categories":[23,7,129,772,1],"tags":[872,501,871,773,676],"class_list":["post-8122","post","type-post","status-publish","format-standard","hentry","category-autoresas","category-creacion","category-literaria","category-oasis","category-xeral","tag-baia-edicions","tag-beatriz-dourado","tag-o-pais-do-gran-furado","tag-oasis","tag-xerardo-quintia"],"jetpack_featured_media_url":"","jetpack_sharing_enabled":true,"_links":{"self":[{"href":"http:\/\/culturaliagz.com\/index.php?rest_route=\/wp\/v2\/posts\/8122","targetHints":{"allow":["GET"]}}],"collection":[{"href":"http:\/\/culturaliagz.com\/index.php?rest_route=\/wp\/v2\/posts"}],"about":[{"href":"http:\/\/culturaliagz.com\/index.php?rest_route=\/wp\/v2\/types\/post"}],"author":[{"embeddable":true,"href":"http:\/\/culturaliagz.com\/index.php?rest_route=\/wp\/v2\/users\/1"}],"replies":[{"embeddable":true,"href":"http:\/\/culturaliagz.com\/index.php?rest_route=%2Fwp%2Fv2%2Fcomments&post=8122"}],"version-history":[{"count":1,"href":"http:\/\/culturaliagz.com\/index.php?rest_route=\/wp\/v2\/posts\/8122\/revisions"}],"predecessor-version":[{"id":8124,"href":"http:\/\/culturaliagz.com\/index.php?rest_route=\/wp\/v2\/posts\/8122\/revisions\/8124"}],"wp:attachment":[{"href":"http:\/\/culturaliagz.com\/index.php?rest_route=%2Fwp%2Fv2%2Fmedia&parent=8122"}],"wp:term":[{"taxonomy":"category","embeddable":true,"href":"http:\/\/culturaliagz.com\/index.php?rest_route=%2Fwp%2Fv2%2Fcategories&post=8122"},{"taxonomy":"post_tag","embeddable":true,"href":"http:\/\/culturaliagz.com\/index.php?rest_route=%2Fwp%2Fv2%2Ftags&post=8122"}],"curies":[{"name":"wp","href":"https:\/\/api.w.org\/{rel}","templated":true}]}}