{"id":8075,"date":"2021-06-28T17:04:01","date_gmt":"2021-06-28T16:04:01","guid":{"rendered":"http:\/\/culturaliagz.com\/?p=8075"},"modified":"2021-06-28T17:04:06","modified_gmt":"2021-06-28T16:04:06","slug":"exposicion-de-menchu-lamas-no-castelo-de-pambre","status":"publish","type":"post","link":"http:\/\/culturaliagz.com\/?p=8075","title":{"rendered":"Exposici\u00f3n de Menchu Lamas no Castelo de Pambre"},"content":{"rendered":"\n<p><\/p>\n\n\n\n<div class=\"wp-block-image\"><figure class=\"aligncenter size-large\"><a href=\"http:\/\/culturaliagz.com\/wp-content\/uploads\/2021\/06\/VIEIROS-DA-COR-de-Menchu-Lamas.jpg\" target=\"_blank\" rel=\"noopener\"><img loading=\"lazy\" decoding=\"async\" width=\"1024\" height=\"476\" src=\"http:\/\/culturaliagz.com\/wp-content\/uploads\/2021\/06\/VIEIROS-DA-COR-de-Menchu-Lamas-1024x476.jpg\" alt=\"\" class=\"wp-image-8076\" srcset=\"http:\/\/culturaliagz.com\/wp-content\/uploads\/2021\/06\/VIEIROS-DA-COR-de-Menchu-Lamas-980x455.jpg 980w, http:\/\/culturaliagz.com\/wp-content\/uploads\/2021\/06\/VIEIROS-DA-COR-de-Menchu-Lamas-480x223.jpg 480w\" sizes=\"auto, (min-width: 0px) and (max-width: 480px) 480px, (min-width: 481px) and (max-width: 980px) 980px, (min-width: 981px) 1024px, 100vw\" \/><\/a><\/figure><\/div>\n\n\n\n<p><\/p>\n\n\n\n<p>O s\u00e1bado 3 de xullo \u00e1s 12,00 h celebrarase a inauguraci\u00f3n da exposici\u00f3n de Menchu Lamas, que organiza o <a rel=\"noreferrer noopener\" href=\"http:\/\/ieu.gal\/\" target=\"_blank\">IEU <\/a>no castelo de Pambre\u00a0(<a rel=\"noreferrer noopener\" href=\"http:\/\/ieu.gal\/exposicions\/sala-1-castelo-de-pambre\/\" target=\"_blank\">http:\/\/ieu.gal\/exposicions\/sala-1-castelo-de-pambre\/<\/a>). Dita exposici\u00f3n permanecer\u00e1 instalada na sala 1 do Castelo de Pambre ata o 4 de setembro. <\/p>\n\n\n\n<p>Encarg\u00e1ronse da coordinaci\u00f3n e montaxe da exposici\u00f3n: a propia Menchu Lamas, Braulio Vilari\u00f1o e Luc\u00eda Hidalgo.<\/p>\n\n\n\n<p>Adxuntamos en pdf o <a href=\"http:\/\/culturaliagz.com\/wp-content\/uploads\/2021\/06\/Diptico-Vieiros-da-cor-Menchu-Lamas-Castelo-de-Pambre-Instituto-de-Estudos-Ulloans.pdf\" target=\"_blank\" rel=\"noreferrer noopener\">d\u00edptico<\/a>.<\/p>\n\n\n\n<p><em>*Os carteis e d\u00edptico foron dese\u00f1ados por Azucena P\u00e9rez Souto (Du-As).<\/em><\/p>\n","protected":false},"excerpt":{"rendered":"<p>O s\u00e1bado 3 de xullo \u00e1s 12,00 h celebrarase a inauguraci\u00f3n da exposici\u00f3n de Menchu Lamas, que organiza o IEU no castelo de Pambre\u00a0(http:\/\/ieu.gal\/exposicions\/sala-1-castelo-de-pambre\/). Dita exposici\u00f3n permanecer\u00e1 instalada na sala [&hellip;]<\/p>\n","protected":false},"author":1,"featured_media":0,"comment_status":"open","ping_status":"open","sticky":false,"template":"","format":"standard","meta":{"_et_pb_use_builder":"off","_et_pb_old_content":"","_et_gb_content_width":"","_jetpack_memberships_contains_paid_content":false,"footnotes":""},"categories":[23,7,6,367,1],"tags":[471,425,862,863],"class_list":["post-8075","post","type-post","status-publish","format-standard","hentry","category-autoresas","category-creacion","category-novas","category-publicacions","category-xeral","tag-castelo-de-pambre","tag-instituto-de-estudos-ulloans","tag-menchu-lamas","tag-vieiros-da-cor"],"jetpack_featured_media_url":"","jetpack_sharing_enabled":true,"_links":{"self":[{"href":"http:\/\/culturaliagz.com\/index.php?rest_route=\/wp\/v2\/posts\/8075","targetHints":{"allow":["GET"]}}],"collection":[{"href":"http:\/\/culturaliagz.com\/index.php?rest_route=\/wp\/v2\/posts"}],"about":[{"href":"http:\/\/culturaliagz.com\/index.php?rest_route=\/wp\/v2\/types\/post"}],"author":[{"embeddable":true,"href":"http:\/\/culturaliagz.com\/index.php?rest_route=\/wp\/v2\/users\/1"}],"replies":[{"embeddable":true,"href":"http:\/\/culturaliagz.com\/index.php?rest_route=%2Fwp%2Fv2%2Fcomments&post=8075"}],"version-history":[{"count":2,"href":"http:\/\/culturaliagz.com\/index.php?rest_route=\/wp\/v2\/posts\/8075\/revisions"}],"predecessor-version":[{"id":8079,"href":"http:\/\/culturaliagz.com\/index.php?rest_route=\/wp\/v2\/posts\/8075\/revisions\/8079"}],"wp:attachment":[{"href":"http:\/\/culturaliagz.com\/index.php?rest_route=%2Fwp%2Fv2%2Fmedia&parent=8075"}],"wp:term":[{"taxonomy":"category","embeddable":true,"href":"http:\/\/culturaliagz.com\/index.php?rest_route=%2Fwp%2Fv2%2Fcategories&post=8075"},{"taxonomy":"post_tag","embeddable":true,"href":"http:\/\/culturaliagz.com\/index.php?rest_route=%2Fwp%2Fv2%2Ftags&post=8075"}],"curies":[{"name":"wp","href":"https:\/\/api.w.org\/{rel}","templated":true}]}}