{"id":7684,"date":"2021-03-26T17:48:11","date_gmt":"2021-03-26T16:48:11","guid":{"rendered":"http:\/\/culturaliagz.com\/?p=7684"},"modified":"2021-03-26T17:48:14","modified_gmt":"2021-03-26T16:48:14","slug":"festival-atlantica-pablo-diaz-pecha-a-celebracion-do-dia-da-narracion-oral-cunha-actuacion-en-vite","status":"publish","type":"post","link":"http:\/\/culturaliagz.com\/?p=7684","title":{"rendered":"Festival Atl\u00e1ntica.- Pablo D\u00edaz pecha a celebraci\u00f3n do D\u00eda da Narraci\u00f3n Oral cunha actuaci\u00f3n en Vite"},"content":{"rendered":"\n<div class=\"wp-block-image\"><figure class=\"aligncenter size-large\"><a href=\"http:\/\/culturaliagz.com\/wp-content\/uploads\/2021\/03\/pablo-diaz.jpg\" target=\"_blank\" rel=\"noopener\"><img loading=\"lazy\" decoding=\"async\" width=\"1024\" height=\"680\" src=\"http:\/\/culturaliagz.com\/wp-content\/uploads\/2021\/03\/pablo-diaz-1024x680.jpg\" alt=\"\" class=\"wp-image-7685\" srcset=\"http:\/\/culturaliagz.com\/wp-content\/uploads\/2021\/03\/pablo-diaz-1024x680.jpg 1024w, http:\/\/culturaliagz.com\/wp-content\/uploads\/2021\/03\/pablo-diaz-980x650.jpg 980w, http:\/\/culturaliagz.com\/wp-content\/uploads\/2021\/03\/pablo-diaz-480x319.jpg 480w\" sizes=\"auto, (min-width: 0px) and (max-width: 480px) 480px, (min-width: 481px) and (max-width: 980px) 980px, (min-width: 981px) 1024px, 100vw\" \/><\/a><\/figure><\/div>\n\n\n\n<p><strong>Pablo D\u00edaz pecha a celebraci\u00f3n do D\u00eda Internacional da Narraci\u00f3n Oral cunha actuaci\u00f3n no CSC de Vite<\/strong><\/p>\n\n\n\n<p>\u00b7&nbsp;&nbsp;&nbsp;&nbsp;&nbsp;&nbsp; <strong>\u2018Contando n\u00fameros, cantando cores\u2019 \u00e9 un espect\u00e1culo para o p\u00fablico familiar<\/strong><\/p>\n\n\n\n<p>\u00b7&nbsp;&nbsp;&nbsp;&nbsp;&nbsp;&nbsp; <strong>A funci\u00f3n ser\u00e1 \u00e1s 19 horas no CSC de Vite e para asistir c\u00f3mpre a inscrici\u00f3n telef\u00f3nica previa<\/strong><\/p>\n\n\n\n<p>O artista Pablo D\u00edaz actuar\u00e1 este venres, 26 de marzo, no CSC de Vite \u2018Jos\u00e9 de Saramago\u2019 dentro da programaci\u00f3n do Festival Atl\u00e1ntica para festexar o D\u00eda Internacional da Narraci\u00f3n Oral. O espect\u00e1culo, titulado \u2018Contando n\u00fameros, cantando cores\u2019, est\u00e1 concibido para p\u00fablico familiar e comezar\u00e1 \u00e1s 19 horas. A entrada \u00e9 gratu\u00edta pero para asistir c\u00f3mpre inscribirse previamente no tel\u00e9fono 981 542 490.<\/p>\n\n\n\n<p>Ao longo da s\u00faa traxectoria profesional, Pablo D\u00edaz decatouse do importante que \u00e9 para os cativos tratar e reflexionar sobre a igualdade de oportunidades entre nenos e nenas, maiores e pequenos, equidade, e, sobre todo, respecto \u00e1s persoas que desde o principio das nosas vidas debemos valorar. Para lograr este obxectivo, o artista utilizar\u00e1 contos, alg\u00fans deles con m\u00fasica, para rematar cun pequeno concerto con canci\u00f3ns que versen sobre esta tem\u00e1tica e tam\u00e9n alg\u00fans dos seus temas m\u00e1is populares.<\/p>\n\n\n\n<p><strong>Pablo D\u00edaz<\/strong> \u00e9 un prestixioso m\u00fasico coru\u00f1\u00e9s que debutou no 2009 apadri\u00f1ado por Santiago Auser\u00f3n co traballo discogr\u00e1fico <em>Tic tac<\/em> (ed. Kalandraka). A obra acadou un \u00e9xito espectacular en Galicia, a primeira edici\u00f3n do traballo esgotouse en tres meses e vai xa pola quinta edici\u00f3n con m\u00e1is de 5000 exemplares vendidos. Con este traballo resultou un dos tres finalistas nos premios galegos da m\u00fasica Mart\u00edn C\u00f3dax e foi o ga\u00f1ador do galard\u00f3n \u201cAnisia Miranda \u00e1 creatividade infantil\u201d no 2011.<\/p>\n\n\n\n<p>En novembro do 2013 publicou o seu segundo traballo, <em>Toc toc<\/em> (ed. Galaxia), que serviu para reafirmalo na escena musical galega: premio ao mellor traballo de m\u00fasica infantil nos Mart\u00edn C\u00f3dax 2014 e unha xira por m\u00e1is de 50 concellos de Galicia. Un ano m\u00e1is tarde presentou un novo traballo m\u00e1is \u00edntimo e dedicado ao p\u00fablico de menor idade, <em>Xente mi\u00fada, moita fartura<\/em>, apostando nesta ocasi\u00f3n pola autoproduci\u00f3n e coa colaboraci\u00f3n de Tito Calvi\u00f1o e Carmen Rey.<\/p>\n\n\n\n<p>A finais do 2016 publicou <em>Tic tac toc,<\/em> ilustrado por Almudena Aparicio. Con este espect\u00e1culo fixo unha xira por 50 concellos da nosa comunidade. O \u00faltimo traballo de Pablo D\u00edaz \u00e9 <em>Coas mi\u00f1as mans<\/em>, que sa\u00edu ao mercado en xu\u00f1o do 2018 con moi boa acollida por parte do p\u00fablico familiar. Como contacontos infantil leva feito centos de sesi\u00f3ns dedicando unha boa parte da s\u00faa obra aos rapaces de entre 0 e 3 anos.<\/p>\n\n\n\n<p>Con este espect\u00e1culo claus\u00farase a programaci\u00f3n desenvolvida polo Festival Atl\u00e1ntica para festexar o D\u00eda Internacional da Narraci\u00f3n Oral e que contou coa colaboraci\u00f3n dos festivais Sete Falares de Pontevedra e Falando a Boca Chea da Coru\u00f1a, e tam\u00e9n do Concello de Santiago e da Deputaci\u00f3n da Coru\u00f1a.<\/p>\n\n\n\n<p><strong>AVISO: <\/strong>A actividade desenvolverase cumprindo coas medidas sanitarias do protocolo COVID-19 vixente no momento da s\u00faa realizaci\u00f3n.<strong>CR\u00c9DITOS<\/strong> Dese\u00f1o do cartel do 20M: <a href=\"http:\/\/ekinocio.com\/\" target=\"_blank\" rel=\"noreferrer noopener\">Ekinocio<\/a>.<\/p>\n","protected":false},"excerpt":{"rendered":"<p>Pablo D\u00edaz pecha a celebraci\u00f3n do D\u00eda Internacional da Narraci\u00f3n Oral cunha actuaci\u00f3n no CSC de Vite \u00b7&nbsp;&nbsp;&nbsp;&nbsp;&nbsp;&nbsp; \u2018Contando n\u00fameros, cantando cores\u2019 \u00e9 un espect\u00e1culo para o p\u00fablico familiar \u00b7&nbsp;&nbsp;&nbsp;&nbsp;&nbsp;&nbsp; [&hellip;]<\/p>\n","protected":false},"author":1,"featured_media":0,"comment_status":"open","ping_status":"open","sticky":false,"template":"","format":"standard","meta":{"_et_pb_use_builder":"off","_et_pb_old_content":"","_et_gb_content_width":"","_jetpack_memberships_contains_paid_content":false,"footnotes":""},"categories":[23,7,6,1],"tags":[761,755,694],"class_list":["post-7684","post","type-post","status-publish","format-standard","hentry","category-autoresas","category-creacion","category-novas","category-xeral","tag-dia-internacional-da-narracion-oral","tag-festival-atlantica-de-narracion-oral-2021","tag-pablo-diaz"],"jetpack_featured_media_url":"","jetpack_sharing_enabled":true,"_links":{"self":[{"href":"http:\/\/culturaliagz.com\/index.php?rest_route=\/wp\/v2\/posts\/7684","targetHints":{"allow":["GET"]}}],"collection":[{"href":"http:\/\/culturaliagz.com\/index.php?rest_route=\/wp\/v2\/posts"}],"about":[{"href":"http:\/\/culturaliagz.com\/index.php?rest_route=\/wp\/v2\/types\/post"}],"author":[{"embeddable":true,"href":"http:\/\/culturaliagz.com\/index.php?rest_route=\/wp\/v2\/users\/1"}],"replies":[{"embeddable":true,"href":"http:\/\/culturaliagz.com\/index.php?rest_route=%2Fwp%2Fv2%2Fcomments&post=7684"}],"version-history":[{"count":1,"href":"http:\/\/culturaliagz.com\/index.php?rest_route=\/wp\/v2\/posts\/7684\/revisions"}],"predecessor-version":[{"id":7686,"href":"http:\/\/culturaliagz.com\/index.php?rest_route=\/wp\/v2\/posts\/7684\/revisions\/7686"}],"wp:attachment":[{"href":"http:\/\/culturaliagz.com\/index.php?rest_route=%2Fwp%2Fv2%2Fmedia&parent=7684"}],"wp:term":[{"taxonomy":"category","embeddable":true,"href":"http:\/\/culturaliagz.com\/index.php?rest_route=%2Fwp%2Fv2%2Fcategories&post=7684"},{"taxonomy":"post_tag","embeddable":true,"href":"http:\/\/culturaliagz.com\/index.php?rest_route=%2Fwp%2Fv2%2Ftags&post=7684"}],"curies":[{"name":"wp","href":"https:\/\/api.w.org\/{rel}","templated":true}]}}