{"id":7671,"date":"2021-03-23T20:33:46","date_gmt":"2021-03-23T19:33:46","guid":{"rendered":"http:\/\/culturaliagz.com\/?p=7671"},"modified":"2021-03-23T20:33:49","modified_gmt":"2021-03-23T19:33:49","slug":"paco-nogueiras-presenta-o-seu-xornal-musical-extra-na-casa-museo-manuel-maria","status":"publish","type":"post","link":"http:\/\/culturaliagz.com\/?p=7671","title":{"rendered":"Paco Nogueiras presenta o seu xornal musical EXTRA! na Casa-Museo Manuel Mar\u00eda"},"content":{"rendered":"\n<div class=\"wp-block-image\"><figure class=\"aligncenter size-large\"><a href=\"http:\/\/culturaliagz.com\/wp-content\/uploads\/2021\/03\/paconogueira21-1-scaled.jpg\" target=\"_blank\" rel=\"noopener\"><img loading=\"lazy\" decoding=\"async\" width=\"1000\" height=\"1024\" src=\"http:\/\/culturaliagz.com\/wp-content\/uploads\/2021\/03\/paconogueira21-1-1000x1024.jpg\" alt=\"\" class=\"wp-image-7672\" srcset=\"http:\/\/culturaliagz.com\/wp-content\/uploads\/2021\/03\/paconogueira21-1-980x1004.jpg 980w, http:\/\/culturaliagz.com\/wp-content\/uploads\/2021\/03\/paconogueira21-1-480x492.jpg 480w\" sizes=\"auto, (min-width: 0px) and (max-width: 480px) 480px, (min-width: 481px) and (max-width: 980px) 980px, (min-width: 981px) 1000px, 100vw\" \/><\/a><\/figure><\/div>\n\n\n\n<p><a rel=\"noreferrer noopener\" href=\"https:\/\/www.facebook.com\/events\/477327176957871\/\" target=\"_blank\">Paco Nogueiras presenta EXTRA!<\/a>, este s\u00e1bado, d\u00eda 27 de marzo, \u00e1s 17 horas, na <a rel=\"noreferrer noopener\" href=\"http:\/\/www.casamuseomanuelmaria.gal\/portada.htm\" target=\"_blank\">Casa-Museo Manuel Mar\u00eda<\/a>. Un espect\u00e1culo dirixido para as nenas e nenos entre 6 e 11 anos en que combina canci\u00f3ns e interpretaci\u00f3ns cos rexistros m\u00e1is divertidos.<\/p>\n\n\n\n<p>Paco Nogueiras ideou un xornal musical nun libro-CD que leva por t\u00edtulo o mesmo nome do espect\u00e1culo, <em>EXTRA!<\/em>. Este cont\u00e9n composici\u00f3ns onde se tratan distintas noticias\u00a0nacionais e internacionais, sucesos, informaci\u00f3n social, cultural e divulgativa, deportes, opini\u00f3n, pasatempos e at\u00e9\u00a0unha axenda de actividades.\u00a0Quen dixo que non se poden cantar e bailar as noticias?<\/p>\n\n\n\n<p>Melod\u00edas e ritmos modernos, pegadizos e bail\u00e1beis que convidar\u00e1n a participaci\u00f3n daqueles e daquelas que se acheguen este s\u00e1bado por Outeiro de Rei. EXTRA! \u00e9 alegr\u00eda, diversi\u00f3n, imaxinaci\u00f3n e informaci\u00f3n.<\/p>\n\n\n\n<p>O prezo do billete \u00e9 de 2 euros. Reservas en\u00a0<a rel=\"noreferrer noopener\" href=\"mailto:contacto@casamuseomanuelmaria.gal\" target=\"_blank\">contacto@casamuseomanuelmaria.gal<\/a>\u00a0ou a trav\u00e9s do whatsapp 698177621.<\/p>\n","protected":false},"excerpt":{"rendered":"<p>Paco Nogueiras presenta EXTRA!, este s\u00e1bado, d\u00eda 27 de marzo, \u00e1s 17 horas, na Casa-Museo Manuel Mar\u00eda. Un espect\u00e1culo dirixido para as nenas e nenos entre 6 e 11 anos [&hellip;]<\/p>\n","protected":false},"author":1,"featured_media":0,"comment_status":"open","ping_status":"open","sticky":false,"template":"","format":"standard","meta":{"_et_pb_use_builder":"off","_et_pb_old_content":"","_et_gb_content_width":"","_jetpack_memberships_contains_paid_content":false,"footnotes":""},"categories":[23,7,6,1],"tags":[190,766,765],"class_list":["post-7671","post","type-post","status-publish","format-standard","hentry","category-autoresas","category-creacion","category-novas","category-xeral","tag-casa-museo-manuel-maria","tag-extra","tag-paco-nogueiras"],"jetpack_featured_media_url":"","jetpack_sharing_enabled":true,"_links":{"self":[{"href":"http:\/\/culturaliagz.com\/index.php?rest_route=\/wp\/v2\/posts\/7671","targetHints":{"allow":["GET"]}}],"collection":[{"href":"http:\/\/culturaliagz.com\/index.php?rest_route=\/wp\/v2\/posts"}],"about":[{"href":"http:\/\/culturaliagz.com\/index.php?rest_route=\/wp\/v2\/types\/post"}],"author":[{"embeddable":true,"href":"http:\/\/culturaliagz.com\/index.php?rest_route=\/wp\/v2\/users\/1"}],"replies":[{"embeddable":true,"href":"http:\/\/culturaliagz.com\/index.php?rest_route=%2Fwp%2Fv2%2Fcomments&post=7671"}],"version-history":[{"count":1,"href":"http:\/\/culturaliagz.com\/index.php?rest_route=\/wp\/v2\/posts\/7671\/revisions"}],"predecessor-version":[{"id":7673,"href":"http:\/\/culturaliagz.com\/index.php?rest_route=\/wp\/v2\/posts\/7671\/revisions\/7673"}],"wp:attachment":[{"href":"http:\/\/culturaliagz.com\/index.php?rest_route=%2Fwp%2Fv2%2Fmedia&parent=7671"}],"wp:term":[{"taxonomy":"category","embeddable":true,"href":"http:\/\/culturaliagz.com\/index.php?rest_route=%2Fwp%2Fv2%2Fcategories&post=7671"},{"taxonomy":"post_tag","embeddable":true,"href":"http:\/\/culturaliagz.com\/index.php?rest_route=%2Fwp%2Fv2%2Ftags&post=7671"}],"curies":[{"name":"wp","href":"https:\/\/api.w.org\/{rel}","templated":true}]}}