{"id":7657,"date":"2021-03-16T04:41:47","date_gmt":"2021-03-16T03:41:47","guid":{"rendered":"http:\/\/culturaliagz.com\/?p=7657"},"modified":"2021-03-16T04:41:50","modified_gmt":"2021-03-16T03:41:50","slug":"iescha-segunda-sesion-das-xornadas-museisticas","status":"publish","type":"post","link":"http:\/\/culturaliagz.com\/?p=7657","title":{"rendered":"IESCHA. Segunda sesi\u00f3n das Xornadas Muse\u00edsticas"},"content":{"rendered":"\n<div class=\"wp-block-image\"><figure class=\"aligncenter size-large\"><a href=\"http:\/\/culturaliagz.com\/wp-content\/uploads\/2021\/03\/CARTAZ_XORNADAS-MUSEISTICAS_2-SESION-scaled.jpg\" target=\"_blank\" rel=\"noopener\"><img loading=\"lazy\" decoding=\"async\" width=\"724\" height=\"1024\" src=\"http:\/\/culturaliagz.com\/wp-content\/uploads\/2021\/03\/CARTAZ_XORNADAS-MUSEISTICAS_2-SESION-724x1024.jpg\" alt=\"\" class=\"wp-image-7658\"\/><\/a><\/figure><\/div>\n\n\n\n<p>O s\u00e1bado 27 de marzo de 2021, de 12:00 a 14:00 no Sal\u00f3n de Actos da Biblioteca Municipal de Vilalba, ter\u00e1 lugar a 2\u00aa sesi\u00f3n das Xornadas Muse\u00edsticas, a cal fora adiada no pasado mes de novembro,<\/p>\n\n\n\n<p>Adx\u00fantase <a rel=\"noreferrer noopener\" href=\"http:\/\/culturaliagz.com\/wp-content\/uploads\/2021\/03\/NOTA_INFORMATIVA_XORNADAS-MUSEISTICAS_SEGUNDA-SESION.pdf\" target=\"_blank\">nota <\/a>e <a rel=\"noreferrer noopener\" href=\"http:\/\/culturaliagz.com\/wp-content\/uploads\/2021\/03\/CARTAZ_XORNADAS-MUSEISTICAS_2-SESION-scaled.jpg\" target=\"_blank\">cartaz <\/a>informativos.<\/p>\n\n\n\n<p><\/p>\n","protected":false},"excerpt":{"rendered":"<p>O s\u00e1bado 27 de marzo de 2021, de 12:00 a 14:00 no Sal\u00f3n de Actos da Biblioteca Municipal de Vilalba, ter\u00e1 lugar a 2\u00aa sesi\u00f3n das Xornadas Muse\u00edsticas, a cal [&hellip;]<\/p>\n","protected":false},"author":1,"featured_media":0,"comment_status":"open","ping_status":"open","sticky":false,"template":"","format":"standard","meta":{"_et_pb_use_builder":"off","_et_pb_old_content":"","_et_gb_content_width":"","_jetpack_memberships_contains_paid_content":false,"footnotes":""},"categories":[23,7,6,1],"tags":[763,30,234,762],"class_list":["post-7657","post","type-post","status-publish","format-standard","hentry","category-autoresas","category-creacion","category-novas","category-xeral","tag-asociacion-de-amigos-do-museo-de-vialba","tag-concello-de-vilalba","tag-iescha","tag-mupav"],"jetpack_featured_media_url":"","jetpack_sharing_enabled":true,"_links":{"self":[{"href":"http:\/\/culturaliagz.com\/index.php?rest_route=\/wp\/v2\/posts\/7657","targetHints":{"allow":["GET"]}}],"collection":[{"href":"http:\/\/culturaliagz.com\/index.php?rest_route=\/wp\/v2\/posts"}],"about":[{"href":"http:\/\/culturaliagz.com\/index.php?rest_route=\/wp\/v2\/types\/post"}],"author":[{"embeddable":true,"href":"http:\/\/culturaliagz.com\/index.php?rest_route=\/wp\/v2\/users\/1"}],"replies":[{"embeddable":true,"href":"http:\/\/culturaliagz.com\/index.php?rest_route=%2Fwp%2Fv2%2Fcomments&post=7657"}],"version-history":[{"count":3,"href":"http:\/\/culturaliagz.com\/index.php?rest_route=\/wp\/v2\/posts\/7657\/revisions"}],"predecessor-version":[{"id":7662,"href":"http:\/\/culturaliagz.com\/index.php?rest_route=\/wp\/v2\/posts\/7657\/revisions\/7662"}],"wp:attachment":[{"href":"http:\/\/culturaliagz.com\/index.php?rest_route=%2Fwp%2Fv2%2Fmedia&parent=7657"}],"wp:term":[{"taxonomy":"category","embeddable":true,"href":"http:\/\/culturaliagz.com\/index.php?rest_route=%2Fwp%2Fv2%2Fcategories&post=7657"},{"taxonomy":"post_tag","embeddable":true,"href":"http:\/\/culturaliagz.com\/index.php?rest_route=%2Fwp%2Fv2%2Ftags&post=7657"}],"curies":[{"name":"wp","href":"https:\/\/api.w.org\/{rel}","templated":true}]}}