{"id":7650,"date":"2021-03-09T15:02:40","date_gmt":"2021-03-09T14:02:40","guid":{"rendered":"http:\/\/culturaliagz.com\/?p=7650"},"modified":"2021-03-09T15:02:44","modified_gmt":"2021-03-09T14:02:44","slug":"palestra-concerto-didactico-con-branca-villares-e-pablo-pintor-o-sabado-13-de-marzo-na-casa-museo-manuel-maria","status":"publish","type":"post","link":"http:\/\/culturaliagz.com\/?p=7650","title":{"rendered":"Palestra-concerto did\u00e1ctico con Branca Villares e Pablo Pintor, o s\u00e1bado, 13 de marzo, na Casa-Museo Manuel Mar\u00eda"},"content":{"rendered":"\n<div class=\"wp-block-image\"><figure class=\"aligncenter size-large\"><a href=\"http:\/\/culturaliagz.com\/wp-content\/uploads\/2021\/03\/casas-museu.jpg\" target=\"_blank\" rel=\"noopener\"><img loading=\"lazy\" decoding=\"async\" width=\"999\" height=\"1024\" src=\"http:\/\/culturaliagz.com\/wp-content\/uploads\/2021\/03\/casas-museu-999x1024.jpg\" alt=\"\" class=\"wp-image-7651\" srcset=\"http:\/\/culturaliagz.com\/wp-content\/uploads\/2021\/03\/casas-museu-999x1024.jpg 999w, http:\/\/culturaliagz.com\/wp-content\/uploads\/2021\/03\/casas-museu-980x1004.jpg 980w, http:\/\/culturaliagz.com\/wp-content\/uploads\/2021\/03\/casas-museu-480x492.jpg 480w\" sizes=\"auto, (min-width: 0px) and (max-width: 480px) 480px, (min-width: 481px) and (max-width: 980px) 980px, (min-width: 981px) 999px, 100vw\" \/><\/a><\/figure><\/div>\n\n\n\n<p>Este s\u00e1bado, d\u00eda 13, \u00e1s 19 hrs, na <a href=\"http:\/\/www.casamuseomanuelmaria.gal\/portada.htm\" target=\"_blank\" rel=\"noreferrer noopener\">Casa-Museo Manuel Mar\u00eda<\/a> teremos unha\u00a0Palestra-concerto did\u00e1ctico\u00a0de\u00a0<a href=\"http:\/\/www.casamuseomanuelmaria.gal\/actividades\/o.htm?tipo=ACTIVIDADE\" target=\"_blank\" rel=\"noreferrer noopener\"><strong>Troupelear<\/strong>, d\u00fao conformado por\u00a0<strong>Branca Villares<\/strong>\u00a0e\u00a0<strong>Pablo Pintor<\/strong><\/a>, so o t\u00edtulo\u00a0<em>O pouso da violencia contra as mulleres no cancioneiro tradicional e popular galego.<\/em><\/p>\n\n\n\n<p>A actividade \u00e9 froito dun traballo de investigaci\u00f3n e discusi\u00f3n do cancioneiro popular galego que Branca Villares desenvolveu co seu alumnado de canto nas s\u00faas aulas nos \u00faltimos tres anos. O traballo centrouse en detectar aspectos que poden supor apolox\u00eda \u00e1 violencia contra as mulleres e que, dalg\u00fan xeito, contrib\u00faen a perpetuala e normalizala, non censurando sen\u00f3n contextualizando e reformulando o seu uso. O repertorio co que traballa Branca son sobre todo recollas da monta\u00f1a luguesa compiladas por ela e por outras persoas,ou as realizadas por Mini e Mero como as de Florencio, o cego dos Vilares.<\/p>\n\n\n\n<p><em>Branca Villares&nbsp;<\/em>\u00e9 m\u00fasica e mestra de m\u00fasica tradicional en diferentes lugares da provincia de Lugo (Tradescola, Escolas Municipais de R\u00e1bade, Begonte, Outeiro, Escola OXeitO, e outras entidades culturais). Capitanea un proceso colectivo de reflexi\u00f3n, que xa vai polo seu cuarto ano de vida, en que promove a discusi\u00f3n entre as s\u00faas alumnas e alumnos. Parte da s\u00faa investigaci\u00f3n foi publicada pola Asociaci\u00f3n de Escritores en Lingua Galega este mesmo ano.<\/p>\n\n\n\n<p><em>Pablo Pintor<\/em><em>&nbsp;<\/em>\u00e9 mestre de gaita na monta\u00f1a luguesa e, al\u00e9n de formar Troupelear xunto con&nbsp;Branca Villares, participa do proxecto&nbsp;musical&nbsp;Airi\u00f1os da Freba. Ten sido parte de Tiruleque, GS21, Xacarandaina&#8230;<\/p>\n\n\n\n<p>A actividade \u00e9 de acceso libre, mais&nbsp;\u00e9 imprenscid\u00edbel inscribirse previamente&nbsp;en&nbsp;<a href=\"mailto:contacto@casamuseomanuelmaria.gal\" target=\"_blank\" rel=\"noreferrer noopener\">contacto@casamuseomanuelmaria.gal<\/a>&nbsp;ou no whatsapp 698177621, xa que o aforo est\u00e1 limitado para o cumprimento das medidas sanitarias.<\/p>\n","protected":false},"excerpt":{"rendered":"<p>Este s\u00e1bado, d\u00eda 13, \u00e1s 19 hrs, na Casa-Museo Manuel Mar\u00eda teremos unha\u00a0Palestra-concerto did\u00e1ctico\u00a0de\u00a0Troupelear, d\u00fao conformado por\u00a0Branca Villares\u00a0e\u00a0Pablo Pintor, so o t\u00edtulo\u00a0O pouso da violencia contra as mulleres no cancioneiro [&hellip;]<\/p>\n","protected":false},"author":1,"featured_media":0,"comment_status":"open","ping_status":"open","sticky":false,"template":"","format":"standard","meta":{"_et_pb_use_builder":"off","_et_pb_old_content":"","_et_gb_content_width":"","_jetpack_memberships_contains_paid_content":false,"footnotes":""},"categories":[23,7,129,6,1],"tags":[759,190,760,758],"class_list":["post-7650","post","type-post","status-publish","format-standard","hentry","category-autoresas","category-creacion","category-literaria","category-novas","category-xeral","tag-branca-villares","tag-casa-museo-manuel-maria","tag-pablo-pintor","tag-troupelear"],"jetpack_featured_media_url":"","jetpack_sharing_enabled":true,"_links":{"self":[{"href":"http:\/\/culturaliagz.com\/index.php?rest_route=\/wp\/v2\/posts\/7650","targetHints":{"allow":["GET"]}}],"collection":[{"href":"http:\/\/culturaliagz.com\/index.php?rest_route=\/wp\/v2\/posts"}],"about":[{"href":"http:\/\/culturaliagz.com\/index.php?rest_route=\/wp\/v2\/types\/post"}],"author":[{"embeddable":true,"href":"http:\/\/culturaliagz.com\/index.php?rest_route=\/wp\/v2\/users\/1"}],"replies":[{"embeddable":true,"href":"http:\/\/culturaliagz.com\/index.php?rest_route=%2Fwp%2Fv2%2Fcomments&post=7650"}],"version-history":[{"count":1,"href":"http:\/\/culturaliagz.com\/index.php?rest_route=\/wp\/v2\/posts\/7650\/revisions"}],"predecessor-version":[{"id":7652,"href":"http:\/\/culturaliagz.com\/index.php?rest_route=\/wp\/v2\/posts\/7650\/revisions\/7652"}],"wp:attachment":[{"href":"http:\/\/culturaliagz.com\/index.php?rest_route=%2Fwp%2Fv2%2Fmedia&parent=7650"}],"wp:term":[{"taxonomy":"category","embeddable":true,"href":"http:\/\/culturaliagz.com\/index.php?rest_route=%2Fwp%2Fv2%2Fcategories&post=7650"},{"taxonomy":"post_tag","embeddable":true,"href":"http:\/\/culturaliagz.com\/index.php?rest_route=%2Fwp%2Fv2%2Ftags&post=7650"}],"curies":[{"name":"wp","href":"https:\/\/api.w.org\/{rel}","templated":true}]}}