{"id":7625,"date":"2021-02-17T00:08:37","date_gmt":"2021-02-16T23:08:37","guid":{"rendered":"http:\/\/culturaliagz.com\/?p=7625"},"modified":"2021-02-17T00:08:39","modified_gmt":"2021-02-16T23:08:39","slug":"o-festival-atlantica-2021-de-narracion-oral-adiase-ata-o-veran","status":"publish","type":"post","link":"http:\/\/culturaliagz.com\/?p=7625","title":{"rendered":"O Festival Atl\u00e1ntica 2021 de narraci\u00f3n oral ad\u00edase ata o ver\u00e1n"},"content":{"rendered":"\n<div class=\"wp-block-image\"><figure class=\"aligncenter size-large\"><a href=\"http:\/\/culturaliagz.com\/wp-content\/uploads\/2021\/02\/ATL_ANUNCIO_VERAN-scaled.jpg\" target=\"_blank\" rel=\"noopener\"><img loading=\"lazy\" decoding=\"async\" width=\"1024\" height=\"753\" src=\"http:\/\/culturaliagz.com\/wp-content\/uploads\/2021\/02\/ATL_ANUNCIO_VERAN-1024x753.jpg\" alt=\"\" class=\"wp-image-7626\" srcset=\"http:\/\/culturaliagz.com\/wp-content\/uploads\/2021\/02\/ATL_ANUNCIO_VERAN-980x721.jpg 980w, http:\/\/culturaliagz.com\/wp-content\/uploads\/2021\/02\/ATL_ANUNCIO_VERAN-480x353.jpg 480w\" sizes=\"auto, (min-width: 0px) and (max-width: 480px) 480px, (min-width: 481px) and (max-width: 980px) 980px, (min-width: 981px) 1024px, 100vw\" \/><\/a><\/figure><\/div>\n\n\n\n<p><\/p>\n\n\n\n<p><strong>O <a href=\"http:\/\/festivalatlantica.com\/\" target=\"_blank\" rel=\"noreferrer noopener\">Festival Atl\u00e1ntica<\/a> 2021 de narraci\u00f3n oral ad\u00edase ata o ver\u00e1n<\/strong><\/p>\n\n\n\n<p>\u00b7&nbsp;&nbsp;&nbsp;&nbsp;&nbsp;&nbsp; <strong>A situaci\u00f3n sanitaria obriga a pospo\u00f1er a novena edici\u00f3n ata o ver\u00e1n para se poder desenvolver en condici\u00f3ns de seguridade<\/strong><\/p>\n\n\n\n<p>\u00b7&nbsp;&nbsp;&nbsp;&nbsp;&nbsp;&nbsp; <strong>As\u00ed e todo, o vindeiro 20 de marzo est\u00e1 prevista a celebraci\u00f3n do D\u00eda Internacional da Narraci\u00f3n Oral con actividades por toda Galicia<\/strong><\/p>\n\n\n\n<p>O Festival Internacional de Narraci\u00f3n Oral Atl\u00e1ntica vai celebrar a s\u00faa novena edici\u00f3n no ver\u00e1n. A organizaci\u00f3n do encontro, que adoita desenvolverse durante o mes de marzo, decidiu pospo\u00f1er esta veterana cita cos contos por mor da pandemia. Malia as ganas de se xuntar arredor das historias, o Festival \u00e9 consciente de que agora a prioridade e coidar o p\u00fablico e os artistas, as\u00ed que Atl\u00e1ntica 2021 agardar\u00e1 polo ver\u00e1n para podelo celebrar en condici\u00f3ns que garantan a seguridade dos participantes.<\/p>\n\n\n\n<p>As\u00ed e todo, o vindeiro 20 de marzo Atl\u00e1ntica ten previsto organizar un intenso programa de actividades por toda Galicia para conmemorar o D\u00eda Internacional da Narraci\u00f3n Oral. A programaci\u00f3n desvelarase nas pr\u00f3ximas datas e o evento ser\u00e1 un petisco do que chegar\u00e1 no ver\u00e1n se as condici\u00f3ns sanitarias o permiten.<\/p>\n\n\n\n<p>Ata ent\u00f3n, a organizaci\u00f3n de Atl\u00e1ntica agradece publicamente o apoio das instituci\u00f3ns, empresas, artistas e p\u00fablico que fan posible o Festival.<\/p>\n","protected":false},"excerpt":{"rendered":"<p>O Festival Atl\u00e1ntica 2021 de narraci\u00f3n oral ad\u00edase ata o ver\u00e1n \u00b7&nbsp;&nbsp;&nbsp;&nbsp;&nbsp;&nbsp; A situaci\u00f3n sanitaria obriga a pospo\u00f1er a novena edici\u00f3n ata o ver\u00e1n para se poder desenvolver en condici\u00f3ns [&hellip;]<\/p>\n","protected":false},"author":1,"featured_media":0,"comment_status":"open","ping_status":"open","sticky":false,"template":"","format":"standard","meta":{"_et_pb_use_builder":"off","_et_pb_old_content":"","_et_gb_content_width":"","_jetpack_memberships_contains_paid_content":false,"footnotes":""},"categories":[23,7,6,1],"tags":[629,755],"class_list":["post-7625","post","type-post","status-publish","format-standard","hentry","category-autoresas","category-creacion","category-novas","category-xeral","tag-festival-atlantica","tag-festival-atlantica-de-narracion-oral-2021"],"jetpack_featured_media_url":"","jetpack_sharing_enabled":true,"_links":{"self":[{"href":"http:\/\/culturaliagz.com\/index.php?rest_route=\/wp\/v2\/posts\/7625","targetHints":{"allow":["GET"]}}],"collection":[{"href":"http:\/\/culturaliagz.com\/index.php?rest_route=\/wp\/v2\/posts"}],"about":[{"href":"http:\/\/culturaliagz.com\/index.php?rest_route=\/wp\/v2\/types\/post"}],"author":[{"embeddable":true,"href":"http:\/\/culturaliagz.com\/index.php?rest_route=\/wp\/v2\/users\/1"}],"replies":[{"embeddable":true,"href":"http:\/\/culturaliagz.com\/index.php?rest_route=%2Fwp%2Fv2%2Fcomments&post=7625"}],"version-history":[{"count":1,"href":"http:\/\/culturaliagz.com\/index.php?rest_route=\/wp\/v2\/posts\/7625\/revisions"}],"predecessor-version":[{"id":7627,"href":"http:\/\/culturaliagz.com\/index.php?rest_route=\/wp\/v2\/posts\/7625\/revisions\/7627"}],"wp:attachment":[{"href":"http:\/\/culturaliagz.com\/index.php?rest_route=%2Fwp%2Fv2%2Fmedia&parent=7625"}],"wp:term":[{"taxonomy":"category","embeddable":true,"href":"http:\/\/culturaliagz.com\/index.php?rest_route=%2Fwp%2Fv2%2Fcategories&post=7625"},{"taxonomy":"post_tag","embeddable":true,"href":"http:\/\/culturaliagz.com\/index.php?rest_route=%2Fwp%2Fv2%2Ftags&post=7625"}],"curies":[{"name":"wp","href":"https:\/\/api.w.org\/{rel}","templated":true}]}}