{"id":7611,"date":"2021-02-12T00:39:56","date_gmt":"2021-02-11T23:39:56","guid":{"rendered":"http:\/\/culturaliagz.com\/?p=7611"},"modified":"2021-02-12T13:16:16","modified_gmt":"2021-02-12T12:16:16","slug":"manifesto-25-n-30-voces-pola-eliminacion-da-violencia-contra-a-muller","status":"publish","type":"post","link":"http:\/\/culturaliagz.com\/?p=7611","title":{"rendered":"MANIFESTO 25 N. 30 Voces pola Eliminaci\u00f3n da Violencia contra a Muller"},"content":{"rendered":"\n<figure class=\"wp-block-gallery columns-2 is-cropped wp-block-gallery-1 is-layout-flex wp-block-gallery-is-layout-flex\"><ul class=\"blocks-gallery-grid\"><li class=\"blocks-gallery-item\"><figure><a href=\"http:\/\/culturaliagz.com\/wp-content\/uploads\/2021\/02\/25N1-724x1024.jpg\"><img loading=\"lazy\" decoding=\"async\" width=\"724\" height=\"1024\" src=\"http:\/\/culturaliagz.com\/wp-content\/uploads\/2021\/02\/25N1-724x1024.jpg\" alt=\"\" data-id=\"7612\" data-link=\"http:\/\/culturaliagz.com\/?attachment_id=7612\" class=\"wp-image-7612\"\/><\/a><\/figure><\/li><li class=\"blocks-gallery-item\"><figure><a href=\"http:\/\/culturaliagz.com\/wp-content\/uploads\/2021\/02\/25N2-1.jpg\"><img loading=\"lazy\" decoding=\"async\" width=\"724\" height=\"1024\" src=\"http:\/\/culturaliagz.com\/wp-content\/uploads\/2021\/02\/25N2-1-724x1024.jpg\" alt=\"\" data-id=\"7620\" data-full-url=\"http:\/\/culturaliagz.com\/wp-content\/uploads\/2021\/02\/25N2-1.jpg\" data-link=\"http:\/\/culturaliagz.com\/manifesto-25-n-30-voces-pola-eliminacion-da-violencia-contra-a-muller\/25n2-1\" class=\"wp-image-7620\"\/><\/a><\/figure><\/li><\/ul><\/figure>\n\n\n\n<p><\/p>\n\n\n\n<p>Xa hai listaxe de autoras\/-es seleccionadxs que aparecer\u00e1n no libro&nbsp;<strong><a rel=\"noreferrer noopener\" href=\"http:\/\/culturaliagz.com\/a-asociacion-cultural-caldaloba-e-alvarellos-editora-coeditaran-o-libro-manifesto-25-n-25-voces-pola-eliminacion-da-violencia-contra-a-muller\" target=\"_blank\">MANIFESTO 25 N.&nbsp;<em>30 Voces pola Eliminaci\u00f3n da Violencia contra a Muller<\/em><\/a><\/strong>, que coeditar\u00e1n a&nbsp;<a rel=\"noreferrer noopener\" href=\"http:\/\/culturaliagz.com\/category\/a-c-caldaloba\" target=\"_blank\">Asociaci\u00f3n Cultural CALDALOBA<\/a>&nbsp;e&nbsp;<a rel=\"noreferrer noopener\" href=\"https:\/\/alvarellos.info\/\" target=\"_blank\">Alvarellos Editora<\/a>&nbsp;. Nesta edici\u00f3n ademais participan con cadans\u00faa achega econ\u00f3mica as \u00c1reas de Cultura da&nbsp;<a rel=\"noreferrer noopener\" href=\"http:\/\/www.deputacionlugo.gal\/es\/a-deputacion\/areasgoberno\/turismo-e-cultura\" target=\"_blank\">Deputaci\u00f3n Provincial de Lugo<\/a> e do&nbsp;<a rel=\"noreferrer noopener\" href=\"https:\/\/vilalba.org\/\" target=\"_blank\">Concello de Vilalba<\/a>, e a colaboraci\u00f3n divulgadora da web&nbsp;<a rel=\"noreferrer noopener\" href=\"http:\/\/culturaliagz.com\/\" target=\"_blank\">Culturalia GZ<\/a>.<\/p>\n\n\n\n<p>O libro, que nace con motivo da conmemoraci\u00f3n anual do 25 de Novembro coma D\u00eda Internacional pola Eliminaci\u00f3n da Violencia contra a Muller, contar\u00e1 con diversas e destacadas voces dentro do panorama literario galego. Est\u00e1 previsto que saia do prelo de cara \u00e1 s\u00faa presentaci\u00f3n na vindeira primavera.<\/p>\n","protected":false},"excerpt":{"rendered":"<p>Xa hai listaxe de autoras\/-es seleccionadxs que aparecer\u00e1n no libro&nbsp;MANIFESTO 25 N.&nbsp;30 Voces pola Eliminaci\u00f3n da Violencia contra a Muller, que coeditar\u00e1n a&nbsp;Asociaci\u00f3n Cultural CALDALOBA&nbsp;e&nbsp;Alvarellos Editora&nbsp;. Nesta edici\u00f3n ademais participan [&hellip;]<\/p>\n","protected":false},"author":1,"featured_media":0,"comment_status":"open","ping_status":"open","sticky":false,"template":"","format":"standard","meta":{"_et_pb_use_builder":"off","_et_pb_old_content":"","_et_gb_content_width":"","_jetpack_memberships_contains_paid_content":false,"footnotes":""},"categories":[23,7,129,6,367,1],"tags":[411,626,30,29,302,696],"class_list":["post-7611","post","type-post","status-publish","format-standard","hentry","category-autoresas","category-creacion","category-literaria","category-novas","category-publicacions","category-xeral","tag-alvarellos-editora","tag-asociacion-cultural-caldaloba","tag-concello-de-vilalba","tag-culturalia-gz","tag-deputacion-provincial-de-lugo","tag-manifesto-25-n"],"jetpack_featured_media_url":"","jetpack_sharing_enabled":true,"_links":{"self":[{"href":"http:\/\/culturaliagz.com\/index.php?rest_route=\/wp\/v2\/posts\/7611","targetHints":{"allow":["GET"]}}],"collection":[{"href":"http:\/\/culturaliagz.com\/index.php?rest_route=\/wp\/v2\/posts"}],"about":[{"href":"http:\/\/culturaliagz.com\/index.php?rest_route=\/wp\/v2\/types\/post"}],"author":[{"embeddable":true,"href":"http:\/\/culturaliagz.com\/index.php?rest_route=\/wp\/v2\/users\/1"}],"replies":[{"embeddable":true,"href":"http:\/\/culturaliagz.com\/index.php?rest_route=%2Fwp%2Fv2%2Fcomments&post=7611"}],"version-history":[{"count":5,"href":"http:\/\/culturaliagz.com\/index.php?rest_route=\/wp\/v2\/posts\/7611\/revisions"}],"predecessor-version":[{"id":7622,"href":"http:\/\/culturaliagz.com\/index.php?rest_route=\/wp\/v2\/posts\/7611\/revisions\/7622"}],"wp:attachment":[{"href":"http:\/\/culturaliagz.com\/index.php?rest_route=%2Fwp%2Fv2%2Fmedia&parent=7611"}],"wp:term":[{"taxonomy":"category","embeddable":true,"href":"http:\/\/culturaliagz.com\/index.php?rest_route=%2Fwp%2Fv2%2Fcategories&post=7611"},{"taxonomy":"post_tag","embeddable":true,"href":"http:\/\/culturaliagz.com\/index.php?rest_route=%2Fwp%2Fv2%2Ftags&post=7611"}],"curies":[{"name":"wp","href":"https:\/\/api.w.org\/{rel}","templated":true}]}}