{"id":7589,"date":"2021-01-09T16:06:48","date_gmt":"2021-01-09T15:06:48","guid":{"rendered":"http:\/\/culturaliagz.com\/?p=7589"},"modified":"2021-01-09T16:06:50","modified_gmt":"2021-01-09T15:06:50","slug":"comunicado-do-iescha-relativo-a-situacion-do-ceip-de-baamonde","status":"publish","type":"post","link":"http:\/\/culturaliagz.com\/?p=7589","title":{"rendered":"Comunicado do IESCHA relativo \u00e1 situaci\u00f3n do CEIP de Baamonde"},"content":{"rendered":"\n<p><strong>O IESCHA EN CONTRA DO PECHE DO COLEXIO DE BAAMONDE<\/strong><\/p>\n\n\n\n<p>A xunta directiva do <strong><a rel=\"noreferrer noopener\" href=\"https:\/\/estudoschairegos.wixsite.com\/iescha\" target=\"_blank\">IESCHA <\/a><\/strong>manifesta publicamente a s\u00faa oposici\u00f3n ao intento de pechar en Baamonde \u2013con todos os pais e nais en contra- un Colexio ao que a\u00ednda asisten 30 nenos e nenas.<br>Vela\u00ed unha ocorrencia -presentada como decisi\u00f3n pol\u00edtica do goberno municipal de Begonte- que <strong>contrib\u00fae a seguir baleirando o rural<\/strong> coa supresi\u00f3n dun servizo p\u00fablico esencial, cando xa conta desde hai moitos anos cos recursos humanos \u2013que fan a s\u00faa achega \u00e1 dinamizaci\u00f3n da vila- e as instalaci\u00f3ns que posibilitan a prestaci\u00f3n deste servizo, fulcral en calquera naci\u00f3n desenvolvida.<br>Ao tempo, a Xunta de Galicia v\u00e9n de facer p\u00fablico que <strong>a loita contra a despoboaci\u00f3n do medio rural<\/strong> vai ser o eixo vertebrador dos proxectos cos que solicitar\u00e1 as axudas da UE do fondo Next Generation EU, un plan que quere facer fronte \u00e1 grave crise econ\u00f3mica e social trala pandemia de COVID-19.<br>Cando seremos quen de po\u00f1er o ensino \u2013como a sanidade- \u00e1 cabeza das prioridades dunha sociedade que quere ser do benestar?<br>Que haber\u00e1 m\u00e1is importante que a sanidade ou o ensino para que unha naci\u00f3n siga a ter vida?<br><strong>O Colexio \u00e9 vida; preserv\u00e9mola.<\/strong><br>A Cultura \u00e9 segura; non sequemos unhas das s\u00faas fontes.<\/p>\n\n\n\n<p><em>Enlace ao <a href=\"http:\/\/culturaliagz.com\/wp-content\/uploads\/2021\/01\/COMUNICADO-DO-IESCHA_CEIP-BAAMONDE.pdf\" target=\"_blank\" rel=\"noreferrer noopener\">Comunicado<\/a>.<\/em><\/p>\n\n\n\n<p>VILALBA, 8 DE XANEIRO DE 2021<br>A XUNTA DIRECTIVA DO IESCHA<\/p>\n","protected":false},"excerpt":{"rendered":"<p>O IESCHA EN CONTRA DO PECHE DO COLEXIO DE BAAMONDE A xunta directiva do IESCHA manifesta publicamente a s\u00faa oposici\u00f3n ao intento de pechar en Baamonde \u2013con todos os pais [&hellip;]<\/p>\n","protected":false},"author":1,"featured_media":0,"comment_status":"open","ping_status":"open","sticky":false,"template":"","format":"standard","meta":{"_et_pb_use_builder":"off","_et_pb_old_content":"","_et_gb_content_width":"","_jetpack_memberships_contains_paid_content":false,"footnotes":""},"categories":[23,7,6,1],"tags":[750,751,234,150],"class_list":["post-7589","post","type-post","status-publish","format-standard","hentry","category-autoresas","category-creacion","category-novas","category-xeral","tag-ceip-baamonde","tag-concello-de-begonte","tag-iescha","tag-xunta-de-galicia"],"jetpack_featured_media_url":"","jetpack_sharing_enabled":true,"_links":{"self":[{"href":"http:\/\/culturaliagz.com\/index.php?rest_route=\/wp\/v2\/posts\/7589","targetHints":{"allow":["GET"]}}],"collection":[{"href":"http:\/\/culturaliagz.com\/index.php?rest_route=\/wp\/v2\/posts"}],"about":[{"href":"http:\/\/culturaliagz.com\/index.php?rest_route=\/wp\/v2\/types\/post"}],"author":[{"embeddable":true,"href":"http:\/\/culturaliagz.com\/index.php?rest_route=\/wp\/v2\/users\/1"}],"replies":[{"embeddable":true,"href":"http:\/\/culturaliagz.com\/index.php?rest_route=%2Fwp%2Fv2%2Fcomments&post=7589"}],"version-history":[{"count":2,"href":"http:\/\/culturaliagz.com\/index.php?rest_route=\/wp\/v2\/posts\/7589\/revisions"}],"predecessor-version":[{"id":7592,"href":"http:\/\/culturaliagz.com\/index.php?rest_route=\/wp\/v2\/posts\/7589\/revisions\/7592"}],"wp:attachment":[{"href":"http:\/\/culturaliagz.com\/index.php?rest_route=%2Fwp%2Fv2%2Fmedia&parent=7589"}],"wp:term":[{"taxonomy":"category","embeddable":true,"href":"http:\/\/culturaliagz.com\/index.php?rest_route=%2Fwp%2Fv2%2Fcategories&post=7589"},{"taxonomy":"post_tag","embeddable":true,"href":"http:\/\/culturaliagz.com\/index.php?rest_route=%2Fwp%2Fv2%2Ftags&post=7589"}],"curies":[{"name":"wp","href":"https:\/\/api.w.org\/{rel}","templated":true}]}}