{"id":7563,"date":"2020-12-14T00:11:08","date_gmt":"2020-12-13T23:11:08","guid":{"rendered":"http:\/\/culturaliagz.com\/?p=7563"},"modified":"2020-12-14T19:56:39","modified_gmt":"2020-12-14T18:56:39","slug":"fallo-xurado-do-iii-certame-de-poesia-torre-de-caldaloba","status":"publish","type":"post","link":"http:\/\/culturaliagz.com\/?p=7563","title":{"rendered":"Obras ga\u00f1adoras do III Certame de Poes\u00eda TORRE DE CALDALOBA"},"content":{"rendered":"\n<div class=\"wp-block-image\"><figure class=\"aligncenter size-large\"><a href=\"http:\/\/culturaliagz.com\/wp-content\/uploads\/2020\/12\/Xurado-III-Certame-de-Poesia-TORRE-DE-CALDALOBA.jpg\" target=\"_blank\" rel=\"noopener noreferrer\"><img loading=\"lazy\" decoding=\"async\" width=\"1024\" height=\"768\" src=\"http:\/\/culturaliagz.com\/wp-content\/uploads\/2020\/12\/Xurado-III-Certame-de-Poesia-TORRE-DE-CALDALOBA-1024x768.jpg\" alt=\"\" class=\"wp-image-7564\" srcset=\"http:\/\/culturaliagz.com\/wp-content\/uploads\/2020\/12\/Xurado-III-Certame-de-Poesia-TORRE-DE-CALDALOBA-980x735.jpg 980w, http:\/\/culturaliagz.com\/wp-content\/uploads\/2020\/12\/Xurado-III-Certame-de-Poesia-TORRE-DE-CALDALOBA-480x360.jpg 480w\" sizes=\"auto, (min-width: 0px) and (max-width: 480px) 480px, (min-width: 481px) and (max-width: 980px) 980px, (min-width: 981px) 1024px, 100vw\" \/><\/a><figcaption>Imaxe do xurado do Certame de Poes\u00eda Torre de Caldaloba<\/figcaption><\/figure><\/div>\n\n\n\n<p><\/p>\n\n\n\n<p>No ser\u00e1n do 12 de decembro de 2020, no sal\u00f3n de plenos do Concello de Cospeito, celebrouse a reuni\u00f3n do xurado deliberador do <a rel=\"noreferrer noopener\" href=\"http:\/\/culturaliagz.com\/nova-convocatoria-do-iii-certame-de-poesia-torre-de-caldaloba\" target=\"_blank\">III Certame de Poes\u00eda TORRE DE CALDALOBA<\/a>, integrado por <a rel=\"noreferrer noopener\" href=\"https:\/\/armandorequeixo.wordpress.com\/\" target=\"_blank\">Armando Requeixo<\/a>, <a rel=\"noreferrer noopener\" href=\"http:\/\/anarabade.blogspot.com\/\" target=\"_blank\">Ana Mar Fraga R\u00e1bade<\/a>, <a rel=\"noreferrer noopener\" href=\"https:\/\/www.aelg.gal\/centro-documentacion\/autores-as\/adolfina-mesa\" target=\"_blank\">Adolfina Mesa<\/a>, <a rel=\"noreferrer noopener\" href=\"https:\/\/www.aelg.gal\/centro-documentacion\/autores-as\/montse-gonzalez-alvarez\" target=\"_blank\">Montse Gonz\u00e1lez \u00c1lvarez<\/a> e <a rel=\"noreferrer noopener\" href=\"https:\/\/gl.wikipedia.org\/wiki\/Xos%C3%A9_Otero_Canto\" target=\"_blank\">Xos\u00e9 Otero Canto<\/a>, actuando de secretario do tribunal <a rel=\"noreferrer noopener\" href=\"https:\/\/www.aelg.gal\/centro-documentacion\/autores-as\/martino-maseda-lozano\" target=\"_blank\">Marti\u00f1o Maseda<\/a>, con voz pero sen voto.<\/p>\n\n\n\n<p>Despois da s\u00faa deliberaci\u00f3n decidiron conceder os seguintes premios:<\/p>\n\n\n\n<p>Categor\u00eda 1\u00aa (menores de 18 anos)<\/p>\n\n\n\n<p>Primeiro Premio: <strong>OUTUBRO EN DOUS ACTOS<\/strong>, de Paula Dom\u00ednguez Barreiro, polo <em>excelente traballo cunha riqueza ling\u00fc\u00cdstica e acertado uso de recursos estil\u00edsticos. A calidade refl\u00edctese nese coidado trato dos fonemas para ir ganduxando versos dun intimismo e unha sensibilidade extrema.<\/em><\/p>\n\n\n\n<p>Segundo Premio; <strong>DERRADEIRO ADEUS<\/strong>, de Marina Montenegro Jamardo, <em>un poemario con versos sinxelos, trat\u00e1ndose dunha poes\u00eda realista, mais cunha carga emocional que esperta as emoci\u00f3ns e a empat\u00eda cara \u00e1 persoa autora. Hai tema presente en todos os versos que son a dor e a tristura que provoca un adeus. Cando amamos de verdade, ningu\u00e9n est\u00e1 vacinado nin hai a ap\u00f3cema para unha despedida.<\/em><\/p>\n\n\n\n<p>Categor\u00eda 2\u00aa (de 18 anos en diante)<\/p>\n\n\n\n<p>Primeiro Premio: <strong>HERDAR A FALA<\/strong>, de <a rel=\"noreferrer noopener\" href=\"https:\/\/gl.wikipedia.org\/wiki\/Patricia_Torrado_Queiruga\" target=\"_blank\">Patricia Torrado Queiruga<\/a>, <em>un poemario de matiz intimista<\/em>, <em>que reflicte a dor e identifica un herdo culturalmente definido.  Ao tempo que amosa de xeito ambig\u00fco unha ferinte ausencia do fillo. Coa composici\u00f3n de estrofas brutais ante unha realidade<\/em> <em>desacougante.<\/em><\/p>\n\n\n\n<p>Segundo Premio: <strong>UNHA TEOR\u00cdA PARA OS ESPECTROS<\/strong>, de <a rel=\"noreferrer noopener\" href=\"http:\/\/editorialgalaxia.gal\/autor\/abraham-perez\/\" target=\"_blank\">Abraham P\u00e9rez<\/a>, <em>porque expresa un posthumanismo, nun xogo de figuras humanas que designan correntes de pensamento. Xu\u00edzo \u00e1 nosa cultura, onde convida a non xustificar os mortos da historia nunha revoluci\u00f3n social e pol\u00edtica, transformaci\u00f3n da pobreza agochada e de identidade humana.<\/em><\/p>\n\n\n\n<p>A entrega de premios ter\u00e1 lugar o vindeiro s\u00e1bado 19 de decembro, a partir das 18h, no local social de Pino (Cospeito).<\/p>\n\n\n\n<p><\/p>\n","protected":false},"excerpt":{"rendered":"<p>No ser\u00e1n do 12 de decembro de 2020, no sal\u00f3n de plenos do Concello de Cospeito, celebrouse a reuni\u00f3n do xurado deliberador do III Certame de Poes\u00eda TORRE DE CALDALOBA, [&hellip;]<\/p>\n","protected":false},"author":1,"featured_media":0,"comment_status":"open","ping_status":"open","sticky":false,"template":"","format":"standard","meta":{"_et_pb_use_builder":"off","_et_pb_old_content":"","_et_gb_content_width":"","_jetpack_memberships_contains_paid_content":false,"footnotes":""},"categories":[23,7,129,6,1],"tags":[379,417,580,478,29,665,14,384,290],"class_list":["post-7563","post","type-post","status-publish","format-standard","hentry","category-autoresas","category-creacion","category-literaria","category-novas","category-xeral","tag-adolfina-mesa","tag-armando-requeixo","tag-asociacion-recreativo-cultural-de-san-martino-de-pino","tag-concello-de-cospeito","tag-culturalia-gz","tag-iii-premio-poesia-torre-de-caldaloba","tag-martino-maseda","tag-montse-gonzalez-alvarez","tag-xose-otero-canto"],"jetpack_featured_media_url":"","jetpack_sharing_enabled":true,"_links":{"self":[{"href":"http:\/\/culturaliagz.com\/index.php?rest_route=\/wp\/v2\/posts\/7563","targetHints":{"allow":["GET"]}}],"collection":[{"href":"http:\/\/culturaliagz.com\/index.php?rest_route=\/wp\/v2\/posts"}],"about":[{"href":"http:\/\/culturaliagz.com\/index.php?rest_route=\/wp\/v2\/types\/post"}],"author":[{"embeddable":true,"href":"http:\/\/culturaliagz.com\/index.php?rest_route=\/wp\/v2\/users\/1"}],"replies":[{"embeddable":true,"href":"http:\/\/culturaliagz.com\/index.php?rest_route=%2Fwp%2Fv2%2Fcomments&post=7563"}],"version-history":[{"count":10,"href":"http:\/\/culturaliagz.com\/index.php?rest_route=\/wp\/v2\/posts\/7563\/revisions"}],"predecessor-version":[{"id":7574,"href":"http:\/\/culturaliagz.com\/index.php?rest_route=\/wp\/v2\/posts\/7563\/revisions\/7574"}],"wp:attachment":[{"href":"http:\/\/culturaliagz.com\/index.php?rest_route=%2Fwp%2Fv2%2Fmedia&parent=7563"}],"wp:term":[{"taxonomy":"category","embeddable":true,"href":"http:\/\/culturaliagz.com\/index.php?rest_route=%2Fwp%2Fv2%2Fcategories&post=7563"},{"taxonomy":"post_tag","embeddable":true,"href":"http:\/\/culturaliagz.com\/index.php?rest_route=%2Fwp%2Fv2%2Ftags&post=7563"}],"curies":[{"name":"wp","href":"https:\/\/api.w.org\/{rel}","templated":true}]}}