{"id":7527,"date":"2020-12-08T00:36:46","date_gmt":"2020-12-07T23:36:46","guid":{"rendered":"http:\/\/culturaliagz.com\/?p=7527"},"modified":"2020-12-08T16:25:23","modified_gmt":"2020-12-08T15:25:23","slug":"presentacion-dos-libros-hora-de-penumbra-e-de-casa-queimada-obras-ganadoras-do-ii-certame-de-poesia-torre-de-caldaloba-no-museo-das-aves-de-cospeito","status":"publish","type":"post","link":"http:\/\/culturaliagz.com\/?p=7527","title":{"rendered":"Presentaci\u00f3n dos libros HORA DE PENUMBRA e DE CASA QUEIMADA, obras ga\u00f1adoras do II Certame de Poes\u00eda Torre de Caldaloba, no Museo das Aves de Cospeito"},"content":{"rendered":"\n<figure class=\"wp-block-gallery columns-2 is-cropped wp-block-gallery-1 is-layout-flex wp-block-gallery-is-layout-flex\"><ul class=\"blocks-gallery-grid\"><li class=\"blocks-gallery-item\"><figure><a href=\"http:\/\/culturaliagz.com\/wp-content\/uploads\/2020\/12\/Screenshot_20201207_174051.jpg\"><img loading=\"lazy\" decoding=\"async\" width=\"685\" height=\"1024\" src=\"http:\/\/culturaliagz.com\/wp-content\/uploads\/2020\/12\/Screenshot_20201207_174051-685x1024.jpg\" alt=\"\" data-id=\"7529\" data-full-url=\"http:\/\/culturaliagz.com\/wp-content\/uploads\/2020\/12\/Screenshot_20201207_174051.jpg\" data-link=\"http:\/\/culturaliagz.com\/?attachment_id=7529\" class=\"wp-image-7529\" srcset=\"http:\/\/culturaliagz.com\/wp-content\/uploads\/2020\/12\/Screenshot_20201207_174051-685x1024.jpg 685w, http:\/\/culturaliagz.com\/wp-content\/uploads\/2020\/12\/Screenshot_20201207_174051-480x718.jpg 480w\" sizes=\"auto, (min-width: 0px) and (max-width: 480px) 480px, (min-width: 481px) 685px, 100vw\" \/><\/a><\/figure><\/li><li class=\"blocks-gallery-item\"><figure><a href=\"http:\/\/culturaliagz.com\/wp-content\/uploads\/2020\/12\/1607359407604_Capa-1A-DE-CASA-QUEIMADA.jpg\"><img loading=\"lazy\" decoding=\"async\" width=\"647\" height=\"1024\" src=\"http:\/\/culturaliagz.com\/wp-content\/uploads\/2020\/12\/1607359407604_Capa-1A-DE-CASA-QUEIMADA-647x1024.jpg\" alt=\"\" data-id=\"7528\" data-full-url=\"http:\/\/culturaliagz.com\/wp-content\/uploads\/2020\/12\/1607359407604_Capa-1A-DE-CASA-QUEIMADA.jpg\" data-link=\"http:\/\/culturaliagz.com\/?attachment_id=7528\" class=\"wp-image-7528\" srcset=\"http:\/\/culturaliagz.com\/wp-content\/uploads\/2020\/12\/1607359407604_Capa-1A-DE-CASA-QUEIMADA-647x1024.jpg 647w, http:\/\/culturaliagz.com\/wp-content\/uploads\/2020\/12\/1607359407604_Capa-1A-DE-CASA-QUEIMADA-480x760.jpg 480w\" sizes=\"auto, (min-width: 0px) and (max-width: 480px) 480px, (min-width: 481px) 647px, 100vw\" \/><\/a><\/figure><\/li><\/ul><\/figure>\n\n\n\n<p><\/p>\n\n\n\n<p>O vindeiro s\u00e1bado 12 de decembro, a partir das 17 horas no <a rel=\"noreferrer noopener\" href=\"https:\/\/museodasaves.concellodecospeito.es\/\" target=\"_blank\">Museo das Aves de Cospeito<\/a>, celebrarase a presentaci\u00f3n das obras ga\u00f1adoras no <a rel=\"noreferrer noopener\" href=\"http:\/\/culturaliagz.com\/fallo-ii-certame-de-poesia-torre-de-caldaloba\" target=\"_blank\">II Certame de Poes\u00eda Torre de Caldaloba<\/a>, que organiza o <a rel=\"noreferrer noopener\" href=\"https:\/\/www.concellodecospeito.es\/\" target=\"_blank\">Concello de Cospeito<\/a> e a <a rel=\"noreferrer noopener\" href=\"https:\/\/www.facebook.com\/asoc.devecinospino\/\" target=\"_blank\">Asociaci\u00f3n Cultural de San Marti\u00f1o de Pino<\/a>, en colaboraci\u00f3n con <a rel=\"noreferrer noopener\" href=\"http:\/\/culturaliagz.com\/\" target=\"_blank\">Culturalia GZ<\/a>. Tr\u00e1tase das obras HORA DE PENUMBRA,  de Xurxo Alonso, ga\u00f1adora do primeiro premio, e DE CASA QUEIMADA, cuxa autora \u00e9 <a href=\"https:\/\/gl.wikipedia.org\/wiki\/Iria_Collazo\" target=\"_blank\" rel=\"noreferrer noopener\">Iria Collazo L\u00f3pez<\/a>, que acadou o segundo premio no devandito certame.<\/p>\n\n\n\n<p>Est\u00e1 prevista a asistencia ao acto de presentaci\u00f3n, ademais dos autores citados, do alcalde de Cospeito, Armando Castosa, In\u00e9s Lozano, en representaci\u00f3n da Asociaci\u00f3n Cultural de Pino, <a rel=\"noreferrer noopener\" href=\"https:\/\/www.aelg.gal\/centro-documentacion\/autores-as\/martino-maseda-lozano\" target=\"_blank\">Marti\u00f1o Maseda<\/a>, administrador de Culturalia GZ, e <a rel=\"noreferrer noopener\" href=\"https:\/\/www.aelg.gal\/centro-documentacion\/autores-as\/henrique-alvarellos\" target=\"_blank\">Henrique Alvarellos<\/a>, director de <a rel=\"noreferrer noopener\" href=\"https:\/\/alvarellos.info\/\" target=\"_blank\">Alvarellos Editora<\/a>, a editorial encargada da publicaci\u00f3n das obras que acadan premio neste certame po\u00e9tico nos eidos da Chaira.<\/p>\n\n\n\n<p>Dada a situaci\u00f3n pand\u00e9mica provocada pola COVID-19 manteranse as medidas de seguridade sanitaria pertinentes.<\/p>\n\n\n\n<p>Nesa mesma xornada tam\u00e9n se realizar\u00e1 a xuntanza do xurado para deliberar o fallo da <a rel=\"noreferrer noopener\" href=\"http:\/\/culturaliagz.com\/nova-convocatoria-do-iii-certame-de-poesia-torre-de-caldaloba\" target=\"_blank\">3\u00aa edici\u00f3n do Certame de Poes\u00eda Torre de Caldaloba<\/a>.<\/p>\n","protected":false},"excerpt":{"rendered":"<p>O vindeiro s\u00e1bado 12 de decembro, a partir das 17 horas no Museo das Aves de Cospeito, celebrarase a presentaci\u00f3n das obras ga\u00f1adoras no II Certame de Poes\u00eda Torre de [&hellip;]<\/p>\n","protected":false},"author":1,"featured_media":0,"comment_status":"open","ping_status":"open","sticky":false,"template":"","format":"standard","meta":{"_et_pb_use_builder":"off","_et_pb_old_content":"","_et_gb_content_width":"","_jetpack_memberships_contains_paid_content":false,"footnotes":""},"categories":[23,7,129,6,1],"tags":[580,478,29,742,740,480,741,739],"class_list":["post-7527","post","type-post","status-publish","format-standard","hentry","category-autoresas","category-creacion","category-literaria","category-novas","category-xeral","tag-asociacion-recreativo-cultural-de-san-martino-de-pino","tag-concello-de-cospeito","tag-culturalia-gz","tag-de-casa-queimada","tag-hora-de-penumbra","tag-ii-certame-de-poesia-torre-de-caldaloba","tag-iria-collazo-lopez","tag-xurxo-alonso"],"jetpack_featured_media_url":"","jetpack_sharing_enabled":true,"_links":{"self":[{"href":"http:\/\/culturaliagz.com\/index.php?rest_route=\/wp\/v2\/posts\/7527","targetHints":{"allow":["GET"]}}],"collection":[{"href":"http:\/\/culturaliagz.com\/index.php?rest_route=\/wp\/v2\/posts"}],"about":[{"href":"http:\/\/culturaliagz.com\/index.php?rest_route=\/wp\/v2\/types\/post"}],"author":[{"embeddable":true,"href":"http:\/\/culturaliagz.com\/index.php?rest_route=\/wp\/v2\/users\/1"}],"replies":[{"embeddable":true,"href":"http:\/\/culturaliagz.com\/index.php?rest_route=%2Fwp%2Fv2%2Fcomments&post=7527"}],"version-history":[{"count":12,"href":"http:\/\/culturaliagz.com\/index.php?rest_route=\/wp\/v2\/posts\/7527\/revisions"}],"predecessor-version":[{"id":7541,"href":"http:\/\/culturaliagz.com\/index.php?rest_route=\/wp\/v2\/posts\/7527\/revisions\/7541"}],"wp:attachment":[{"href":"http:\/\/culturaliagz.com\/index.php?rest_route=%2Fwp%2Fv2%2Fmedia&parent=7527"}],"wp:term":[{"taxonomy":"category","embeddable":true,"href":"http:\/\/culturaliagz.com\/index.php?rest_route=%2Fwp%2Fv2%2Fcategories&post=7527"},{"taxonomy":"post_tag","embeddable":true,"href":"http:\/\/culturaliagz.com\/index.php?rest_route=%2Fwp%2Fv2%2Ftags&post=7527"}],"curies":[{"name":"wp","href":"https:\/\/api.w.org\/{rel}","templated":true}]}}