{"id":7523,"date":"2020-12-02T19:44:54","date_gmt":"2020-12-02T18:44:54","guid":{"rendered":"http:\/\/culturaliagz.com\/?p=7523"},"modified":"2020-12-02T19:44:55","modified_gmt":"2020-12-02T18:44:55","slug":"o-filme-maria-solinha-este-sabado-na-casa-museo-manuel-maria","status":"publish","type":"post","link":"http:\/\/culturaliagz.com\/?p=7523","title":{"rendered":"O filme &#8220;Mar\u00eda Solinha&#8221;, este s\u00e1bado, na Casa-Museo Manuel Mar\u00eda"},"content":{"rendered":"\n<div class=\"wp-block-image\"><figure class=\"aligncenter size-large\"><a href=\"http:\/\/culturaliagz.com\/wp-content\/uploads\/2020\/12\/MARIA-SOLINHA_70x100_A_MEDIA.jpeg\" target=\"_blank\" rel=\"noopener noreferrer\"><img loading=\"lazy\" decoding=\"async\" width=\"717\" height=\"1024\" src=\"http:\/\/culturaliagz.com\/wp-content\/uploads\/2020\/12\/MARIA-SOLINHA_70x100_A_MEDIA-717x1024.jpeg\" alt=\"\" class=\"wp-image-7524\" srcset=\"http:\/\/culturaliagz.com\/wp-content\/uploads\/2020\/12\/MARIA-SOLINHA_70x100_A_MEDIA-717x1024.jpeg 717w, http:\/\/culturaliagz.com\/wp-content\/uploads\/2020\/12\/MARIA-SOLINHA_70x100_A_MEDIA-480x686.jpeg 480w\" sizes=\"auto, (min-width: 0px) and (max-width: 480px) 480px, (min-width: 481px) 717px, 100vw\" \/><\/a><\/figure><\/div>\n\n\n\n<p><\/p>\n\n\n\n<p>Este s\u00e1bado, d\u00eda 5 de decembro, \u00e1s 19 hrs, proxectarase, na <a href=\"http:\/\/www.casamuseomanuelmaria.gal\/portada.htm\" target=\"_blank\" rel=\"noreferrer noopener\">Casa-Museo Manuel Mar\u00eda<\/a>, o filme &#8220;<em>Maria Solinha<\/em>&#8220;, de Ignacio Vilar.<\/p>\n\n\n\n<p>&#8220;Un afamado director chega a Cangas do Morrazo, en Galicia, para reconstru\u00edr no teatro a historia de Mar\u00eda Solinha, acusada de bruxer\u00eda e queimada pola Inquisici\u00f3n no s\u00e9culo XVII. A protagonista da obra de teatro vai sufrir, no s\u00e9culo XXI, acedos ecos da agresi\u00f3n que sufriu Mar\u00eda Solinha no s\u00e9culo XVII&#8221;<\/p>\n\n\n\n<p>Tras a proxecci\u00f3n, haber\u00e1 un coloquio co seu director, Ignacio Vilar.<\/p>\n\n\n\n<p>A entrada \u00e9 libre, mais \u00e9 imprescind\u00edbel reservar\u00a0a trav\u00e9s do correo electr\u00f3nico\u00a0<a rel=\"noreferrer noopener\" href=\"mailto:contacto@casamuseomanuelmaria.gal\" target=\"_blank\">contacto@casamuseomanuelmaria.gal<\/a>\u00a0ou a trav\u00e9s do whatsapp 698177621.<\/p>\n","protected":false},"excerpt":{"rendered":"<p>Este s\u00e1bado, d\u00eda 5 de decembro, \u00e1s 19 hrs, proxectarase, na Casa-Museo Manuel Mar\u00eda, o filme &#8220;Maria Solinha&#8220;, de Ignacio Vilar. &#8220;Un afamado director chega a Cangas do Morrazo, en [&hellip;]<\/p>\n","protected":false},"author":1,"featured_media":0,"comment_status":"open","ping_status":"open","sticky":false,"template":"","format":"standard","meta":{"_et_pb_use_builder":"off","_et_pb_old_content":"","_et_gb_content_width":"","_jetpack_memberships_contains_paid_content":false,"footnotes":""},"categories":[23,7,6,1],"tags":[190,666],"class_list":["post-7523","post","type-post","status-publish","format-standard","hentry","category-autoresas","category-creacion","category-novas","category-xeral","tag-casa-museo-manuel-maria","tag-maria-solinha"],"jetpack_featured_media_url":"","jetpack_sharing_enabled":true,"_links":{"self":[{"href":"http:\/\/culturaliagz.com\/index.php?rest_route=\/wp\/v2\/posts\/7523","targetHints":{"allow":["GET"]}}],"collection":[{"href":"http:\/\/culturaliagz.com\/index.php?rest_route=\/wp\/v2\/posts"}],"about":[{"href":"http:\/\/culturaliagz.com\/index.php?rest_route=\/wp\/v2\/types\/post"}],"author":[{"embeddable":true,"href":"http:\/\/culturaliagz.com\/index.php?rest_route=\/wp\/v2\/users\/1"}],"replies":[{"embeddable":true,"href":"http:\/\/culturaliagz.com\/index.php?rest_route=%2Fwp%2Fv2%2Fcomments&post=7523"}],"version-history":[{"count":1,"href":"http:\/\/culturaliagz.com\/index.php?rest_route=\/wp\/v2\/posts\/7523\/revisions"}],"predecessor-version":[{"id":7525,"href":"http:\/\/culturaliagz.com\/index.php?rest_route=\/wp\/v2\/posts\/7523\/revisions\/7525"}],"wp:attachment":[{"href":"http:\/\/culturaliagz.com\/index.php?rest_route=%2Fwp%2Fv2%2Fmedia&parent=7523"}],"wp:term":[{"taxonomy":"category","embeddable":true,"href":"http:\/\/culturaliagz.com\/index.php?rest_route=%2Fwp%2Fv2%2Fcategories&post=7523"},{"taxonomy":"post_tag","embeddable":true,"href":"http:\/\/culturaliagz.com\/index.php?rest_route=%2Fwp%2Fv2%2Ftags&post=7523"}],"curies":[{"name":"wp","href":"https:\/\/api.w.org\/{rel}","templated":true}]}}