{"id":7516,"date":"2020-12-02T19:37:23","date_gmt":"2020-12-02T18:37:23","guid":{"rendered":"http:\/\/culturaliagz.com\/?p=7516"},"modified":"2020-12-02T20:02:37","modified_gmt":"2020-12-02T19:02:37","slug":"festival-atlantica-charo-pita-e-a-banda-municipal-de-santiago-musican-o-gato-con-botas","status":"publish","type":"post","link":"http:\/\/culturaliagz.com\/?p=7516","title":{"rendered":"Festival Atl\u00e1ntica.- Charo Pita e a Banda Municipal de Santiago musican \u2018O gato con botas\u2019"},"content":{"rendered":"\n<div class=\"wp-block-image\"><figure class=\"aligncenter size-large\"><a href=\"http:\/\/culturaliagz.com\/wp-content\/uploads\/2020\/12\/CARTEL_CSC_VITE_web.png\" target=\"_blank\" rel=\"noopener noreferrer\"><img loading=\"lazy\" decoding=\"async\" width=\"724\" height=\"1024\" src=\"http:\/\/culturaliagz.com\/wp-content\/uploads\/2020\/12\/CARTEL_CSC_VITE_web-724x1024.png\" alt=\"\" class=\"wp-image-7517\"\/><\/a><\/figure><\/div>\n\n\n\n<p><\/p>\n\n\n\n<p><strong>Charo Pita e a Banda Municipal de Santiago musican \u2018O gato con botas\u2019<\/strong><\/p>\n\n\n\n<p>\u00b7\u00a0\u00a0\u00a0\u00a0\u00a0\u00a0 <strong>O espect\u00e1culo forma parte da programaci\u00f3n do <a href=\"http:\/\/festivalatlantica.com\/\" target=\"_blank\" rel=\"noreferrer noopener\">Festival Atl\u00e1ntica<\/a> e ser\u00e1 este domingo, 6 de decembro, \u00e1s 12 horas, no Museo Centro Gai\u00e1s da Cidade da Cultura<\/strong><\/p>\n\n\n\n<p>\u00b7&nbsp;&nbsp;&nbsp;&nbsp;&nbsp;&nbsp; <strong>Charo Pita tam\u00e9n estar\u00e1 o s\u00e1bado na Biblioteca P\u00fablica Miguel Gonz\u00e1lez Garc\u00e9s da Coru\u00f1a co espect\u00e1culo infantil \u2018Men\u00fa de contos\u2019<\/strong><\/p>\n\n\n\n<figure class=\"wp-block-gallery aligncenter columns-2 is-cropped wp-block-gallery-1 is-layout-flex wp-block-gallery-is-layout-flex\"><ul class=\"blocks-gallery-grid\"><li class=\"blocks-gallery-item\"><figure><a href=\"http:\/\/culturaliagz.com\/wp-content\/uploads\/2020\/12\/Charo-Pita-1.jpg\"><img loading=\"lazy\" decoding=\"async\" width=\"678\" height=\"1024\" src=\"http:\/\/culturaliagz.com\/wp-content\/uploads\/2020\/12\/Charo-Pita-1.jpg\" alt=\"\" data-id=\"7520\" data-full-url=\"http:\/\/culturaliagz.com\/wp-content\/uploads\/2020\/12\/Charo-Pita-1.jpg\" data-link=\"http:\/\/culturaliagz.com\/?attachment_id=7520\" class=\"wp-image-7520\" srcset=\"http:\/\/culturaliagz.com\/wp-content\/uploads\/2020\/12\/Charo-Pita-1.jpg 678w, http:\/\/culturaliagz.com\/wp-content\/uploads\/2020\/12\/Charo-Pita-1-480x725.jpg 480w\" sizes=\"auto, (min-width: 0px) and (max-width: 480px) 480px, (min-width: 481px) 678px, 100vw\" \/><\/a><\/figure><\/li><li class=\"blocks-gallery-item\"><figure><a href=\"http:\/\/culturaliagz.com\/wp-content\/uploads\/2020\/12\/Charo-Pita-2.jpg\"><img loading=\"lazy\" decoding=\"async\" width=\"678\" height=\"1024\" src=\"http:\/\/culturaliagz.com\/wp-content\/uploads\/2020\/12\/Charo-Pita-2.jpg\" alt=\"\" data-id=\"7521\" data-full-url=\"http:\/\/culturaliagz.com\/wp-content\/uploads\/2020\/12\/Charo-Pita-2.jpg\" data-link=\"http:\/\/culturaliagz.com\/?attachment_id=7521\" class=\"wp-image-7521\" srcset=\"http:\/\/culturaliagz.com\/wp-content\/uploads\/2020\/12\/Charo-Pita-2.jpg 678w, http:\/\/culturaliagz.com\/wp-content\/uploads\/2020\/12\/Charo-Pita-2-480x725.jpg 480w\" sizes=\"auto, (min-width: 0px) and (max-width: 480px) 480px, (min-width: 481px) 678px, 100vw\" \/><\/a><\/figure><\/li><li class=\"blocks-gallery-item\"><figure><a href=\"http:\/\/culturaliagz.com\/wp-content\/uploads\/2020\/12\/Casiano-Mourino-Maquieira.jpg\"><img loading=\"lazy\" decoding=\"async\" width=\"682\" height=\"1024\" src=\"http:\/\/culturaliagz.com\/wp-content\/uploads\/2020\/12\/Casiano-Mourino-Maquieira-682x1024.jpg\" alt=\"\" data-id=\"7519\" data-full-url=\"http:\/\/culturaliagz.com\/wp-content\/uploads\/2020\/12\/Casiano-Mourino-Maquieira.jpg\" data-link=\"http:\/\/culturaliagz.com\/?attachment_id=7519\" class=\"wp-image-7519\"\/><\/a><\/figure><\/li><li class=\"blocks-gallery-item\"><figure><a href=\"http:\/\/culturaliagz.com\/wp-content\/uploads\/2020\/12\/BMSC.jpg\"><img loading=\"lazy\" decoding=\"async\" width=\"1024\" height=\"683\" src=\"http:\/\/culturaliagz.com\/wp-content\/uploads\/2020\/12\/BMSC.jpg\" alt=\"\" data-id=\"7518\" data-full-url=\"http:\/\/culturaliagz.com\/wp-content\/uploads\/2020\/12\/BMSC.jpg\" data-link=\"http:\/\/culturaliagz.com\/?attachment_id=7518\" class=\"wp-image-7518\" srcset=\"http:\/\/culturaliagz.com\/wp-content\/uploads\/2020\/12\/BMSC.jpg 1024w, http:\/\/culturaliagz.com\/wp-content\/uploads\/2020\/12\/BMSC-980x654.jpg 980w, http:\/\/culturaliagz.com\/wp-content\/uploads\/2020\/12\/BMSC-480x320.jpg 480w\" sizes=\"auto, (min-width: 0px) and (max-width: 480px) 480px, (min-width: 481px) and (max-width: 980px) 980px, (min-width: 981px) 1024px, 100vw\" \/><\/a><figcaption class=\"blocks-gallery-item__caption\">BANDA MUNICIPAL DE SANTIAGO\nOSCAR CORRAL\n08\/10\/17<\/figcaption><\/figure><\/li><\/ul><\/figure>\n\n\n\n<p>O Museo Centro Gai\u00e1s da Cidade da Cultura acolle este domingo, 6 de decembro, a partir das 12 horas, o espect\u00e1culo \u2018Unha aventura singular: o gato con botas\u2019, unha versi\u00f3n musicada do conto cl\u00e1sico na que participa a narradora Charo Pita e a Banda Municipal de M\u00fasica de Santiago de Compostela coa direcci\u00f3n de Casiano Mouri\u00f1o. O espect\u00e1culo, concibido <em>ex profeso<\/em> para a ocasi\u00f3n, esgotou os seus convites \u00e1s poucas horas de abrir as reservas e a lista de espera est\u00e1 tam\u00e9n completa.<\/p>\n\n\n\n<p>Charo Pita \u00fanese as\u00ed ao grupo de contadores do Festival Atl\u00e1ntica que actuaron acompa\u00f1ados pola veterana banda picheleira, nun formato que se inaugurou na edici\u00f3n do 2018 con Nono Granero e que vai cami\u00f1o de se converter nun cl\u00e1sico deste encontro de narraci\u00f3n oral. A artista galega, que pos\u00fae unha ampla experiencia na combinaci\u00f3n de m\u00fasica e contos, afronta neste espect\u00e1culo un dobre desaf\u00edo: a adaptaci\u00f3n dun cl\u00e1sico da tradici\u00f3n europea e facelo na compa\u00f1a dos case 40 integrantes da banda.<\/p>\n\n\n\n<p>\u2018O gato con botas\u2019 \u00e9 un conto popular europeo recompilado a finais do s\u00e9culo XVII polo escritor Charles Perrault no seu libro \u2018Contos de mam\u00e1 ganso\u2019, a\u00ednda que existen versi\u00f3ns anteriores. Nel n\u00e1rranse as argucias dun espelido gato para axudar o seu amo na procura de fortuna.<\/p>\n\n\n\n<p><strong>Cita cos contos na Coru\u00f1a<\/strong><\/p>\n\n\n\n<p>Charo Pita vai actuar tam\u00e9n este s\u00e1bado dentro da programaci\u00f3n do Festival Atl\u00e1ntica na Coru\u00f1a. Os pequechos con idades entre 3 e 8 anos est\u00e1n convidados \u00e1 Biblioteca P\u00fablica Miguel Gonz\u00e1lez Garc\u00e9s, a partir das 12 horas, para gozaren con \u2018Men\u00fa de contos\u2019. A entrada \u00e9 gratu\u00edta, mais c\u00f3mpre reservala no 881 960 378 ou na biblioteca.<\/p>\n\n\n\n<p>Neste espect\u00e1culo haber\u00e1 historias con princesas, sapos, bruxos, bonecos, trens, fabas, reis, l\u00faas ou camelos. Contos tan variados coma un men\u00fa de restaurante: historias salgadas coma as patacas fritas, outras tristeiras coma os botes de esp\u00e1rragos e mesmo tenras coma os tori\u00f1os de pescada. Depender\u00e1 do men\u00fa do d\u00eda, de como ve\u00f1a a contadora e, sobre todo, de como sexa a fame dos que escoitan.<\/p>\n\n\n\n<p><strong>Artista polifac\u00e9tica<\/strong><\/p>\n\n\n\n<p>A galega <strong>Charo Pita<\/strong> naceu \u00e1 idade de seis anos cando acabou de ler o seu primeiro libro. Leva contando historias de viva voz e impartindo obradoiros de narraci\u00f3n oral e lectura en voz alta desde o ano 94, como narradora en solitario, dentro de espect\u00e1culos biling\u00fces ingl\u00e9s-galego, ou en sesi\u00f3ns nas que se combinan os contos e a m\u00fasica. Como escritora ten m\u00e1is dunha ducia de libros publicados. Recibiu alg\u00fans galard\u00f3ns literarios, como o premio Espiral Maior de poes\u00eda no ano 2001 ou o Manuel Murgu\u00eda de narraci\u00f3ns breves para adultos no 2018. Recentemente, o seu poemario \u2018O cuarto de Jane\u2019 ga\u00f1ou o primeiro premio do XV Certame de Poes\u00eda Er\u00f3tica Illas Sisargas. Unha das s\u00faas facetas m\u00e1is persoais \u00e9 a de mesturar contos e m\u00fasica, de a\u00ed a s\u00faa participaci\u00f3n en proxectos como \u2018A nena e o grilo no pa\u00eds das apertas\u2019 xunto a Mag\u00edn Blanco, en \u2018Estamos no ver\u00e1n\u2019 xunto a Xo\u00e1n Curiel ou en \u2018No pa\u00eds do vento\u2019 da man de Mar\u00eda Faltri e Jorge Juncal.<\/p>\n\n\n\n<p>No tocante \u00e1 <strong>Banda Municipal de Santiago de Compostela<\/strong>, \u00e9 unha das m\u00e1is antigas de Galicia, xa que naceu en 1848. Ao primeiro ti\u00f1a car\u00e1cter afeccionado, ata que en 1876 o Concello decidiu facerse cargo dela e comezou a se profesionalizar. Na actualidade conta con 37 compo\u00f1entes e desenvolve unha intensa actividade de concertos ao longo de todo o ano. O seu director \u00e9 o pontevedr\u00e9s <strong>Casiano Mouri\u00f1o Maquieira<\/strong>.<\/p>\n","protected":false},"excerpt":{"rendered":"<p>Charo Pita e a Banda Municipal de Santiago musican \u2018O gato con botas\u2019 \u00b7\u00a0\u00a0\u00a0\u00a0\u00a0\u00a0 O espect\u00e1culo forma parte da programaci\u00f3n do Festival Atl\u00e1ntica e ser\u00e1 este domingo, 6 de decembro, [&hellip;]<\/p>\n","protected":false},"author":1,"featured_media":0,"comment_status":"open","ping_status":"open","sticky":false,"template":"","format":"standard","meta":{"_et_pb_use_builder":"off","_et_pb_old_content":"","_et_gb_content_width":"","_jetpack_memberships_contains_paid_content":false,"footnotes":""},"categories":[23,7,129,6,1],"tags":[737,709,629,738],"class_list":["post-7516","post","type-post","status-publish","format-standard","hentry","category-autoresas","category-creacion","category-literaria","category-novas","category-xeral","tag-banda-municipal-de-santiago","tag-charo-pita","tag-festival-atlantica","tag-o-gato-con-botas"],"jetpack_featured_media_url":"","jetpack_sharing_enabled":true,"_links":{"self":[{"href":"http:\/\/culturaliagz.com\/index.php?rest_route=\/wp\/v2\/posts\/7516","targetHints":{"allow":["GET"]}}],"collection":[{"href":"http:\/\/culturaliagz.com\/index.php?rest_route=\/wp\/v2\/posts"}],"about":[{"href":"http:\/\/culturaliagz.com\/index.php?rest_route=\/wp\/v2\/types\/post"}],"author":[{"embeddable":true,"href":"http:\/\/culturaliagz.com\/index.php?rest_route=\/wp\/v2\/users\/1"}],"replies":[{"embeddable":true,"href":"http:\/\/culturaliagz.com\/index.php?rest_route=%2Fwp%2Fv2%2Fcomments&post=7516"}],"version-history":[{"count":2,"href":"http:\/\/culturaliagz.com\/index.php?rest_route=\/wp\/v2\/posts\/7516\/revisions"}],"predecessor-version":[{"id":7526,"href":"http:\/\/culturaliagz.com\/index.php?rest_route=\/wp\/v2\/posts\/7516\/revisions\/7526"}],"wp:attachment":[{"href":"http:\/\/culturaliagz.com\/index.php?rest_route=%2Fwp%2Fv2%2Fmedia&parent=7516"}],"wp:term":[{"taxonomy":"category","embeddable":true,"href":"http:\/\/culturaliagz.com\/index.php?rest_route=%2Fwp%2Fv2%2Fcategories&post=7516"},{"taxonomy":"post_tag","embeddable":true,"href":"http:\/\/culturaliagz.com\/index.php?rest_route=%2Fwp%2Fv2%2Ftags&post=7516"}],"curies":[{"name":"wp","href":"https:\/\/api.w.org\/{rel}","templated":true}]}}