{"id":7502,"date":"2020-11-28T19:53:41","date_gmt":"2020-11-28T18:53:41","guid":{"rendered":"http:\/\/culturaliagz.com\/?p=7502"},"modified":"2020-11-28T19:53:44","modified_gmt":"2020-11-28T18:53:44","slug":"comunicado-do-iescha-ofrenda-floral-irmandades-da-fala-xornadas-lingua-e-identidade","status":"publish","type":"post","link":"http:\/\/culturaliagz.com\/?p=7502","title":{"rendered":"Comunicado do IESCHA.- Ofrenda floral Irmandades da Fala. Xornadas Lingua e identidade"},"content":{"rendered":"\n<figure class=\"wp-block-gallery columns-2 is-cropped wp-block-gallery-1 is-layout-flex wp-block-gallery-is-layout-flex\"><ul class=\"blocks-gallery-grid\"><li class=\"blocks-gallery-item\"><figure><a href=\"http:\/\/culturaliagz.com\/wp-content\/uploads\/2020\/11\/OFRENDA-FLORAL-1.jpg\"><img loading=\"lazy\" decoding=\"async\" width=\"768\" height=\"1024\" src=\"http:\/\/culturaliagz.com\/wp-content\/uploads\/2020\/11\/OFRENDA-FLORAL-1-768x1024.jpg\" alt=\"\" data-id=\"7503\" data-full-url=\"http:\/\/culturaliagz.com\/wp-content\/uploads\/2020\/11\/OFRENDA-FLORAL-1.jpg\" data-link=\"http:\/\/culturaliagz.com\/?attachment_id=7503\" class=\"wp-image-7503\"\/><\/a><\/figure><\/li><li class=\"blocks-gallery-item\"><figure><a href=\"http:\/\/culturaliagz.com\/wp-content\/uploads\/2020\/11\/OFRENDA-FLORAL-2.jpg\"><img loading=\"lazy\" decoding=\"async\" width=\"768\" height=\"1024\" src=\"http:\/\/culturaliagz.com\/wp-content\/uploads\/2020\/11\/OFRENDA-FLORAL-2-768x1024.jpg\" alt=\"\" data-id=\"7504\" data-full-url=\"http:\/\/culturaliagz.com\/wp-content\/uploads\/2020\/11\/OFRENDA-FLORAL-2.jpg\" data-link=\"http:\/\/culturaliagz.com\/?attachment_id=7504\" class=\"wp-image-7504\"\/><\/a><\/figure><\/li><li class=\"blocks-gallery-item\"><figure><a href=\"http:\/\/culturaliagz.com\/wp-content\/uploads\/2020\/11\/OFRENDA-FLORAL-3.jpg\"><img loading=\"lazy\" decoding=\"async\" width=\"768\" height=\"1024\" src=\"http:\/\/culturaliagz.com\/wp-content\/uploads\/2020\/11\/OFRENDA-FLORAL-3-768x1024.jpg\" alt=\"\" data-id=\"7505\" data-full-url=\"http:\/\/culturaliagz.com\/wp-content\/uploads\/2020\/11\/OFRENDA-FLORAL-3.jpg\" data-link=\"http:\/\/culturaliagz.com\/?attachment_id=7505\" class=\"wp-image-7505\"\/><\/a><\/figure><\/li><\/ul><\/figure>\n\n\n\n<p><strong>OFRENDA FLORAL IRMANDADES-XORNADAS LINGUA E IDENTIDADE<\/strong><\/p>\n\n\n\n<p>Este ano, debido \u00e1 situaci\u00f3n sanitaria motivada pola pandemia, non se pudieron levar a cabo as <strong>Xornadas<\/strong> que dende hai tres anos organizan o <strong><a href=\"https:\/\/estudoschairegos.wixsite.com\/iescha\" target=\"_blank\" rel=\"noreferrer noopener\">Instituto de Estudos Chairegos<\/a>, <\/strong>o <strong><a href=\"https:\/\/www.vilalba.gal\/\" target=\"_blank\" rel=\"noreferrer noopener\">Concello de Vilalba<\/a> <\/strong>e o<strong> <a href=\"http:\/\/consellodacultura.gal\/\" target=\"_blank\" rel=\"noreferrer noopener\">Consello da Cultura Galega<\/a><\/strong>. Todo estaba preparado para este fin de semana. A tem\u00e1tica das mesmas \u00eda ser sobre lingua e identidade. Ao final, polos motivos mencionados, houbo que adialas. Agardamos poder levalas a cabo m\u00e1is adiante, cando a situaci\u00f3n as\u00ed o permita.<\/p>\n\n\n\n<p>Non obstante, quixemos manter a tradici\u00f3n de realizar a ofrenda floral diante do monolito situado ao car\u00f3n do Parador de Vilalba colocado con ocasi\u00f3n do <strong>Centenario<\/strong> da creaci\u00f3n das <strong>Irmandades da Fala <\/strong>e que rende homenaxe aos membros do <strong>grupo da Irmandade formado na nosa vila.<\/strong> Por esa raz\u00f3n, a presidenta do <strong>I<\/strong>ESCHA, <strong>Marisa Barreiro<\/strong>, en representaci\u00f3n das tres entidades organizadoras, depositou este s\u00e1bado pola ma\u00f1\u00e1 un ramo de rosas ao p\u00e9 do monolito, tal como se pode apreciar nas fotograf\u00eda que se adxuntan.<\/p>\n","protected":false},"excerpt":{"rendered":"<p>OFRENDA FLORAL IRMANDADES-XORNADAS LINGUA E IDENTIDADE Este ano, debido \u00e1 situaci\u00f3n sanitaria motivada pola pandemia, non se pudieron levar a cabo as Xornadas que dende hai tres anos organizan o [&hellip;]<\/p>\n","protected":false},"author":1,"featured_media":0,"comment_status":"open","ping_status":"open","sticky":false,"template":"","format":"standard","meta":{"_et_pb_use_builder":"off","_et_pb_old_content":"","_et_gb_content_width":"","_jetpack_memberships_contains_paid_content":false,"footnotes":""},"categories":[23,7,6,1],"tags":[30,562,234,733],"class_list":["post-7502","post","type-post","status-publish","format-standard","hentry","category-autoresas","category-creacion","category-novas","category-xeral","tag-concello-de-vilalba","tag-consello-da-cultura-galega","tag-iescha","tag-irmandades-da-fala"],"jetpack_featured_media_url":"","jetpack_sharing_enabled":true,"_links":{"self":[{"href":"http:\/\/culturaliagz.com\/index.php?rest_route=\/wp\/v2\/posts\/7502","targetHints":{"allow":["GET"]}}],"collection":[{"href":"http:\/\/culturaliagz.com\/index.php?rest_route=\/wp\/v2\/posts"}],"about":[{"href":"http:\/\/culturaliagz.com\/index.php?rest_route=\/wp\/v2\/types\/post"}],"author":[{"embeddable":true,"href":"http:\/\/culturaliagz.com\/index.php?rest_route=\/wp\/v2\/users\/1"}],"replies":[{"embeddable":true,"href":"http:\/\/culturaliagz.com\/index.php?rest_route=%2Fwp%2Fv2%2Fcomments&post=7502"}],"version-history":[{"count":1,"href":"http:\/\/culturaliagz.com\/index.php?rest_route=\/wp\/v2\/posts\/7502\/revisions"}],"predecessor-version":[{"id":7506,"href":"http:\/\/culturaliagz.com\/index.php?rest_route=\/wp\/v2\/posts\/7502\/revisions\/7506"}],"wp:attachment":[{"href":"http:\/\/culturaliagz.com\/index.php?rest_route=%2Fwp%2Fv2%2Fmedia&parent=7502"}],"wp:term":[{"taxonomy":"category","embeddable":true,"href":"http:\/\/culturaliagz.com\/index.php?rest_route=%2Fwp%2Fv2%2Fcategories&post=7502"},{"taxonomy":"post_tag","embeddable":true,"href":"http:\/\/culturaliagz.com\/index.php?rest_route=%2Fwp%2Fv2%2Ftags&post=7502"}],"curies":[{"name":"wp","href":"https:\/\/api.w.org\/{rel}","templated":true}]}}