{"id":7491,"date":"2020-11-24T23:18:16","date_gmt":"2020-11-24T22:18:16","guid":{"rendered":"http:\/\/culturaliagz.com\/?p=7491"},"modified":"2020-11-24T23:18:18","modified_gmt":"2020-11-24T22:18:18","slug":"rede-do-patrimonio-cultural-conferencia-campesinas-e-loitadoras-unha-vision-dende-a-arqueoloxia-de-xenero-o-xoves-26-de-novembro","status":"publish","type":"post","link":"http:\/\/culturaliagz.com\/?p=7491","title":{"rendered":"Rede do Patrimonio Cultural.- Conferencia \u201cCampesi\u00f1as e loitadoras. Unha visi\u00f3n dende a Arqueolox\u00eda de X\u00e9nero\u201d, o xoves 26 de novembro"},"content":{"rendered":"\n<div class=\"wp-block-image\"><figure class=\"aligncenter size-large\"><a href=\"http:\/\/culturaliagz.com\/wp-content\/uploads\/2020\/11\/CELTIA.jpg\" target=\"_blank\" rel=\"noopener noreferrer\"><img loading=\"lazy\" decoding=\"async\" width=\"1024\" height=\"574\" src=\"http:\/\/culturaliagz.com\/wp-content\/uploads\/2020\/11\/CELTIA-1024x574.jpg\" alt=\"\" class=\"wp-image-7492\" srcset=\"http:\/\/culturaliagz.com\/wp-content\/uploads\/2020\/11\/CELTIA-980x549.jpg 980w, http:\/\/culturaliagz.com\/wp-content\/uploads\/2020\/11\/CELTIA-480x269.jpg 480w\" sizes=\"auto, (min-width: 0px) and (max-width: 480px) 480px, (min-width: 481px) and (max-width: 980px) 980px, (min-width: 981px) 1024px, 100vw\" \/><\/a><\/figure><\/div>\n\n\n\n<p><\/p>\n\n\n\n<p><strong><em>Finaliza o ciclo de conferencias do mes do Patrimonio\u00a0\u00a0coa presenza da arque\u00f3loga Celtia Rodr\u00edguez Gonzales<\/em><\/strong><\/p>\n\n\n\n<p>Unha das correntes te\u00f3ricas que est\u00e1 a mudar o pensamento tradicional do pasado son os estudos de x\u00e9nero en arqueolox\u00eda, que dende hai m\u00e1is de 20 anos est\u00e1n desenvolvendo novas formas de achegarnos ao pasado dende un punto de vista inclusivo. Desta maneira, a nosa palestra tratar\u00e1 de ver como a trav\u00e9s dunhas teor\u00edas e metodolox\u00edas arqueol\u00f3xicas seremos capaces de entender o pasado a trav\u00e9s desta nova mirada. Para iso, o que propo\u00f1emos \u00e9 unha interpretaci\u00f3n da materialidade en dous lugares cronoloxicamente distintos, pero que a trav\u00e9s dos restos asociados, e das fontes das que dispo\u00f1emos, podemos entender o pasado dende esta perspectiva. Estes lugares sit\u00faanse na comarca de Valdeorras e son o asentamento tardoantigo de O Castelo (Valencia do Sil, Vilamart\u00edn de Valdeorras) e La Ciudad de la Selva en Casaio.&nbsp;<\/p>\n\n\n\n<p><strong><em>Celtia Rodr\u00edguez Gonz\u00e1lez<\/em><\/strong><\/p>\n\n\n\n<p>Graduada en Historia pola Universidade de Murcia (2015), realiza os estudos de mestrado en Arqueolox\u00eda na Universidade de Granada (2016). Actualmente, est\u00e1 levando a cabo o seu proxecto de tese de doutoramento \u201cArqueolog\u00eda de G\u00e9nero en Galicia. Un estudio de las relaciones de g\u00e9nero y las Actividades de Mantenimiento en la transici\u00f3n de la Tardoantig\u00fcedad al mundo Alto Medieval\u201d na USC. As s\u00faas principais li\u00f1as de investigaci\u00f3n c\u00e9ntranse nos estudos de mulleres e de x\u00e9nero en Galicia a trav\u00e9s da arqueolox\u00eda dos s\u00e9culos IV-VI d.C.<\/p>\n\n\n\n<p>Dende o ano 2017 forma parte do grupo de investigaci\u00f3n Sputnik Labrego, onde coordina as tarefas relacionadas coa s\u00faa especialidade. Organizadora do Congreso IXAP do 2019 (I Xornadas de x\u00e9nero arqueolox\u00eda e Patrimonio de Galicia) e do congreso internacional das JIA19 (Jornadas de J\u00f3venes Investigadores en Arqueolog\u00eda de 2019). Ten co-dirixido escavaci\u00f3ns arqueol\u00f3xicas no asentamento de O Castelo en Valencia do Sil (Vilamart\u00edn de Valdeorras). Conta con varias publicaci\u00f3ns en diferentes revistas cient\u00edficas relacionadas co per\u00edodo de transici\u00f3n entre a final do Imperio Romano e a Alta Idade Media de Galicia.&nbsp;<\/p>\n\n\n\n<p>Toda esta labor investigadora compatibil\u00edzase co seu traballo como arque\u00f3loga profesional en diferentes empresas galegas dende o 2018. Un exemplo ser\u00eda o seu traballo para \u00c1rbore, s. coop. Galega; Estela, Arqueolox\u00eda e Patrimonio; ou Tempos Arque\u00f3logos.<\/p>\n\n\n\n<p>Para ver a conferencia<\/p>\n\n\n\n<p>Facebook da RPC :&nbsp;<a href=\"https:\/\/www.facebook.com\/rededopatrimoniocultural\" target=\"_blank\" rel=\"noreferrer noopener\">https:\/\/www.facebook.com\/rededopatrimoniocultural<\/a><\/p>\n\n\n\n<p>En Youtube: ACPL Roxin Roxal&nbsp;<a href=\"https:\/\/www.youtube.com\/channel\/UCGctq4mJw3TgoCfYv8gWT-A\" target=\"_blank\" rel=\"noreferrer noopener\">https:\/\/www.youtube.com\/channel\/UCGctq4mJw3TgoCfYv8gWT-A<\/a><\/p>\n","protected":false},"excerpt":{"rendered":"<p>Finaliza o ciclo de conferencias do mes do Patrimonio\u00a0\u00a0coa presenza da arque\u00f3loga Celtia Rodr\u00edguez Gonzales Unha das correntes te\u00f3ricas que est\u00e1 a mudar o pensamento tradicional do pasado son os [&hellip;]<\/p>\n","protected":false},"author":1,"featured_media":0,"comment_status":"open","ping_status":"open","sticky":false,"template":"","format":"standard","meta":{"_et_pb_use_builder":"off","_et_pb_old_content":"","_et_gb_content_width":"","_jetpack_memberships_contains_paid_content":false,"footnotes":""},"categories":[23,7,6,1],"tags":[731,730,713],"class_list":["post-7491","post","type-post","status-publish","format-standard","hentry","category-autoresas","category-creacion","category-novas","category-xeral","tag-campesinas-e-loitadoras-unha-vision-desde-a-arqueoloxia-de-xenero","tag-celtia-rodriguez","tag-rede-do-patrimonio-cultural"],"jetpack_featured_media_url":"","jetpack_sharing_enabled":true,"_links":{"self":[{"href":"http:\/\/culturaliagz.com\/index.php?rest_route=\/wp\/v2\/posts\/7491","targetHints":{"allow":["GET"]}}],"collection":[{"href":"http:\/\/culturaliagz.com\/index.php?rest_route=\/wp\/v2\/posts"}],"about":[{"href":"http:\/\/culturaliagz.com\/index.php?rest_route=\/wp\/v2\/types\/post"}],"author":[{"embeddable":true,"href":"http:\/\/culturaliagz.com\/index.php?rest_route=\/wp\/v2\/users\/1"}],"replies":[{"embeddable":true,"href":"http:\/\/culturaliagz.com\/index.php?rest_route=%2Fwp%2Fv2%2Fcomments&post=7491"}],"version-history":[{"count":1,"href":"http:\/\/culturaliagz.com\/index.php?rest_route=\/wp\/v2\/posts\/7491\/revisions"}],"predecessor-version":[{"id":7493,"href":"http:\/\/culturaliagz.com\/index.php?rest_route=\/wp\/v2\/posts\/7491\/revisions\/7493"}],"wp:attachment":[{"href":"http:\/\/culturaliagz.com\/index.php?rest_route=%2Fwp%2Fv2%2Fmedia&parent=7491"}],"wp:term":[{"taxonomy":"category","embeddable":true,"href":"http:\/\/culturaliagz.com\/index.php?rest_route=%2Fwp%2Fv2%2Fcategories&post=7491"},{"taxonomy":"post_tag","embeddable":true,"href":"http:\/\/culturaliagz.com\/index.php?rest_route=%2Fwp%2Fv2%2Ftags&post=7491"}],"curies":[{"name":"wp","href":"https:\/\/api.w.org\/{rel}","templated":true}]}}