{"id":7486,"date":"2020-11-22T19:13:01","date_gmt":"2020-11-22T18:13:01","guid":{"rendered":"http:\/\/culturaliagz.com\/?p=7486"},"modified":"2020-11-22T19:25:40","modified_gmt":"2020-11-22T18:25:40","slug":"concerto-de-ugia-pedreira-o-sabado-28-de-novembro-na-casa-museo-manuel-maria","status":"publish","type":"post","link":"http:\/\/culturaliagz.com\/?p=7486","title":{"rendered":"Concerto de Ugja Pedreira, o s\u00e1bado 28 de novembro, na Casa-Museo Manuel Mar\u00eda"},"content":{"rendered":"\n<div class=\"wp-block-image\"><figure class=\"aligncenter size-large\"><a href=\"http:\/\/culturaliagz.com\/wp-content\/uploads\/2020\/11\/apedreira20_publicacion-3.jpg\" target=\"_blank\" rel=\"noopener noreferrer\"><img loading=\"lazy\" decoding=\"async\" width=\"999\" height=\"1024\" src=\"http:\/\/culturaliagz.com\/wp-content\/uploads\/2020\/11\/apedreira20_publicacion-3-999x1024.jpg\" alt=\"\" class=\"wp-image-7487\" srcset=\"http:\/\/culturaliagz.com\/wp-content\/uploads\/2020\/11\/apedreira20_publicacion-3-999x1024.jpg 999w, http:\/\/culturaliagz.com\/wp-content\/uploads\/2020\/11\/apedreira20_publicacion-3-980x1004.jpg 980w, http:\/\/culturaliagz.com\/wp-content\/uploads\/2020\/11\/apedreira20_publicacion-3-480x492.jpg 480w\" sizes=\"auto, (min-width: 0px) and (max-width: 480px) 480px, (min-width: 481px) and (max-width: 980px) 980px, (min-width: 981px) 999px, 100vw\" \/><\/a><\/figure><\/div>\n\n\n\n<p>Este s\u00e1bado, d\u00eda 28 de novembro, \u00e1s 19 h, na <a rel=\"noreferrer noopener\" href=\"http:\/\/www.casamuseomanuelmaria.gal\/portada.htm\" target=\"_blank\">Casa-Museo Manuel Mar\u00eda<\/a>,&nbsp;<em><strong><a href=\"http:\/\/www.casamuseomanuelmaria.gal\/actividades\/a-pedreira-en-concerto.htm?tipo=ACTIVIDADE\" target=\"_blank\" rel=\"noreferrer noopener\">A Pedreira<\/a><\/strong><\/em>&nbsp;en concerto. Nova proposta esc\u00e9nica da artista Ugia Pedreira. Guitarra en mao pasar\u00e1 por m\u00faltiples misturas sonoras, desde unha dama vintage do blues da galeguidade \u00e1 cantautora de numen folk americano, ou latinoamericano, unha rapera trad ou unha sofisticada pandereteira galega con reminiscencias africanas.<\/p>\n\n\n\n<p><em><a href=\"http:\/\/www.casamuseomanuelmaria.gal\/actividades\/a-pedreira-en-concerto.htm?tipo=ACTIVIDADE\" target=\"_blank\" rel=\"noreferrer noopener\">A Pedreira<\/a><\/em>&nbsp;\u00e9 o proxecto en solitario de Ugia (despois de 12 discos con diversas formaci\u00f3ns como Nordestinas, Marful, Chouteira&#8230;) e que contar\u00e1 este s\u00e1bado coa colaboraci\u00f3n do m\u00fasico bret\u00f3n Pierre-Yves Rougier.<\/p>\n\n\n\n<p>Aforo limitado. Billete: 5 euros. Imprescind\u00edbel facer reserva en&nbsp;<a href=\"mailto:contacto@casamuseomanuelmaria.gal\" target=\"_blank\" rel=\"noreferrer noopener\">contacto@casamuseomanuelmaria.gal<\/a>&nbsp;ou a trav\u00e9s do whatsaap 698177621<\/p>\n","protected":false},"excerpt":{"rendered":"<p>Este s\u00e1bado, d\u00eda 28 de novembro, \u00e1s 19 h, na Casa-Museo Manuel Mar\u00eda,&nbsp;A Pedreira&nbsp;en concerto. Nova proposta esc\u00e9nica da artista Ugia Pedreira. Guitarra en mao pasar\u00e1 por m\u00faltiples misturas sonoras, [&hellip;]<\/p>\n","protected":false},"author":1,"featured_media":0,"comment_status":"open","ping_status":"open","sticky":false,"template":"","format":"standard","meta":{"_et_pb_use_builder":"off","_et_pb_old_content":"","_et_gb_content_width":"","_jetpack_memberships_contains_paid_content":false,"footnotes":""},"categories":[23,7,6,57,1],"tags":[190,729],"class_list":["post-7486","post","type-post","status-publish","format-standard","hentry","category-autoresas","category-creacion","category-novas","category-outras-artes","category-xeral","tag-casa-museo-manuel-maria","tag-ugia-pedreira"],"jetpack_featured_media_url":"","jetpack_sharing_enabled":true,"_links":{"self":[{"href":"http:\/\/culturaliagz.com\/index.php?rest_route=\/wp\/v2\/posts\/7486","targetHints":{"allow":["GET"]}}],"collection":[{"href":"http:\/\/culturaliagz.com\/index.php?rest_route=\/wp\/v2\/posts"}],"about":[{"href":"http:\/\/culturaliagz.com\/index.php?rest_route=\/wp\/v2\/types\/post"}],"author":[{"embeddable":true,"href":"http:\/\/culturaliagz.com\/index.php?rest_route=\/wp\/v2\/users\/1"}],"replies":[{"embeddable":true,"href":"http:\/\/culturaliagz.com\/index.php?rest_route=%2Fwp%2Fv2%2Fcomments&post=7486"}],"version-history":[{"count":2,"href":"http:\/\/culturaliagz.com\/index.php?rest_route=\/wp\/v2\/posts\/7486\/revisions"}],"predecessor-version":[{"id":7489,"href":"http:\/\/culturaliagz.com\/index.php?rest_route=\/wp\/v2\/posts\/7486\/revisions\/7489"}],"wp:attachment":[{"href":"http:\/\/culturaliagz.com\/index.php?rest_route=%2Fwp%2Fv2%2Fmedia&parent=7486"}],"wp:term":[{"taxonomy":"category","embeddable":true,"href":"http:\/\/culturaliagz.com\/index.php?rest_route=%2Fwp%2Fv2%2Fcategories&post=7486"},{"taxonomy":"post_tag","embeddable":true,"href":"http:\/\/culturaliagz.com\/index.php?rest_route=%2Fwp%2Fv2%2Ftags&post=7486"}],"curies":[{"name":"wp","href":"https:\/\/api.w.org\/{rel}","templated":true}]}}