{"id":7484,"date":"2020-11-21T00:08:26","date_gmt":"2020-11-20T23:08:26","guid":{"rendered":"http:\/\/culturaliagz.com\/?p=7484"},"modified":"2020-11-21T00:08:29","modified_gmt":"2020-11-20T23:08:29","slug":"resolucion-ii-certame-manuel-maria-de-proxectos-teatrais","status":"publish","type":"post","link":"http:\/\/culturaliagz.com\/?p=7484","title":{"rendered":"RESOLUCI\u00d3N II CERTAME MANUEL MAR\u00cdA DE PROXECTOS TEATRAIS"},"content":{"rendered":"\n<figure class=\"wp-block-embed-youtube aligncenter wp-block-embed is-type-video is-provider-youtube wp-embed-aspect-16-9 wp-has-aspect-ratio\"><div class=\"wp-block-embed__wrapper\">\n<iframe loading=\"lazy\" title=\"RESOLUCI\u00d3N DO II CERTAME MANUEL MARIA DE PROXECTOS TEATRAIS\" width=\"1080\" height=\"608\" src=\"https:\/\/www.youtube.com\/embed\/ORtnsY_29nU?start=18&#038;feature=oembed\" frameborder=\"0\" allow=\"accelerometer; autoplay; clipboard-write; encrypted-media; gyroscope; picture-in-picture\" allowfullscreen><\/iframe>\n<\/div><\/figure>\n\n\n\n<p>Hoxe deuse a co\u00f1ecer publicamente a resoluci\u00f3n do <strong>II Certame Manuel Mar\u00eda de Proxectos Teatrais<\/strong> convocado pola Fundaci\u00f3n Manuel Mar\u00eda.<\/p>\n\n\n\n<p>Toda a informaci\u00f3n da resoluci\u00f3n no seguinte v\u00eddeo:\u00a0<a rel=\"noreferrer noopener\" href=\"https:\/\/www.youtube.com\/watch?v=ORtnsY_29nU&amp;t=18s\" target=\"_blank\">https:\/\/www.youtube.com\/watch?v=ORtnsY_29nU&amp;t=18s<\/a><\/p>\n\n\n\n<p><em>Fundaci\u00f3n Manuel Mar\u00eda de Estudos Galegos<\/em><\/p>\n","protected":false},"excerpt":{"rendered":"<p>Hoxe deuse a co\u00f1ecer publicamente a resoluci\u00f3n do II Certame Manuel Mar\u00eda de Proxectos Teatrais convocado pola Fundaci\u00f3n Manuel Mar\u00eda. Toda a informaci\u00f3n da resoluci\u00f3n no seguinte v\u00eddeo:\u00a0https:\/\/www.youtube.com\/watch?v=ORtnsY_29nU&amp;t=18s Fundaci\u00f3n Manuel [&hellip;]<\/p>\n","protected":false},"author":1,"featured_media":0,"comment_status":"open","ping_status":"open","sticky":false,"template":"","format":"standard","meta":{"_et_pb_use_builder":"off","_et_pb_old_content":"","_et_gb_content_width":"","_jetpack_memberships_contains_paid_content":false,"footnotes":""},"categories":[23,7,129,6,1],"tags":[728,727],"class_list":["post-7484","post","type-post","status-publish","format-standard","hentry","category-autoresas","category-creacion","category-literaria","category-novas","category-xeral","tag-fundacion-manuel-maria-de-estudos-galegos","tag-ii-certame-manuel-maria-de-proxectos-teatrais"],"jetpack_featured_media_url":"","jetpack_sharing_enabled":true,"_links":{"self":[{"href":"http:\/\/culturaliagz.com\/index.php?rest_route=\/wp\/v2\/posts\/7484","targetHints":{"allow":["GET"]}}],"collection":[{"href":"http:\/\/culturaliagz.com\/index.php?rest_route=\/wp\/v2\/posts"}],"about":[{"href":"http:\/\/culturaliagz.com\/index.php?rest_route=\/wp\/v2\/types\/post"}],"author":[{"embeddable":true,"href":"http:\/\/culturaliagz.com\/index.php?rest_route=\/wp\/v2\/users\/1"}],"replies":[{"embeddable":true,"href":"http:\/\/culturaliagz.com\/index.php?rest_route=%2Fwp%2Fv2%2Fcomments&post=7484"}],"version-history":[{"count":1,"href":"http:\/\/culturaliagz.com\/index.php?rest_route=\/wp\/v2\/posts\/7484\/revisions"}],"predecessor-version":[{"id":7485,"href":"http:\/\/culturaliagz.com\/index.php?rest_route=\/wp\/v2\/posts\/7484\/revisions\/7485"}],"wp:attachment":[{"href":"http:\/\/culturaliagz.com\/index.php?rest_route=%2Fwp%2Fv2%2Fmedia&parent=7484"}],"wp:term":[{"taxonomy":"category","embeddable":true,"href":"http:\/\/culturaliagz.com\/index.php?rest_route=%2Fwp%2Fv2%2Fcategories&post=7484"},{"taxonomy":"post_tag","embeddable":true,"href":"http:\/\/culturaliagz.com\/index.php?rest_route=%2Fwp%2Fv2%2Ftags&post=7484"}],"curies":[{"name":"wp","href":"https:\/\/api.w.org\/{rel}","templated":true}]}}