{"id":7479,"date":"2020-11-20T00:11:57","date_gmt":"2020-11-19T23:11:57","guid":{"rendered":"http:\/\/culturaliagz.com\/?p=7479"},"modified":"2020-11-20T00:12:00","modified_gmt":"2020-11-19T23:12:00","slug":"presentacion-do-libro-abril-de-luz-darriba-no-centro-cultural-o-vello-carcere-de-lugo","status":"publish","type":"post","link":"http:\/\/culturaliagz.com\/?p=7479","title":{"rendered":"Presentaci\u00f3n do libro ABRIL, de Luz Darriba, no Centro Cultural O Vello C\u00e1rcere de Lugo"},"content":{"rendered":"\n<div class=\"wp-block-image\"><figure class=\"aligncenter size-large\"><a href=\"http:\/\/culturaliagz.com\/wp-content\/uploads\/2020\/11\/ABRIL-LUZ-DARRIBA.jpg\"><img loading=\"lazy\" decoding=\"async\" width=\"1024\" height=\"1024\" src=\"http:\/\/culturaliagz.com\/wp-content\/uploads\/2020\/11\/ABRIL-LUZ-DARRIBA-1024x1024.jpg\" alt=\"\" class=\"wp-image-7480\" srcset=\"http:\/\/culturaliagz.com\/wp-content\/uploads\/2020\/11\/ABRIL-LUZ-DARRIBA-980x980.jpg 980w, http:\/\/culturaliagz.com\/wp-content\/uploads\/2020\/11\/ABRIL-LUZ-DARRIBA-480x480.jpg 480w\" sizes=\"auto, (min-width: 0px) and (max-width: 480px) 480px, (min-width: 481px) and (max-width: 980px) 980px, (min-width: 981px) 1024px, 100vw\" \/><\/a><\/figure><\/div>\n\n\n\n<p><\/p>\n\n\n\n<p>O xoves 26 de novembro, \u00e1s 20 horas no <a rel=\"noreferrer noopener\" href=\"http:\/\/concellodelugo.gal\/es\/localizaciones\/centro-cultural-o-vello-carcere\" target=\"_blank\">Centro Cultural O Vello C\u00e1rcere <\/a>de Lugo, celebrarase a presentaci\u00f3n do libro <strong><a href=\"https:\/\/belaguaediciones.com\/narrativa-en-galego\/75-abril.html\" target=\"_blank\" rel=\"noreferrer noopener\">ABRIL<\/a><\/strong>, do que \u00e9 autora a artista multidisciplinar <a rel=\"noreferrer noopener\" href=\"http:\/\/luzdarriba.es\/\" target=\"_blank\">Luz Darriba<\/a>. O acto de presentaci\u00f3n est\u00e1 organizado pola <a href=\"https:\/\/belaguaediciones.com\/\" target=\"_blank\" rel=\"noreferrer noopener\">Editorial Belagua<\/a> e a <a href=\"https:\/\/www.libreriatrama.com\/es\/\" target=\"_blank\" rel=\"noreferrer noopener\">Librar\u00eda Trama,<\/a> e nel participar\u00e1n, ademais da autora do libro, a tam\u00e9n escritora <a rel=\"noreferrer noopener\" href=\"https:\/\/www.aelg.gal\/centro-documentacion\/autores-as\/marica-campo\" target=\"_blank\">Marica Campo<\/a>.<\/p>\n\n\n\n<p>Debido as restrici\u00f3ns establecidas pola pandemia da COVID-19, haber\u00e1 limitaci\u00f3n da capacidade a trinta persoas como m\u00e1ximo.<\/p>\n","protected":false},"excerpt":{"rendered":"<p>O xoves 26 de novembro, \u00e1s 20 horas no Centro Cultural O Vello C\u00e1rcere de Lugo, celebrarase a presentaci\u00f3n do libro ABRIL, do que \u00e9 autora a artista multidisciplinar Luz [&hellip;]<\/p>\n","protected":false},"author":1,"featured_media":0,"comment_status":"open","ping_status":"open","sticky":false,"template":"","format":"standard","meta":{"_et_pb_use_builder":"off","_et_pb_old_content":"","_et_gb_content_width":"","_jetpack_memberships_contains_paid_content":false,"footnotes":""},"categories":[23,7,129,6,1],"tags":[722,725,724,723,720,721],"class_list":["post-7479","post","type-post","status-publish","format-standard","hentry","category-autoresas","category-creacion","category-literaria","category-novas","category-xeral","tag-abril","tag-centro-cultural-vello-carcere","tag-editorial-belagua","tag-libraria-trama","tag-luz-darriba","tag-marica-campo"],"jetpack_featured_media_url":"","jetpack_sharing_enabled":true,"_links":{"self":[{"href":"http:\/\/culturaliagz.com\/index.php?rest_route=\/wp\/v2\/posts\/7479","targetHints":{"allow":["GET"]}}],"collection":[{"href":"http:\/\/culturaliagz.com\/index.php?rest_route=\/wp\/v2\/posts"}],"about":[{"href":"http:\/\/culturaliagz.com\/index.php?rest_route=\/wp\/v2\/types\/post"}],"author":[{"embeddable":true,"href":"http:\/\/culturaliagz.com\/index.php?rest_route=\/wp\/v2\/users\/1"}],"replies":[{"embeddable":true,"href":"http:\/\/culturaliagz.com\/index.php?rest_route=%2Fwp%2Fv2%2Fcomments&post=7479"}],"version-history":[{"count":1,"href":"http:\/\/culturaliagz.com\/index.php?rest_route=\/wp\/v2\/posts\/7479\/revisions"}],"predecessor-version":[{"id":7481,"href":"http:\/\/culturaliagz.com\/index.php?rest_route=\/wp\/v2\/posts\/7479\/revisions\/7481"}],"wp:attachment":[{"href":"http:\/\/culturaliagz.com\/index.php?rest_route=%2Fwp%2Fv2%2Fmedia&parent=7479"}],"wp:term":[{"taxonomy":"category","embeddable":true,"href":"http:\/\/culturaliagz.com\/index.php?rest_route=%2Fwp%2Fv2%2Fcategories&post=7479"},{"taxonomy":"post_tag","embeddable":true,"href":"http:\/\/culturaliagz.com\/index.php?rest_route=%2Fwp%2Fv2%2Ftags&post=7479"}],"curies":[{"name":"wp","href":"https:\/\/api.w.org\/{rel}","templated":true}]}}