{"id":7474,"date":"2020-11-19T16:33:42","date_gmt":"2020-11-19T15:33:42","guid":{"rendered":"http:\/\/culturaliagz.com\/?p=7474"},"modified":"2020-11-19T16:33:45","modified_gmt":"2020-11-19T15:33:45","slug":"aelg-v-xornada-da-seccion-de-literatura-dramatica-as-artes-escenicas-e-as-suas-literaturas-ante-crises-e-pandemias","status":"publish","type":"post","link":"http:\/\/culturaliagz.com\/?p=7474","title":{"rendered":"AELG. V Xornada da Secci\u00f3n de Literatura Dram\u00e1tica. As artes esc\u00e9nicas e as s\u00faas literaturas ante crises e pandemias"},"content":{"rendered":"\n<figure class=\"wp-block-gallery columns-2 is-cropped wp-block-gallery-1 is-layout-flex wp-block-gallery-is-layout-flex\"><ul class=\"blocks-gallery-grid\"><li class=\"blocks-gallery-item\"><figure><a href=\"http:\/\/culturaliagz.com\/wp-content\/uploads\/2020\/11\/2020_Xorn_Lit_Dram-635x1024.png\"><img loading=\"lazy\" decoding=\"async\" width=\"635\" height=\"1024\" src=\"http:\/\/culturaliagz.com\/wp-content\/uploads\/2020\/11\/2020_Xorn_Lit_Dram-635x1024.png\" alt=\"\" data-id=\"7476\" data-link=\"http:\/\/culturaliagz.com\/?attachment_id=7476\" class=\"wp-image-7476\"\/><\/a><\/figure><\/li><li class=\"blocks-gallery-item\"><figure><a href=\"http:\/\/culturaliagz.com\/wp-content\/uploads\/2020\/11\/2020_Literatura_Dramatica_2020-11-21-1.png\"><img loading=\"lazy\" decoding=\"async\" width=\"635\" height=\"1024\" src=\"http:\/\/culturaliagz.com\/wp-content\/uploads\/2020\/11\/2020_Literatura_Dramatica_2020-11-21-1-635x1024.png\" alt=\"\" data-id=\"7477\" data-full-url=\"http:\/\/culturaliagz.com\/wp-content\/uploads\/2020\/11\/2020_Literatura_Dramatica_2020-11-21-1.png\" data-link=\"http:\/\/culturaliagz.com\/?attachment_id=7477\" class=\"wp-image-7477\"\/><\/a><\/figure><\/li><\/ul><\/figure>\n\n\n\n<p>O 20 e 21 de novembro ter\u00e1 lugar a <a rel=\"noreferrer noopener\" href=\"https:\/\/www.aelg.gal\/actividades\/xornadas-da-seccion-de-literatura-dramatica\/2020\/11\/20\/v-xornada-da-seccion-de-literatura-dramatica-as-artes-escenicas-e-as-suas-literaturas-ante-crises-e-pandemias\" target=\"_blank\">V Xornada da Secci\u00f3n de Literatura Dram\u00e1tica. As artes esc\u00e9nicas e as s\u00faas literaturas ante crises e pandemias<\/a>, actividade organizada pola <a href=\"https:\/\/www.aelg.gal\/\" target=\"_blank\" rel=\"noreferrer noopener\">AELG<\/a>, co patrocinio co patrocinio do Concello da Coru\u00f1a, Deputaci\u00f3n Provincial da Coru\u00f1a e CEDRO, e a colaboraci\u00f3n da Universidade da Coru\u00f1a.<\/p>\n\n\n\n<p>Esta edici\u00f3n, debido \u00e1s restrici\u00f3ns sanitarias provocadas pola Covid-19, ter\u00e1 un formato virtual, retransmit\u00edndose en directo pola canle de Youtube da AELG, <a href=\"https:\/\/www.youtube.com\/channel\/UCY0he9M8FU52uV21SKVeBew\" target=\"_blank\" rel=\"noreferrer noopener\">nesta ligaz\u00f3n<\/a>.<\/p>\n\n\n\n<p>O programa \u00e9 o seguinte:<\/p>\n\n\n\n<p><strong>SEXTA FEIRA, VENRES, 20 DE NOVEMBRO<\/strong><\/p>\n\n\n\n<p>Emisi\u00f3n en directo desde a <a href=\"https:\/\/www.youtube.com\/channel\/UCY0he9M8FU52uV21SKVeBew\" target=\"_blank\" rel=\"noreferrer noopener\">canle de Youtube da AELG<\/a>.<\/p>\n\n\n\n<p>&#8211; 16:30 Apertura da IV Xornada.<\/p>\n\n\n\n<p>&#8211; 16:45 Mesa redonda As literaturas para teatro e danza fronte \u00e1s crises.<\/p>\n\n\n\n<p>Presentaci\u00f3n e moderaci\u00f3n: Afonso Becerra.<\/p>\n\n\n\n<p>Interve\u00f1en: Branca Novoneyra e AveLina P\u00e9rez.<\/p>\n\n\n\n<p>&#8211; 17:50 Mesa redonda A cultura \u00e9 un ben necesario en tempos de crise?\u200b<\/p>\n\n\n\n<p>Presentaci\u00f3n e moderaci\u00f3n: Cilha Louren\u00e7o M\u00f3dia.<\/p>\n\n\n\n<p>Interve\u00f1en: Mercedes Queixas e Mercedes Ros\u00f3n.<\/p>\n\n\n\n<p>&#8211; 19:15 Aula maxistral a cargo de Mickael de Oliveira. Dramaturgo e Director art\u00edstico do END, Festival Encontros de Novas Dramaturgias de Portugal. Presentaci\u00f3n a cargo de Afonso Becerra.<\/p>\n\n\n\n<p><strong>S\u00c1BADO 21 DE NOVEMBRO<\/strong><\/p>\n\n\n\n<p>Desde a&nbsp;<a href=\"https:\/\/www.youtube.com\/channel\/UCY0he9M8FU52uV21SKVeBew\" target=\"_blank\" rel=\"noreferrer noopener\">canle de Youtube da AELG<\/a>.<\/p>\n\n\n\n<p><strong>Entre as 09:55 e as 13:30.<\/strong><\/p>\n\n\n\n<p><em><strong>III&nbsp;Festival Pezas dun teatro do porvir, Galiza + Portugal. Procesos abertos de escrita dram\u00e1tica<\/strong><\/em><strong>.<\/strong><\/p>\n\n\n\n<p>Convocatoria aberta a 7 proxectos de escrita dram\u00e1tica ou dramaturxia, para teatro, danza, circo ou outras modalidades esc\u00e9nicas, individuais ou colectivos, de dramaturgas\/os que estean a escribir algunha peza nova ou que te\u00f1an unha peza recente e queiran abrila ao p\u00fablico, achegando un fragmento ou unha mostra desta. 4 proxectos de Galiza e 3 proxectos de Portugal.<\/p>\n\n\n\n<p>Este festival consta dunha exposici\u00f3n ou mostra dun fragmento da peza ou da peza enteira, no caso de ser breve, dentro dunha duraci\u00f3n m\u00e1xima de 15 minutos. Xusto despois, haber\u00e1 un tempo complementario para un breve debate ou conversa ao seu respecto, dentro dunha duraci\u00f3n m\u00e1xima 15 minutos.<\/p>\n\n\n\n<p>Neste 2020, o formato ser\u00e1 virtual, polo que se publicar\u00e1n previamente uns v\u00eddeos de cada proposta das\/os dramaturgas\/os ou equipas de dramaturxia na canle de Youtube da AELG. O propio d\u00eda 21, nas franxas horarias que sinalamos a continuaci\u00f3n, retransmitirase cada v\u00eddeo e haber\u00e1 unha conversa por videoconferencia duns 15 minutos cos\/as autores\/as, onde se lle trasladar\u00e1n os comentarios m\u00e1is relevantes publicados previamente na <a href=\"https:\/\/www.youtube.com\/results?search_query=iii+festival+pezas+dun+teatro+do+porvir+aelg\" target=\"_blank\" rel=\"noreferrer noopener\"><strong>canle<\/strong><\/a>. Deste xeito, b\u00fascase co\u00f1ecer a reacci\u00f3n do p\u00fablico, nun di\u00e1logo que, quizais, poida servir para enriquecer, por parte da\/o dramaturga\/o ou equipa de dramaturxia, o acabamento desas pezas en proceso. <strong>Neste sentido, anim\u00e1vosvos a que comentedes as vosas opini\u00f3ns na propia <a href=\"https:\/\/www.youtube.com\/results?search_query=iii+festival+pezas+dun+teatro+do+porvir+aelg\" target=\"_blank\" rel=\"noreferrer noopener\">canle de Youtube<\/a>, de cara a facilitar e contribu\u00edr a que&nbsp;o seu proceso de creaci\u00f3n poida abrirse \u00e1s vosas ideas, pensamentos e perspectivas<\/strong>.<\/p>\n\n\n\n<p>Estas son as pezas escollidas, e os horarios en que ter\u00e1 lugar o visionado dos v\u00eddeos enviados previamente e a conversa posterior, sempre o d\u00eda 21 de novembro na canle de Youtube da AELG:<\/p>\n\n\n\n<p>&#8211; De 09:55 a 10:00 h. Breve presentaci\u00f3n do Festival de Pezas 2020.<\/p>\n\n\n\n<p>&#8211; De 10:00 a 10:30 h. <em>Mudras familiares<\/em>. Borja Fern\u00e1ndez.<\/p>\n\n\n\n<p>&#8211; De 10:30 a 11:00 h. <em>Mulleres que bailan na n\u00e9boa<\/em>. Ana Abad de Larriva.<\/p>\n\n\n\n<p>&#8211; De 11:00 a 11:30 h. <em>Museo-viveiro<\/em>. Helena Salgueiro.<\/p>\n\n\n\n<p>&#8211; De 11:30 a 12:00 h. <em>Vendo Opel Corsa<\/em>. Porn\u00f3s Teatro: Alba P\u00e9rez, Carlota Mosquera, Lucas Sim\u00f3n, Lydia Prada, Noelia Gonz\u00e1lez, Ux\u00eda Algarra e&nbsp;Yago Dur\u00e1n.<\/p>\n\n\n\n<p>&#8211; De 12:00 a 12:30 h.&nbsp;<em>Anti-Benjamin<\/em>. Ricardo Caba\u00e7a.<\/p>\n\n\n\n<p>&#8211; De 12:30 a 13:00 h. <em>Declara\u00e7\u00e3o de Amor<\/em>. Isabel Milhanas Machado.<\/p>\n\n\n\n<p>&#8211; De 13:00 a 13:30 h. <em>DIY<\/em>. Projeto Casa: C\u00e1tia Fa\u00edsco.<\/p>\n","protected":false},"excerpt":{"rendered":"<p>O 20 e 21 de novembro ter\u00e1 lugar a V Xornada da Secci\u00f3n de Literatura Dram\u00e1tica. As artes esc\u00e9nicas e as s\u00faas literaturas ante crises e pandemias, actividade organizada pola [&hellip;]<\/p>\n","protected":false},"author":1,"featured_media":0,"comment_status":"open","ping_status":"open","sticky":false,"template":"","format":"standard","meta":{"_et_pb_use_builder":"off","_et_pb_old_content":"","_et_gb_content_width":"","_jetpack_memberships_contains_paid_content":false,"footnotes":""},"categories":[23,7,129,6,1],"tags":[31,719],"class_list":["post-7474","post","type-post","status-publish","format-standard","hentry","category-autoresas","category-creacion","category-literaria","category-novas","category-xeral","tag-aelg","tag-v-xornada-da-seccion-de-literatura-dramatica"],"jetpack_featured_media_url":"","jetpack_sharing_enabled":true,"_links":{"self":[{"href":"http:\/\/culturaliagz.com\/index.php?rest_route=\/wp\/v2\/posts\/7474","targetHints":{"allow":["GET"]}}],"collection":[{"href":"http:\/\/culturaliagz.com\/index.php?rest_route=\/wp\/v2\/posts"}],"about":[{"href":"http:\/\/culturaliagz.com\/index.php?rest_route=\/wp\/v2\/types\/post"}],"author":[{"embeddable":true,"href":"http:\/\/culturaliagz.com\/index.php?rest_route=\/wp\/v2\/users\/1"}],"replies":[{"embeddable":true,"href":"http:\/\/culturaliagz.com\/index.php?rest_route=%2Fwp%2Fv2%2Fcomments&post=7474"}],"version-history":[{"count":1,"href":"http:\/\/culturaliagz.com\/index.php?rest_route=\/wp\/v2\/posts\/7474\/revisions"}],"predecessor-version":[{"id":7478,"href":"http:\/\/culturaliagz.com\/index.php?rest_route=\/wp\/v2\/posts\/7474\/revisions\/7478"}],"wp:attachment":[{"href":"http:\/\/culturaliagz.com\/index.php?rest_route=%2Fwp%2Fv2%2Fmedia&parent=7474"}],"wp:term":[{"taxonomy":"category","embeddable":true,"href":"http:\/\/culturaliagz.com\/index.php?rest_route=%2Fwp%2Fv2%2Fcategories&post=7474"},{"taxonomy":"post_tag","embeddable":true,"href":"http:\/\/culturaliagz.com\/index.php?rest_route=%2Fwp%2Fv2%2Ftags&post=7474"}],"curies":[{"name":"wp","href":"https:\/\/api.w.org\/{rel}","templated":true}]}}