{"id":7469,"date":"2020-11-16T16:15:57","date_gmt":"2020-11-16T15:15:57","guid":{"rendered":"http:\/\/culturaliagz.com\/?p=7469"},"modified":"2020-11-16T16:16:00","modified_gmt":"2020-11-16T15:16:00","slug":"pakolas-este-sabado-na-casa-museo-manuel-maria-con-ramona-orbita-a-dona-do-tempo","status":"publish","type":"post","link":"http:\/\/culturaliagz.com\/?p=7469","title":{"rendered":"PAKOLAS, este s\u00e1bado na Casa-Museo Manuel Mar\u00eda, con &#8220;Ramona \u00d3rbita, a dona do tempo&#8221;"},"content":{"rendered":"\n<div class=\"wp-block-image\"><figure class=\"aligncenter size-large\"><a href=\"http:\/\/culturaliagz.com\/wp-content\/uploads\/2020\/11\/pakolas20_publicacion-3.jpg\" target=\"_blank\" rel=\"noopener noreferrer\"><img loading=\"lazy\" decoding=\"async\" width=\"999\" height=\"1024\" src=\"http:\/\/culturaliagz.com\/wp-content\/uploads\/2020\/11\/pakolas20_publicacion-3-999x1024.jpg\" alt=\"\" class=\"wp-image-7470\" srcset=\"http:\/\/culturaliagz.com\/wp-content\/uploads\/2020\/11\/pakolas20_publicacion-3-999x1024.jpg 999w, http:\/\/culturaliagz.com\/wp-content\/uploads\/2020\/11\/pakolas20_publicacion-3-980x1004.jpg 980w, http:\/\/culturaliagz.com\/wp-content\/uploads\/2020\/11\/pakolas20_publicacion-3-480x492.jpg 480w\" sizes=\"auto, (min-width: 0px) and (max-width: 480px) 480px, (min-width: 481px) and (max-width: 980px) 980px, (min-width: 981px) 999px, 100vw\" \/><\/a><\/figure><\/div>\n\n\n\n<p><a href=\"http:\/\/www.casamuseomanuelmaria.gal\/noticias\/pakolas-presenta-este-sabado-na-casa-museo-manuel-maria-ramona-orbita-a-dona-do-tempo.htm?tipo=ACTIVIDADE\" target=\"_blank\" rel=\"noreferrer noopener\"><strong>Pakolas<\/strong>\u00a0<\/a>estar\u00e1 este s\u00e1bado, d\u00eda 21 de novembro, \u00e1s 17 hrs, na <a href=\"http:\/\/www.casamuseomanuelmaria.gal\/portada.htm\" target=\"_blank\" rel=\"noreferrer noopener\">Casa-Museo Manuel Mar\u00eda<\/a> para nos presentar coa s\u00faa forza interpretativa e o seu humor o seu \u00faltimo traballo \u201cRamona \u00d3rbita, a dona do tempo\u201d. Un espect\u00e1culo individual, creado polo propio autor, e dirixido para nenas e nenos entre 4 e 9 anos.<\/p>\n\n\n\n<p>Contaranos e cantaremos a historia de Ramona \u00d3rbita, unha muller labrega da Serra do Courel&nbsp;que pos\u00fae unha horta cibern\u00e9tica con patacas autom\u00e1ticas, e ademais ten&nbsp; unha m\u00e1quina do tempo, o seu mellor invento. Con ela viaxa ao futuro e ao pasado na procura de tecnolox\u00eda para crear un mundo mellor, mais ecol\u00f3xico e con enerx\u00edas limpas. As\u00ed, a trav\u00e9s das canci\u00f3ns e a narraci\u00f3n levaranos por diferentes \u00e9pocas. Ramona viaxa \u00e1 prehistoria a comer churrasco de mamut con Manolo Cavernario que acaba de descubrir o lume, visita a Leonardo Da Vinci no Renacemento, acode ao Antigo Exipto cun tal&nbsp; Rams\u00e9s que lle cheiran os p\u00e9s, ou conversa cun robot que ten unha Roda Rota que se fai chamar Time, etc, todo at\u00e9 chegar a Benvidas ao Futuro en que cantaremos por unha sociedade mais ecol\u00f3xica e concienciada co respecto e coidado \u00e1 natura.<\/p>\n\n\n\n<p>Pakolas combinar\u00e1 a narraci\u00f3n, a interpretaci\u00f3n e caracterizaci\u00f3n de moitas personaxes, e a m\u00fasica; e tam\u00e9n animar\u00e1 os nenos e nenas e todo o p\u00fablico a participar coas mans, cos ritmos do corpo e coa voz (retrousos, sons, etc). As\u00ed, podemos compartir entre todos e todas a m\u00fasica e as historias cantadas e contadas. En definitiva, un xeito divertido de aprender e de gozar.<\/p>\n\n\n\n<p>&nbsp;<strong>\u00c9 imprescind\u00edbel facer reserva<\/strong>&nbsp;en&nbsp;<a href=\"mailto:contacto@casamuseomanuelmaria.gal\" target=\"_blank\" rel=\"noreferrer noopener\">contacto@casamuseomanuelmaria.gal<\/a>&nbsp;ou a trav\u00e9s do whatsapp 698177621. O aforo do auditorio da Casa-Museo Manuel Mar\u00eda verase reducido considerabelmente polas indicaci\u00f3ns sanitarias motivadas pola COVID-19. O billete ten un prezo de&nbsp;<strong>2 euros<\/strong><\/p>\n\n\n\n<p>A duraci\u00f3n do espect\u00e1culo ser\u00e1 entre 40 e 50 minutos<\/p>\n\n\n\n<p>As persoas que asistan ter\u00e1n como condici\u00f3ns de obrigado cumprimento:<br>-o uso de m\u00e1scara (excepto as persoas exentas pola lexislaci\u00f3n vixente)<br>-lavar as mans con xel hidroalc\u00f3lico \u00e1 entrada<br>-manter a distancia de seguranza, sobre todo \u00e1 entrada e \u00e1 sa\u00edda para evitar amontoamentos<br>-non mudarse das cadeiras asignadas<br>-seguir as indicaci\u00f3ns do persoal da Casa-Museo Manuel Mar\u00eda<\/p>\n\n\n\n<p>Recom\u00e9ndase, tam\u00e9n, limitar o m\u00e1ximo pos\u00edbel o uso dos ba\u00f1os<\/p>\n","protected":false},"excerpt":{"rendered":"<p>Pakolas\u00a0estar\u00e1 este s\u00e1bado, d\u00eda 21 de novembro, \u00e1s 17 hrs, na Casa-Museo Manuel Mar\u00eda para nos presentar coa s\u00faa forza interpretativa e o seu humor o seu \u00faltimo traballo \u201cRamona [&hellip;]<\/p>\n","protected":false},"author":1,"featured_media":0,"comment_status":"open","ping_status":"open","sticky":false,"template":"","format":"standard","meta":{"_et_pb_use_builder":"off","_et_pb_old_content":"","_et_gb_content_width":"","_jetpack_memberships_contains_paid_content":false,"footnotes":""},"categories":[23,7,6,1],"tags":[190,716,717],"class_list":["post-7469","post","type-post","status-publish","format-standard","hentry","category-autoresas","category-creacion","category-novas","category-xeral","tag-casa-museo-manuel-maria","tag-pakolas","tag-ramona-orbita"],"jetpack_featured_media_url":"","jetpack_sharing_enabled":true,"_links":{"self":[{"href":"http:\/\/culturaliagz.com\/index.php?rest_route=\/wp\/v2\/posts\/7469","targetHints":{"allow":["GET"]}}],"collection":[{"href":"http:\/\/culturaliagz.com\/index.php?rest_route=\/wp\/v2\/posts"}],"about":[{"href":"http:\/\/culturaliagz.com\/index.php?rest_route=\/wp\/v2\/types\/post"}],"author":[{"embeddable":true,"href":"http:\/\/culturaliagz.com\/index.php?rest_route=\/wp\/v2\/users\/1"}],"replies":[{"embeddable":true,"href":"http:\/\/culturaliagz.com\/index.php?rest_route=%2Fwp%2Fv2%2Fcomments&post=7469"}],"version-history":[{"count":1,"href":"http:\/\/culturaliagz.com\/index.php?rest_route=\/wp\/v2\/posts\/7469\/revisions"}],"predecessor-version":[{"id":7471,"href":"http:\/\/culturaliagz.com\/index.php?rest_route=\/wp\/v2\/posts\/7469\/revisions\/7471"}],"wp:attachment":[{"href":"http:\/\/culturaliagz.com\/index.php?rest_route=%2Fwp%2Fv2%2Fmedia&parent=7469"}],"wp:term":[{"taxonomy":"category","embeddable":true,"href":"http:\/\/culturaliagz.com\/index.php?rest_route=%2Fwp%2Fv2%2Fcategories&post=7469"},{"taxonomy":"post_tag","embeddable":true,"href":"http:\/\/culturaliagz.com\/index.php?rest_route=%2Fwp%2Fv2%2Ftags&post=7469"}],"curies":[{"name":"wp","href":"https:\/\/api.w.org\/{rel}","templated":true}]}}