{"id":7462,"date":"2020-11-15T19:09:37","date_gmt":"2020-11-15T18:09:37","guid":{"rendered":"http:\/\/culturaliagz.com\/?p=7462"},"modified":"2020-11-15T19:09:40","modified_gmt":"2020-11-15T18:09:40","slug":"quince-dias-de-actividades-para-celebrar-o-patrimonio","status":"publish","type":"post","link":"http:\/\/culturaliagz.com\/?p=7462","title":{"rendered":"Quince d\u00edas de actividades para celebrar o Patrimonio"},"content":{"rendered":"\n<figure class=\"wp-block-gallery columns-1 is-cropped wp-block-gallery-1 is-layout-flex wp-block-gallery-is-layout-flex\"><ul class=\"blocks-gallery-grid\"><li class=\"blocks-gallery-item\"><figure><a href=\"http:\/\/culturaliagz.com\/wp-content\/uploads\/2020\/11\/DiadoPatrimonioP.jpg\"><img loading=\"lazy\" decoding=\"async\" width=\"724\" height=\"1024\" src=\"http:\/\/culturaliagz.com\/wp-content\/uploads\/2020\/11\/DiadoPatrimonioP-724x1024.jpg\" alt=\"\" data-id=\"7464\" data-full-url=\"http:\/\/culturaliagz.com\/wp-content\/uploads\/2020\/11\/DiadoPatrimonioP.jpg\" data-link=\"http:\/\/culturaliagz.com\/?attachment_id=7464\" class=\"wp-image-7464\"\/><\/a><\/figure><\/li><li class=\"blocks-gallery-item\"><figure><a href=\"http:\/\/culturaliagz.com\/wp-content\/uploads\/2020\/11\/Dia-do-Patrimonio-2020.jpg\"><img loading=\"lazy\" decoding=\"async\" width=\"1024\" height=\"727\" src=\"http:\/\/culturaliagz.com\/wp-content\/uploads\/2020\/11\/Dia-do-Patrimonio-2020.jpg\" alt=\"\" data-id=\"7463\" data-full-url=\"http:\/\/culturaliagz.com\/wp-content\/uploads\/2020\/11\/Dia-do-Patrimonio-2020.jpg\" data-link=\"http:\/\/culturaliagz.com\/?attachment_id=7463\" class=\"wp-image-7463\" srcset=\"http:\/\/culturaliagz.com\/wp-content\/uploads\/2020\/11\/Dia-do-Patrimonio-2020.jpg 1024w, http:\/\/culturaliagz.com\/wp-content\/uploads\/2020\/11\/Dia-do-Patrimonio-2020-980x696.jpg 980w, http:\/\/culturaliagz.com\/wp-content\/uploads\/2020\/11\/Dia-do-Patrimonio-2020-480x341.jpg 480w\" sizes=\"auto, (min-width: 0px) and (max-width: 480px) 480px, (min-width: 481px) and (max-width: 980px) 980px, (min-width: 981px) 1024px, 100vw\" \/><\/a><\/figure><\/li><\/ul><\/figure>\n\n\n\n<p><strong>DIA DO PATRIMONIO 2020<\/strong><\/p>\n\n\n\n<p>O mapa das actividades da <a href=\"http:\/\/redepatrimonio.gal\/\" target=\"_blank\" rel=\"noreferrer noopener\">Rede do Patrimonio Cultural<\/a> non ten tantas actividades como nun ano normal, m\u00e1is ten variadas e interesantes.<\/p>\n\n\n\n<p>Exposiciones, roteiros de convivintes, videoconferencias, campa\u00f1as en redes , concursos fotogr\u00e1ficos, videos de recogida de tradici\u00f3n oral&#8230;.<\/p>\n\n\n\n<p>16 de novembro \u00e1s 20.00h: Xurxo Ay\u00e1n \u2013 \u201cArqueolox\u00eda nova que se chama Ribeira\u201d. Modera Pilar S\u00e1nchez Monje (Asociaci\u00f3n O Sorriso de Daniel).<\/p>\n\n\n\n<p>19 de novembro \u00e1s 20.00h: Rafael Quint\u00eda \u2013 \u201cO valor do patrimonio inmaterial e a s\u00faa relaci\u00f3n co patrimonio material e natural\u201d. Modera Emi Cagiao S\u00e1nchez (Asociaci\u00f3n Entroido de Samede).<\/p>\n\n\n\n<p>26 de novembro \u00e1s 20.00h: Celtia Rodr\u00edguez \u2013 \u201cCampesi\u00f1as e loitadoras. Unha visi\u00f3n dende a Arqueolox\u00eda de X\u00e9nero\u201d. Modera Soledad Felloza (PatrimonioGalego.Net).<\/p>\n\n\n\n<p>As actividades poderanse seguir no facebook da Rede do Patrimonio e na canle de youtube de Roxin Roxal.&nbsp;(cada entidade pode compartir dende o noso&nbsp;Facebook aos propios e as\u00ed tecer unha grande rede de difusi\u00f3n)<\/p>\n\n\n\n<p class=\"has-text-align-center\">\u00a0 \u00a0 \u00a0 \u00a0 \u00a0 \u00a0 \u00a0 \u00a0 \u00a0 \u00a0 \u00a0 \u00a0 \u00a0 \u00a0 \u00a0 \u00a0 \u00a0 \u00a0 \u00a0 \u00a0 \u00a0 \u00a0<strong>Actividades das entidades\u00a0<\/strong><\/p>\n\n\n\n<div class=\"wp-block-image\"><figure class=\"alignleft size-medium\"><img loading=\"lazy\" decoding=\"async\" width=\"300\" height=\"213\" src=\"http:\/\/culturaliagz.com\/wp-content\/uploads\/2020\/11\/Dia-do-Patrimonio-2020-300x213.jpg\" alt=\"\" class=\"wp-image-7463\"\/><\/figure><\/div>\n\n\n\n<p><em>10 ao 22 de novembro- &nbsp;<\/em>SE VAS AO R\u00cdO A LAVAR (Roteiro polos lavadoiros).<\/p>\n\n\n\n<p>Organiza\u00a0<a href=\"https:\/\/www.facebook.com\/apeloneducacion\" target=\"_blank\" rel=\"noreferrer noopener\">Asociaci\u00f3n Cultural Apel\u00f3n Educaci\u00f3n.<\/a>\u00a0Estados convidados a facer o roteiro dos lavadoiros de xeito individual ou cos conviventes durante estes d\u00edas. Seguimento nas redes.<\/p>\n\n\n\n<p><em>14 de novembro \u00e1s 10 horas\u00a0<\/em>ROTEIRO CRUCEIRO DAS SALGUEIRAS.\u00a0Organiza Rede Galega por un Rural Vivo<em>\u00a0 coa colaboraci\u00f3n da\u00a0<a href=\"https:\/\/www.facebook.com\/PETONDOLOBO\" target=\"_blank\" rel=\"noreferrer noopener\">Asociaci\u00f3n Pet\u00f3n do Lobo<\/a><\/em><\/p>\n\n\n\n<p><em>Partida desde o aparcamento da FEP.<\/em><\/p>\n\n\n\n<p>Aberta ao p\u00fablico.<\/p>\n\n\n\n<p><em>15 ao 30 de novembro<\/em>\u2013\u00a0IV XORNADAS POLA PROTECCI\u00d3N E POSTA EN VALOR DO PATRIMONIO DE SAN XIAN-\u00a0Organiza\u00a0<a href=\"https:\/\/www.facebook.com\/Monte-Pituco-255953920638\" target=\"_blank\" rel=\"noreferrer noopener\">Asociaci\u00f3n Monte Pituco<\/a>.\u00a0Exposici\u00f3ns, andainas, e charlas online.\u00a0Toda a info\u00a0<a href=\"https:\/\/montepituco.com\/2020\/11\/01\/iv-xornadas-de-patrimonio-de-san-xian\/\" target=\"_blank\" rel=\"noreferrer noopener\">https:\/\/montepituco.com\/2020\/11\/01\/iv-xornadas-de-patrimonio-de-san-xian\/<\/a><\/p>\n\n\n\n<p><em>15 de novembro a 15 de decembro<\/em>\u2013&nbsp;FALADOIROS EN XIRARGA.&nbsp;Organiza&nbsp;<a href=\"https:\/\/www.facebook.com\/osuido\">O Su\u00eddo<\/a>. Recuperando a historia e a memoria dunha parroquia no concello de Beariz, Ourense . Compartir\u00e1se na web e nas redes sociais do Su\u00eddo unha serie&nbsp; de v\u00eddeos que recollen&nbsp; a historia e a memoria inmaterial da parroquia de &nbsp;Xirarga da voz dos veci\u00f1os e veci\u00f1as.<\/p>\n\n\n\n<p><em>15 de novembro<\/em>&nbsp;&nbsp;#PatrimoniodoBaixoUlla\u201d&nbsp;Organiza<a href=\"https:\/\/www.facebook.com\/obaixoulla\">&nbsp;O Baixo Ulla<\/a><\/p>\n\n\n\n<p>Participaci\u00f3n online a trav\u00e9s das redes sociais.&nbsp;Difusi\u00f3n do patrimonio do Baixo Ulla<\/p>\n\n\n\n<p><em>16 de novembro<\/em>\u2013CAMPA\u00d1A polo\u00a0BIC de CARVALHO CALERO\u00a0\u00a0Organiza <a href=\"https:\/\/www.facebook.com\/FerrolterraAntiga\" target=\"_blank\" rel=\"noreferrer noopener\">Asociaci\u00f3n Ferrol Terra Antiga<\/a>(publicaci\u00f3n de trozos da s\u00faa obra nas redes sociais de todas as entidades da RPC ao longo de todo o d\u00eda)<\/p>\n\n\n\n<p><em>16 de novembro.\u00a0III CERTAME ESCOLAR DE RECOLLA DE IMAXES DO PATRIMONIO GALEGO PORTUGU\u00c9S.\u00a0<\/em>Organiza<em>\u00a0<\/em><a href=\"https:\/\/www.facebook.com\/pontenasondas\" target=\"_blank\" rel=\"noreferrer noopener\">Asociaci\u00f3n Cultural e Pedag\u00f3xica Ponte\u2026nasOndas<\/a>.<br><a href=\"http:\/\/escolasnasondas.com\/iii-edicion-do-certame-de-recolla-das-imaxes-do-patrimonio-cultural-inmaterial-galego-portugues\/\" target=\"_blank\" rel=\"noreferrer noopener\">http:\/\/escolasnasondas.com\/iii-edicion-do-certame-de-recolla-das-imaxes-do-patrimonio-cultural-inmaterial-galego-portugues\/<\/a><\/p>\n\n\n\n<p><em>16 de novembro-<\/em>20 hs\u00a0I FORO DO ALFOMBRISMO DE GALICIA\u201c(online) Organiza\u00a0<a href=\"https:\/\/www.facebook.com\/AlfombristasdeGalicia\" target=\"_blank\" rel=\"noreferrer noopener\">Federaci\u00f3n Alfombristas de Galicia<\/a><\/p>\n\n\n\n<p>2)&nbsp;Exposici\u00f3n fotogr\u00e1fica&nbsp;sobre os \u00faltimos 50 anos de alfombrismo en Galicia, que estar\u00e1 colgada nunha sala de exposici\u00f3ns de Bueu<\/p>\n\n\n\n<p><em>19,20 e 21 de novembro<\/em>\u2013\u00a0IV XORNADAS DE URBAN\u00cdSMO HIST\u00d3RICO.\u00a0Organiza<a href=\"https:\/\/www.facebook.com\/batitales\" target=\"_blank\" rel=\"noreferrer noopener\">\u00a0Asociaci\u00f3n Batitales<\/a><\/p>\n\n\n\n<p>inscrici\u00f3n previa\u00a0<a href=\"https:\/\/forms.gle\/E3MzTcbGvf4s6xVp9?fbclid=IwAR1gEZebqKcjA-mWnsed5k9J0prl2ed-ZmdYL1Ukh5gk-Fzt_3wDgU4icC8\" target=\"_blank\" rel=\"noreferrer noopener\">https:\/\/forms.gle\/E3MzTcbGvf4s6xVp9<\/a><\/p>\n\n\n\n<p>19\/11 as 19:30 Manuel Casti\u00f1eiras Gonz\u00e1lez \u201cArtes decorativas en el medievo mindoniense, pintura y orfebrer\u00eda\u201d<\/p>\n\n\n\n<p>20\/11 as 19:30 Javier G\u00f3mez Darriba \u201cLos conventos concepcionistas de Mondo\u00f1edo: de la ruina a la construcci\u00f3n de una clausura dieciochesca\u201d<\/p>\n\n\n\n<p>21\/11 as 19:30 Roberto Reigosa M\u00e9ndez \u201cLa plaza de Mondo\u00f1edo, evoluci\u00f3n de un espacio de reuni\u00f3n desde la ciudad medieval hasta el funcionalismo contempor\u00e1neo\u201d<\/p>\n\n\n\n<p>As charlas ser\u00e1n retrasmitidas por zoom e pola ferramenta dixital\u00a0<a href=\"https:\/\/themondonedovalley.com\/?fbclid=IwAR2z1_mwuPwRYaA5S4ItWWl6zvg9Y2h5QQAIwNUhAoeuyex5K4rLHRaqs-s\" target=\"_blank\" rel=\"noreferrer noopener\">https:\/\/themondonedovalley.com\/<\/a>\u00a0e pola p\u00e1xina web do Concello. Para calquera informaci\u00f3n podedes contactar en:\u00a0<a href=\"mailto:asociacionbatitales@gmail.com\" target=\"_blank\" rel=\"noreferrer noopener\">asociacionbatitales@gmail.com<\/a><\/p>\n\n\n\n<p><em>21 de novembro-12.00 hs<\/em>.CO\u00d1ECE A M\u00c1MOA DO MONTE PERROL en Cabana de Berganti\u00f1os.\u00a0Organiza.\u00a0<a href=\"https:\/\/www.facebook.com\/cova.crea.5\" target=\"_blank\" rel=\"noreferrer noopener\">Asociaci\u00f3n galega Cova Crea<\/a><\/p>\n\n\n\n<p>Actividade aberta ao p\u00fablico.<\/p>\n\n\n\n<p>Lugar de partida: parque e\u00f3lico de Silvarredonda, no monte Perrol.<\/p>\n\n\n\n<p>&#8212;&#8212;&#8211;<\/p>\n\n\n\n<p>Contacto da RPC<\/p>\n\n\n\n<p>Soledad Felloza-635952820<\/p>\n","protected":false},"excerpt":{"rendered":"<p>DIA DO PATRIMONIO 2020 O mapa das actividades da Rede do Patrimonio Cultural non ten tantas actividades como nun ano normal, m\u00e1is ten variadas e interesantes. Exposiciones, roteiros de convivintes, [&hellip;]<\/p>\n","protected":false},"author":1,"featured_media":0,"comment_status":"open","ping_status":"open","sticky":false,"template":"","format":"standard","meta":{"_et_pb_use_builder":"off","_et_pb_old_content":"","_et_gb_content_width":"","_jetpack_memberships_contains_paid_content":false,"footnotes":""},"categories":[23,7,6,1],"tags":[714,713],"class_list":["post-7462","post","type-post","status-publish","format-standard","hentry","category-autoresas","category-creacion","category-novas","category-xeral","tag-dia-do-patrimonio-2020","tag-rede-do-patrimonio-cultural"],"jetpack_featured_media_url":"","jetpack_sharing_enabled":true,"_links":{"self":[{"href":"http:\/\/culturaliagz.com\/index.php?rest_route=\/wp\/v2\/posts\/7462","targetHints":{"allow":["GET"]}}],"collection":[{"href":"http:\/\/culturaliagz.com\/index.php?rest_route=\/wp\/v2\/posts"}],"about":[{"href":"http:\/\/culturaliagz.com\/index.php?rest_route=\/wp\/v2\/types\/post"}],"author":[{"embeddable":true,"href":"http:\/\/culturaliagz.com\/index.php?rest_route=\/wp\/v2\/users\/1"}],"replies":[{"embeddable":true,"href":"http:\/\/culturaliagz.com\/index.php?rest_route=%2Fwp%2Fv2%2Fcomments&post=7462"}],"version-history":[{"count":1,"href":"http:\/\/culturaliagz.com\/index.php?rest_route=\/wp\/v2\/posts\/7462\/revisions"}],"predecessor-version":[{"id":7465,"href":"http:\/\/culturaliagz.com\/index.php?rest_route=\/wp\/v2\/posts\/7462\/revisions\/7465"}],"wp:attachment":[{"href":"http:\/\/culturaliagz.com\/index.php?rest_route=%2Fwp%2Fv2%2Fmedia&parent=7462"}],"wp:term":[{"taxonomy":"category","embeddable":true,"href":"http:\/\/culturaliagz.com\/index.php?rest_route=%2Fwp%2Fv2%2Fcategories&post=7462"},{"taxonomy":"post_tag","embeddable":true,"href":"http:\/\/culturaliagz.com\/index.php?rest_route=%2Fwp%2Fv2%2Ftags&post=7462"}],"curies":[{"name":"wp","href":"https:\/\/api.w.org\/{rel}","templated":true}]}}