{"id":7453,"date":"2020-11-11T16:38:35","date_gmt":"2020-11-11T15:38:35","guid":{"rendered":"http:\/\/culturaliagz.com\/?p=7453"},"modified":"2020-11-11T16:38:36","modified_gmt":"2020-11-11T15:38:36","slug":"o-festival-atlantica-fai-escala-en-lalin-cunha-sesion-de-contos-de-soledad-felloza","status":"publish","type":"post","link":"http:\/\/culturaliagz.com\/?p=7453","title":{"rendered":"O Festival Atl\u00e1ntica fai escala en Lal\u00edn cunha sesi\u00f3n de contos de Soledad Felloza"},"content":{"rendered":"\n<figure class=\"wp-block-gallery columns-2 is-cropped wp-block-gallery-1 is-layout-flex wp-block-gallery-is-layout-flex\"><ul class=\"blocks-gallery-grid\"><li class=\"blocks-gallery-item\"><figure><a href=\"http:\/\/culturaliagz.com\/wp-content\/uploads\/2020\/11\/CARTEL_ATL_SOLE.png\"><img loading=\"lazy\" decoding=\"async\" width=\"724\" height=\"1024\" src=\"http:\/\/culturaliagz.com\/wp-content\/uploads\/2020\/11\/CARTEL_ATL_SOLE-724x1024.png\" alt=\"\" data-id=\"7455\" data-full-url=\"http:\/\/culturaliagz.com\/wp-content\/uploads\/2020\/11\/CARTEL_ATL_SOLE.png\" data-link=\"http:\/\/culturaliagz.com\/?attachment_id=7455\" class=\"wp-image-7455\"\/><\/a><\/figure><\/li><li class=\"blocks-gallery-item\"><figure><a href=\"http:\/\/culturaliagz.com\/wp-content\/uploads\/2020\/11\/Soledad-Felloza-1.jpg\"><img loading=\"lazy\" decoding=\"async\" width=\"1024\" height=\"686\" src=\"http:\/\/culturaliagz.com\/wp-content\/uploads\/2020\/11\/Soledad-Felloza-1-1024x686.jpg\" alt=\"\" data-id=\"7456\" data-full-url=\"http:\/\/culturaliagz.com\/wp-content\/uploads\/2020\/11\/Soledad-Felloza-1.jpg\" data-link=\"http:\/\/culturaliagz.com\/?attachment_id=7456\" class=\"wp-image-7456\" srcset=\"http:\/\/culturaliagz.com\/wp-content\/uploads\/2020\/11\/Soledad-Felloza-1-1024x686.jpg 1024w, http:\/\/culturaliagz.com\/wp-content\/uploads\/2020\/11\/Soledad-Felloza-1-980x656.jpg 980w, http:\/\/culturaliagz.com\/wp-content\/uploads\/2020\/11\/Soledad-Felloza-1-480x321.jpg 480w\" sizes=\"auto, (min-width: 0px) and (max-width: 480px) 480px, (min-width: 481px) and (max-width: 980px) 980px, (min-width: 981px) 1024px, 100vw\" \/><\/a><\/figure><\/li><\/ul><\/figure>\n\n\n\n<p><\/p>\n\n\n\n<p><strong>O <a href=\"http:\/\/festivalatlantica.com\/\" target=\"_blank\" rel=\"noreferrer noopener\">Festival Atl\u00e1ntica<\/a> fai escala en Lal\u00edn cunha sesi\u00f3n de contos de Soledad Felloza<\/strong><\/p>\n\n\n\n<p>\u00b7&nbsp;&nbsp;&nbsp;&nbsp;&nbsp;&nbsp; <strong>A funci\u00f3n de \u2018A vida \u00e9 conto\u2019 ser\u00e1 no Museo Ram\u00f3n Mar\u00eda Aller o venres, 13 de novembro, a partir das 21 horas<\/strong><\/p>\n\n\n\n<p>\u00b7&nbsp;&nbsp;&nbsp;&nbsp;&nbsp;&nbsp; <strong>O espect\u00e1culo est\u00e1 concibido para p\u00fablico adulto e ter\u00e1 entrada libre ata completar o aforo<\/strong><\/p>\n\n\n\n<p>Os contos do Festival Atl\u00e1ntica seguen a percorrer Galicia e este venres, 13 de novembro, van desembarcar en Lal\u00edn coas historias de Soledad Felloza grazas \u00e1 colaboraci\u00f3n co Concello. O espect\u00e1culo, titulado \u2018A vida \u00e9 conto\u2019, est\u00e1 dirixido ao p\u00fablico adulto e ser\u00e1 no Museo Ram\u00f3n Mar\u00eda Aller a partir das 21 horas. A entrada \u00e9 libre ata completar o aforo que por mor das restrici\u00f3ns vixentes \u00e9 de 25 prazas.<\/p>\n\n\n\n<p>En \u2018A vida \u00e9 conto\u2019 pode acontecer que o teu av\u00f3 decida fuxir a mesma noite que nace o teu pai. Ou que a t\u00faa nai non dea creto a ter unha filla cun nariz tan pouco aristocr\u00e1tico e que practique con ela todo tipo de experimentos para mudala. Ou que che boten da academia de danza por non representar ben o dif\u00edcil papel de penedo. Ou que un d\u00eda, s\u00f3 por abrir unha botella de cervexa, ga\u00f1es o premio gordo que consiste en viaxar coa selecci\u00f3n de f\u00fatbol do teu pa\u00eds por toda Am\u00e9rica e marches decontado. Porque \u00e1s veces a vida \u00e9nchese de tanto conto que o m\u00ednimo que se pode facer \u00e9 contalo, pero nese caso, se a vida \u00e9 conto, os contos, contos son?<\/p>\n\n\n\n<div class=\"wp-block-image\"><figure class=\"alignleft size-medium\"><a href=\"http:\/\/culturaliagz.com\/wp-content\/uploads\/2020\/11\/Soledad-Felloza-copia.jpg\" target=\"_blank\" rel=\"noopener noreferrer\"><img loading=\"lazy\" decoding=\"async\" width=\"300\" height=\"200\" src=\"http:\/\/culturaliagz.com\/wp-content\/uploads\/2020\/11\/Soledad-Felloza-copia-300x200.jpg\" alt=\"\" class=\"wp-image-7457\"\/><\/a><figcaption>Soledad Felloza<\/figcaption><\/figure><\/div>\n\n\n\n<p>A uruguaia <strong>Soledad Felloza<\/strong> (<a href=\"http:\/\/soledadfelloza.com\" target=\"_blank\" rel=\"noreferrer noopener\">soledadfelloza.com<\/a>) ded\u00edcase \u00e1 narraci\u00f3n oral desde hai 25 anos. Tam\u00e9n \u00e9 docente, actriz, fot\u00f3grafa, escritora de literatura infantil e xuvenil e dramaturga, cunha ampla formaci\u00f3n no campo do teatro e no eido dos contos. Recibiu o Premio Europeo ao mellor conto para nenos e nenas por \u2018A coci\u00f1eira do rei\u2019 (Editorial Oqo). O seu programa de radio \u2018La casa disparatada\u2019 foi declarado pola UNESCO de interese por mor da s\u00faa contribuci\u00f3n \u00e1 difusi\u00f3n dos dereitos da infancia. Ten editados discos de contos para nenos baixo o titulo \u2018De Tin Mar\u00edn\u2019, esgotados neste momento.<\/p>\n\n\n\n<p><strong>Atl\u00e1ntica segue en decembro<\/strong><\/p>\n\n\n\n<p>O Festival proseguir\u00e1 durante os d\u00edas 5 e 6 de decembro cunha funci\u00f3n na Coru\u00f1a e outra en Santiago, respectivamente. A informaci\u00f3n sobre os espect\u00e1culos e mais os detalles sobre o proceso de reserva de convites p\u00f3dese consultar na web do festival (<a href=\"http:\/\/festivalatlantica.gal\/\" target=\"_blank\" rel=\"noreferrer noopener\">http:\/\/festivalatlantica.gal\/<\/a>). Dada a cambiante situaci\u00f3n sanitaria, esta programaci\u00f3n est\u00e1 suxeita a modificaci\u00f3ns, pero calquera alteraci\u00f3n ser\u00e1 anunciada a trav\u00e9s das canles do Festival Atl\u00e1ntica.<\/p>\n","protected":false},"excerpt":{"rendered":"<p>O Festival Atl\u00e1ntica fai escala en Lal\u00edn cunha sesi\u00f3n de contos de Soledad Felloza \u00b7&nbsp;&nbsp;&nbsp;&nbsp;&nbsp;&nbsp; A funci\u00f3n de \u2018A vida \u00e9 conto\u2019 ser\u00e1 no Museo Ram\u00f3n Mar\u00eda Aller o venres, [&hellip;]<\/p>\n","protected":false},"author":1,"featured_media":0,"comment_status":"open","ping_status":"open","sticky":false,"template":"","format":"standard","meta":{"_et_pb_use_builder":"off","_et_pb_old_content":"","_et_gb_content_width":"","_jetpack_memberships_contains_paid_content":false,"footnotes":""},"categories":[23,7,129,6,1],"tags":[629,515],"class_list":["post-7453","post","type-post","status-publish","format-standard","hentry","category-autoresas","category-creacion","category-literaria","category-novas","category-xeral","tag-festival-atlantica","tag-soledad-felloza"],"jetpack_featured_media_url":"","jetpack_sharing_enabled":true,"_links":{"self":[{"href":"http:\/\/culturaliagz.com\/index.php?rest_route=\/wp\/v2\/posts\/7453","targetHints":{"allow":["GET"]}}],"collection":[{"href":"http:\/\/culturaliagz.com\/index.php?rest_route=\/wp\/v2\/posts"}],"about":[{"href":"http:\/\/culturaliagz.com\/index.php?rest_route=\/wp\/v2\/types\/post"}],"author":[{"embeddable":true,"href":"http:\/\/culturaliagz.com\/index.php?rest_route=\/wp\/v2\/users\/1"}],"replies":[{"embeddable":true,"href":"http:\/\/culturaliagz.com\/index.php?rest_route=%2Fwp%2Fv2%2Fcomments&post=7453"}],"version-history":[{"count":1,"href":"http:\/\/culturaliagz.com\/index.php?rest_route=\/wp\/v2\/posts\/7453\/revisions"}],"predecessor-version":[{"id":7458,"href":"http:\/\/culturaliagz.com\/index.php?rest_route=\/wp\/v2\/posts\/7453\/revisions\/7458"}],"wp:attachment":[{"href":"http:\/\/culturaliagz.com\/index.php?rest_route=%2Fwp%2Fv2%2Fmedia&parent=7453"}],"wp:term":[{"taxonomy":"category","embeddable":true,"href":"http:\/\/culturaliagz.com\/index.php?rest_route=%2Fwp%2Fv2%2Fcategories&post=7453"},{"taxonomy":"post_tag","embeddable":true,"href":"http:\/\/culturaliagz.com\/index.php?rest_route=%2Fwp%2Fv2%2Ftags&post=7453"}],"curies":[{"name":"wp","href":"https:\/\/api.w.org\/{rel}","templated":true}]}}