{"id":7449,"date":"2020-11-11T01:08:45","date_gmt":"2020-11-11T00:08:45","guid":{"rendered":"http:\/\/culturaliagz.com\/?p=7449"},"modified":"2020-11-11T20:28:29","modified_gmt":"2020-11-11T19:28:29","slug":"actividades-da-rede-do-patrimonio-no-16n-dia-internacional-do-patrimonio","status":"publish","type":"post","link":"http:\/\/culturaliagz.com\/?p=7449","title":{"rendered":"Actividades da Rede do Patrimonio no 16N-D\u00eda Internacional do Patrimonio"},"content":{"rendered":"\n<figure class=\"wp-block-image size-large\"><a href=\"http:\/\/culturaliagz.com\/wp-content\/uploads\/2020\/11\/4635AE8D-ECAD-41FA-B89D-ACA49A1F54D4.jpeg\" target=\"_blank\" rel=\"noopener noreferrer\"><img loading=\"lazy\" decoding=\"async\" width=\"724\" height=\"1024\" src=\"http:\/\/culturaliagz.com\/wp-content\/uploads\/2020\/11\/4635AE8D-ECAD-41FA-B89D-ACA49A1F54D4-724x1024.jpeg\" alt=\"\" class=\"wp-image-7451\" srcset=\"http:\/\/culturaliagz.com\/wp-content\/uploads\/2020\/11\/4635AE8D-ECAD-41FA-B89D-ACA49A1F54D4-724x1024.jpeg 724w, http:\/\/culturaliagz.com\/wp-content\/uploads\/2020\/11\/4635AE8D-ECAD-41FA-B89D-ACA49A1F54D4-480x679.jpeg 480w\" sizes=\"auto, (min-width: 0px) and (max-width: 480px) 480px, (min-width: 481px) 724px, 100vw\" \/><\/a><\/figure>\n\n\n\n<p><strong>DIA MUNDIAL DO PATRIMONIO 2020\u00a0<\/strong><\/p>\n\n\n\n<p>Con motivo da celebraci\u00f3n do D\u00eda do Patrimonio m\u00e1is de cen entidades mobilizaranse na rede para dar visibilidade \u00f3 seu compromiso co patrimonio galego.\u00a0Dende o ano 2017 as entidades adheridas \u00e1 <a rel=\"noreferrer noopener\" href=\"http:\/\/redepatrimonio.gal\/\" target=\"_blank\">Rede do Patrimonio Cultural<\/a> enchen o mapa de Galicia con actividades, roteiros, conferencias, visitas guiadas e moitas outras actividades.\u00a0Con todo, a situaci\u00f3n sanitaria actual tam\u00e9n implica un cambio no xeito de celebrar unha data que v\u00e9n sendo destacada na reivindicaci\u00f3n do patrimonio cultural galego, a s\u00faa defensa e posta en valor. Deste xeito, conscientes de que a prioridade \u00e9 a sa\u00fade de todos e todas, a Rede do Patrimonio mudou as s\u00faas acci\u00f3ns por un ciclo de videoconferencias p\u00fablicas e por diversas actividades en li\u00f1a orientadas \u00f3 intercambio de informaci\u00f3n e \u00e1 formaci\u00f3n no eido patrimonial.\u00a0C\u00f3mpre lembrar que o grave contexto sanitario non evitou que se sigan producindo ataques e agresi\u00f3ns que evidencian, m\u00e1is que nunca, a necesidade do traballo real e comprometido das asociaci\u00f3ns culturais que velan pola defensa do patrimonio de Galicia.\u00a0Dende a Rede do Patrimonio seguimos insistindo na necesidade de levar a cabo pol\u00edticas concretas que se traduzan nun reordenamento do territorio, en sanci\u00f3ns m\u00e1is graves ante as agresi\u00f3ns e nun plan de educaci\u00f3n en valores patrimoniais que garantan a supervivencia dunha riqueza que nos identifica como un pobo dotado dunha longa e rica historia.\u00a0<\/p>\n\n\n\n<p>Actividades previstas<\/p>\n\n\n\n<p>16 de novembro \u00e1s 20.00h: Xurxo Ay\u00e1n &#8211; &#8220;Arqueolox\u00eda nova que se chama Ribeira&#8221;. Modera Pilar S\u00e1nchez Monje (Asociaci\u00f3n O Sorriso de Daniel).<\/p>\n\n\n\n<p>19 de novembro \u00e1s 20.00h: Rafael Quint\u00eda &#8211; &#8220;O valor do patrimonio inmaterial e a s\u00faa relaci\u00f3n co patrimonio material e natural&#8221;. Modera Emi Cagiao S\u00e1nchez (Asociaci\u00f3n Entroido de Samede).<\/p>\n\n\n\n<p>26 de novembro \u00e1s 20.00h: Celtia Rodr\u00edguez &#8211; &#8220;Campesi\u00f1as e loitadoras. Unha visi\u00f3n dende a Arqueolox\u00eda de X\u00e9nero&#8221;. Modera Soledad Felloza (PatrimonioGalego.Net).\u00a0\u00a0<\/p>\n\n\n\n<p>A estas conferencias s\u00famanse a realizaci\u00f3n de diferentes charlas, exposici\u00f3ns, presentaci\u00f3ns de libros, v\u00eddeos de recollida de tradici\u00f3n oral, difusi\u00f3n do patrimonio local, a campa\u00f1a a prol da declaraci\u00f3n da casa de Carvalho Calero como BIC e outras actividades levadas a cabo por diferentes entidades como a Asociaci\u00f3n de Alfombristas de Galicia, Asociaci\u00f3n Monte Pituco, Mari\u00f1a Patrimonio, O Baixo Ulla, O Su\u00eddo, Asociaci\u00f3n Batistales, Asociaci\u00f3n Cova Crea, Asociaci\u00f3n Ferrol Terra Antiga&#8230; entre outras.\u00a0<\/p>\n\n\n\n<p><strong>Encontro Pecha Kucha\u00a0<\/strong><\/p>\n\n\n\n<p>O d\u00eda 30 de novembro celebrarase en Encontro &#8220;Pecha Kucha&#8221; no que as entidades po\u00f1er\u00e1n en com\u00fan proxectos e metodolox\u00edas de acci\u00f3n realizados \u00f3 longo dos \u00faltimos anos. Neste 2020 cel\u00e9brase o d\u00e9cimo aniversario da fundaci\u00f3n de varias das entidades da Rede que reflicten a diversidade do asociacionismo do patrimonio cultural galego: 10 anos de O Sorriso de Daniel, Monte Pindo Parque Natural, PatrimonioGalego.net; 12 anos de Mari\u00f1a Patrimonio; 15 de Roxin Roxal; 25 de Ponte nas Ondas; 42 de Adega&#8230;\u00a0Son tempos de adaptaci\u00f3n, de percorrer novos cami\u00f1os, pero sempre, defendendo, po\u00f1endo en valor e divulgando o noso patrimonio.\u00a0<\/p>\n\n\n\n<p>As actividades poderanse seguir no facebook da Rede do Patrimonio e na canle de youtube de Roxin Roxal.<\/p>\n\n\n\n<p>ContactoSole Felloza &#8211; Comisi\u00f3n Coordinadora 635952820<\/p>\n","protected":false},"excerpt":{"rendered":"<p>DIA MUNDIAL DO PATRIMONIO 2020\u00a0 Con motivo da celebraci\u00f3n do D\u00eda do Patrimonio m\u00e1is de cen entidades mobilizaranse na rede para dar visibilidade \u00f3 seu compromiso co patrimonio galego.\u00a0Dende o [&hellip;]<\/p>\n","protected":false},"author":1,"featured_media":0,"comment_status":"open","ping_status":"open","sticky":false,"template":"","format":"standard","meta":{"_et_pb_use_builder":"off","_et_pb_old_content":"","_et_gb_content_width":"","_jetpack_memberships_contains_paid_content":false,"footnotes":""},"categories":[23,7,6,1],"tags":[712,713],"class_list":["post-7449","post","type-post","status-publish","format-standard","hentry","category-autoresas","category-creacion","category-novas","category-xeral","tag-dia-mundial-do-patrimonio","tag-rede-do-patrimonio-cultural"],"jetpack_featured_media_url":"","jetpack_sharing_enabled":true,"_links":{"self":[{"href":"http:\/\/culturaliagz.com\/index.php?rest_route=\/wp\/v2\/posts\/7449","targetHints":{"allow":["GET"]}}],"collection":[{"href":"http:\/\/culturaliagz.com\/index.php?rest_route=\/wp\/v2\/posts"}],"about":[{"href":"http:\/\/culturaliagz.com\/index.php?rest_route=\/wp\/v2\/types\/post"}],"author":[{"embeddable":true,"href":"http:\/\/culturaliagz.com\/index.php?rest_route=\/wp\/v2\/users\/1"}],"replies":[{"embeddable":true,"href":"http:\/\/culturaliagz.com\/index.php?rest_route=%2Fwp%2Fv2%2Fcomments&post=7449"}],"version-history":[{"count":3,"href":"http:\/\/culturaliagz.com\/index.php?rest_route=\/wp\/v2\/posts\/7449\/revisions"}],"predecessor-version":[{"id":7460,"href":"http:\/\/culturaliagz.com\/index.php?rest_route=\/wp\/v2\/posts\/7449\/revisions\/7460"}],"wp:attachment":[{"href":"http:\/\/culturaliagz.com\/index.php?rest_route=%2Fwp%2Fv2%2Fmedia&parent=7449"}],"wp:term":[{"taxonomy":"category","embeddable":true,"href":"http:\/\/culturaliagz.com\/index.php?rest_route=%2Fwp%2Fv2%2Fcategories&post=7449"},{"taxonomy":"post_tag","embeddable":true,"href":"http:\/\/culturaliagz.com\/index.php?rest_route=%2Fwp%2Fv2%2Ftags&post=7449"}],"curies":[{"name":"wp","href":"https:\/\/api.w.org\/{rel}","templated":true}]}}