{"id":7445,"date":"2020-11-09T16:50:39","date_gmt":"2020-11-09T15:50:39","guid":{"rendered":"http:\/\/culturaliagz.com\/?p=7445"},"modified":"2020-11-09T16:52:07","modified_gmt":"2020-11-09T15:52:07","slug":"o-festival-atlantica-celebra-san-martino-en-teo-cunha-sesion-en-lina-da-contadora-aragonesa-sandra-araguas","status":"publish","type":"post","link":"http:\/\/culturaliagz.com\/?p=7445","title":{"rendered":"O Festival Atl\u00e1ntica celebra San Marti\u00f1o en Teo cunha sesi\u00f3n en li\u00f1a da contadora aragonesa Sandra Aragu\u00e1s"},"content":{"rendered":"\n<div class=\"wp-block-image\"><figure class=\"aligncenter size-large\"><a href=\"http:\/\/culturaliagz.com\/wp-content\/uploads\/2020\/11\/CARTEL_SANDRA_TEO.jpg\" target=\"_blank\" rel=\"noopener noreferrer\"><img loading=\"lazy\" decoding=\"async\" width=\"724\" height=\"1024\" src=\"http:\/\/culturaliagz.com\/wp-content\/uploads\/2020\/11\/CARTEL_SANDRA_TEO-724x1024.jpg\" alt=\"\" class=\"wp-image-7446\"\/><\/a><\/figure><\/div>\n\n\n\n<p><strong>O <a href=\"http:\/\/festivalatlantica.com\/\" target=\"_blank\" rel=\"noreferrer noopener\">Festival Atl\u00e1ntica<\/a> celebra San Marti\u00f1o en Teo cunha sesi\u00f3n en li\u00f1a da contadora aragonesa Sandra Aragu\u00e1s<\/strong><\/p>\n\n\n\n<p>\u00b7&nbsp;&nbsp;&nbsp;&nbsp;&nbsp;&nbsp; <strong>O evento vaise retransmitir en li\u00f1a este martes, 10 de novembro, a partir das 16 horas no Facebook das bibliotecas de Teo<\/strong><\/p>\n\n\n\n<p>\u00b7&nbsp;&nbsp;&nbsp;&nbsp;&nbsp;&nbsp; <strong>O espect\u00e1culo \u2018Contos sorprendentes\u2019 est\u00e1 dirixido a nenos de entre tres e oito anos<\/strong><\/p>\n\n\n\n<p>Coincidindo coa celebraci\u00f3n de San Marti\u00f1o en Teo, o Festival Atl\u00e1ntica vai ofrecer unha funci\u00f3n da narradora oscense Sandra Arag\u00faas que ser\u00e1 retransmitida en li\u00f1a pola p\u00e1xina de Facebook das bibliotecas municipais do concello (<a href=\"http:\/\/facebook.com\/bibliotecas.municipais.deteo\" target=\"_blank\" rel=\"noreferrer noopener\">facebook.com\/bibliotecas.municipais.deteo<\/a>). O evento ser\u00e1 este martes, 10 de novembro, a partir das 16 horas, e levar\u00e1 o t\u00edtulo de \u2018Polo San Marti\u00f1o contos en li\u00f1a: Contos sorprendentes\u2019. Neste espect\u00e1culo, concibido para nenos con idades entre os tres e os oitos anos, Aragu\u00e1s vai intentar arrincar o riso e a gargallada a trav\u00e9s de historias tolas e xocosas onde pode acontecer calquera cousa. A actividade conta coa colaboraci\u00f3n do Concello de Teo.<\/p>\n\n\n\n<div class=\"wp-block-image\"><figure class=\"alignleft size-medium\"><a href=\"http:\/\/culturaliagz.com\/wp-content\/uploads\/2020\/11\/Sandra-Araguas-baixa.jpg\" target=\"_blank\" rel=\"noopener noreferrer\"><img loading=\"lazy\" decoding=\"async\" width=\"300\" height=\"200\" src=\"http:\/\/culturaliagz.com\/wp-content\/uploads\/2020\/11\/Sandra-Araguas-baixa-300x200.jpg\" alt=\"\" class=\"wp-image-7447\"\/><\/a><figcaption>Sandra Aragu\u00e1s<\/figcaption><\/figure><\/div>\n\n\n\n<p>A narradora <strong>Sandra Aragu\u00e1s<\/strong> licenciouse en Humanidades, especialidade en Lingua e cultura espa\u00f1ola. \u00c9 contista profesional, escritora, editora, investigadora de tradici\u00f3n oral e <em>guide-interpr\u00e8te national fran\u00e7aise<\/em>. Conta en bibliotecas, escolas, institutos, campa\u00f1as de animaci\u00f3n \u00e1 lectura, obradoiros de oralidade, feiras do libro, semanas culturais, festivais e actos variados difundindo a tradici\u00f3n oral aragonesa. Tam\u00e9n participa en encontros e festivais como \u2018La casa de los t\u00edteres\u2019 de Abizanda, o Festival Pirineos Sur, Huesca es un cuento, o Festival Langarte, G\u00fcestival de Larr\u00e9s, o Programa Provincia Inquieta de C\u00e1ceres&#8230; e sobre todo en vilas, nas s\u00faas r\u00faas, preto da xente.<\/p>\n\n\n\n<p>Entre as s\u00faas publicaci\u00f3ns figuran <em>La sombra del olvido<\/em>, <em>Mi madre es una bruja<\/em>, <em>La campana de Huesca<\/em>, <em>La mano verde<\/em>, <em>Rabadancito<\/em>, <em>Titiritera<\/em>, <em>Olvido Sinsentido<\/em>, <em>To\u00f1o Cazaimposibles<\/em>, <em>L\u00e1grimas en los tejados<\/em>, <em>La pirata. El granjejeo<\/em>, <em>Por encima de rama e hoja<\/em>, <em>Lanuza sobre las aguas<\/em>, <em>Aitana y la abuela<\/em> (Premio ao mellor libro do Altoarag\u00f3n pola asociaci\u00f3n de libreiros de Huesca) ou <em>Amina quiere ser bruja<\/em>, por citar algunhas.<\/p>\n\n\n\n<p><strong>Atl\u00e1ntica segue a navegar<\/strong><\/p>\n\n\n\n<p>O Festival proseguir\u00e1 durante os d\u00edas 13 de novembro e o 5 e 6 de decembro con m\u00e1is actuaci\u00f3ns noutros concellos galegos. A informaci\u00f3n sobre os artistas p\u00f3dese consultar na web do festival (<a href=\"http:\/\/festivalatlantica.gal\/\" target=\"_blank\" rel=\"noreferrer noopener\">http:\/\/festivalatlantica.gal\/<\/a>). Tam\u00e9n est\u00e1n dispo\u00f1ibles o programa das actuaci\u00f3ns e mais os detalles sobre o proceso de reserva de convites. Dada a cambiante situaci\u00f3n sanitaria, esta programaci\u00f3n est\u00e1 suxeita a modificaci\u00f3ns, pero calquera alteraci\u00f3n ser\u00e1 anunciada a trav\u00e9s das canles do Festival Atl\u00e1ntica.<\/p>\n","protected":false},"excerpt":{"rendered":"<p>O Festival Atl\u00e1ntica celebra San Marti\u00f1o en Teo cunha sesi\u00f3n en li\u00f1a da contadora aragonesa Sandra Aragu\u00e1s \u00b7&nbsp;&nbsp;&nbsp;&nbsp;&nbsp;&nbsp; O evento vaise retransmitir en li\u00f1a este martes, 10 de novembro, a [&hellip;]<\/p>\n","protected":false},"author":1,"featured_media":0,"comment_status":"open","ping_status":"open","sticky":false,"template":"","format":"standard","meta":{"_et_pb_use_builder":"off","_et_pb_old_content":"","_et_gb_content_width":"","_jetpack_memberships_contains_paid_content":false,"footnotes":""},"categories":[23,7,6,1],"tags":[629,711],"class_list":["post-7445","post","type-post","status-publish","format-standard","hentry","category-autoresas","category-creacion","category-novas","category-xeral","tag-festival-atlantica","tag-sandra-araguas"],"jetpack_featured_media_url":"","jetpack_sharing_enabled":true,"_links":{"self":[{"href":"http:\/\/culturaliagz.com\/index.php?rest_route=\/wp\/v2\/posts\/7445","targetHints":{"allow":["GET"]}}],"collection":[{"href":"http:\/\/culturaliagz.com\/index.php?rest_route=\/wp\/v2\/posts"}],"about":[{"href":"http:\/\/culturaliagz.com\/index.php?rest_route=\/wp\/v2\/types\/post"}],"author":[{"embeddable":true,"href":"http:\/\/culturaliagz.com\/index.php?rest_route=\/wp\/v2\/users\/1"}],"replies":[{"embeddable":true,"href":"http:\/\/culturaliagz.com\/index.php?rest_route=%2Fwp%2Fv2%2Fcomments&post=7445"}],"version-history":[{"count":1,"href":"http:\/\/culturaliagz.com\/index.php?rest_route=\/wp\/v2\/posts\/7445\/revisions"}],"predecessor-version":[{"id":7448,"href":"http:\/\/culturaliagz.com\/index.php?rest_route=\/wp\/v2\/posts\/7445\/revisions\/7448"}],"wp:attachment":[{"href":"http:\/\/culturaliagz.com\/index.php?rest_route=%2Fwp%2Fv2%2Fmedia&parent=7445"}],"wp:term":[{"taxonomy":"category","embeddable":true,"href":"http:\/\/culturaliagz.com\/index.php?rest_route=%2Fwp%2Fv2%2Fcategories&post=7445"},{"taxonomy":"post_tag","embeddable":true,"href":"http:\/\/culturaliagz.com\/index.php?rest_route=%2Fwp%2Fv2%2Ftags&post=7445"}],"curies":[{"name":"wp","href":"https:\/\/api.w.org\/{rel}","templated":true}]}}