{"id":7437,"date":"2020-11-06T20:28:33","date_gmt":"2020-11-06T19:28:33","guid":{"rendered":"http:\/\/culturaliagz.com\/?p=7437"},"modified":"2020-11-06T20:28:36","modified_gmt":"2020-11-06T19:28:36","slug":"sabado-de-contos-en-santiago-co-festival-atlantica","status":"publish","type":"post","link":"http:\/\/culturaliagz.com\/?p=7437","title":{"rendered":"S\u00e1bado de contos en Santiago co Festival Atl\u00e1ntica"},"content":{"rendered":"\n<figure class=\"wp-block-gallery aligncenter columns-3 is-cropped wp-block-gallery-1 is-layout-flex wp-block-gallery-is-layout-flex\"><ul class=\"blocks-gallery-grid\"><li class=\"blocks-gallery-item\"><figure><a href=\"http:\/\/culturaliagz.com\/wp-content\/uploads\/2020\/11\/CARTEL_ALMACIGA_DOUSVENTOS_web.png\"><img loading=\"lazy\" decoding=\"async\" width=\"724\" height=\"1024\" src=\"http:\/\/culturaliagz.com\/wp-content\/uploads\/2020\/11\/CARTEL_ALMACIGA_DOUSVENTOS_web-724x1024.png\" alt=\"\" data-id=\"7438\" data-full-url=\"http:\/\/culturaliagz.com\/wp-content\/uploads\/2020\/11\/CARTEL_ALMACIGA_DOUSVENTOS_web.png\" data-link=\"http:\/\/culturaliagz.com\/?attachment_id=7438\" class=\"wp-image-7438\"\/><\/a><\/figure><\/li><li class=\"blocks-gallery-item\"><figure><a href=\"http:\/\/culturaliagz.com\/wp-content\/uploads\/2020\/11\/CARTEL_CSC_SANTAMARTA_web.png\"><img loading=\"lazy\" decoding=\"async\" width=\"724\" height=\"1024\" src=\"http:\/\/culturaliagz.com\/wp-content\/uploads\/2020\/11\/CARTEL_CSC_SANTAMARTA_web-724x1024.png\" alt=\"\" data-id=\"7439\" data-full-url=\"http:\/\/culturaliagz.com\/wp-content\/uploads\/2020\/11\/CARTEL_CSC_SANTAMARTA_web.png\" data-link=\"http:\/\/culturaliagz.com\/?attachment_id=7439\" class=\"wp-image-7439\"\/><\/a><\/figure><\/li><li class=\"blocks-gallery-item\"><figure><a href=\"http:\/\/culturaliagz.com\/wp-content\/uploads\/2020\/11\/CARTEL_CSC_VITE_web.png\"><img loading=\"lazy\" decoding=\"async\" width=\"724\" height=\"1024\" src=\"http:\/\/culturaliagz.com\/wp-content\/uploads\/2020\/11\/CARTEL_CSC_VITE_web-724x1024.png\" alt=\"\" data-id=\"7440\" data-full-url=\"http:\/\/culturaliagz.com\/wp-content\/uploads\/2020\/11\/CARTEL_CSC_VITE_web.png\" data-link=\"http:\/\/culturaliagz.com\/?attachment_id=7440\" class=\"wp-image-7440\"\/><\/a><\/figure><\/li><\/ul><\/figure>\n\n\n\n<p><strong>S\u00e1bado de contos en Santiago co <a href=\"http:\/\/festivalatlantica.com\/\" target=\"_blank\" rel=\"noreferrer noopener\">Festival Atl\u00e1ntica<\/a><\/strong><\/p>\n\n\n\n<p>\u00b7&nbsp;&nbsp;&nbsp;&nbsp;&nbsp;&nbsp; <strong>\u00c1s 10.30 horas, Charo Pita levar\u00e1 \u2018Men\u00fa de contos\u2019 ao Centro Sociocultural de Vite, unha funci\u00f3n para cativos<\/strong><\/p>\n\n\n\n<p>\u00b7&nbsp;&nbsp;&nbsp;&nbsp;&nbsp;&nbsp; <strong>A partir das 18 horas, Noelia Carioca estar\u00e1 no Centro Sociocultural de Santa Marta cun espect\u00e1culo para nenos titulado \u2018Contos e papaventos\u2019<\/strong><\/p>\n\n\n\n<p>\u00b7&nbsp;&nbsp;&nbsp;&nbsp;&nbsp;&nbsp; <strong>O p\u00fablico adulto ten unha cita con Rub\u00e9n Mart\u00ednez e \u2018Dous ventos\u2019 a partir das 21 horas no Centro Xove da Alm\u00e1ciga<\/strong><\/p>\n\n\n\n<p><\/p>\n\n\n\n<div class=\"wp-block-image\"><figure class=\"alignleft size-medium\"><a href=\"http:\/\/culturaliagz.com\/wp-content\/uploads\/2020\/11\/Charo-Pita-scaled.jpg\" target=\"_blank\" rel=\"noopener noreferrer\"><img loading=\"lazy\" decoding=\"async\" width=\"300\" height=\"200\" src=\"http:\/\/culturaliagz.com\/wp-content\/uploads\/2020\/11\/Charo-Pita-300x200.jpg\" alt=\"\" class=\"wp-image-7434\"\/><\/a><figcaption>Charo Pita<\/figcaption><\/figure><\/div>\n\n\n\n<p>O Festival Atl\u00e1ntica comezar\u00e1 a xornada do s\u00e1bado cunha sesi\u00f3n de <strong>Charo Pita<\/strong> no Centro Sociocultural de Vite para cativos con idades entre os 3 e 8 anos. A funci\u00f3n, prevista para as 10.30 horas, levar\u00e1 por t\u00edtulo \u2018Men\u00fa de contos\u2019 e para asistir c\u00f3mpre reservar previamente a entrada no tel\u00e9fono 981 542 490.<\/p>\n\n\n\n<p>Neste espect\u00e1culo haber\u00e1 historias con princesas, sapos, bruxos, bonecos, trens, fabas, reis, l\u00faas ou camelos. Contos tan variados coma un men\u00fa de restaurante: historias salgadas \u00e1 maneira das patacas fritas, outras tristeiras coma os botes de esp\u00e1rragos e mesmo tenras coma os tori\u00f1os de pescada. Depender\u00e1 do men\u00fa do d\u00eda. De como ve\u00f1a a contadora. De como sexa a fame dos que escoitan. Pero todas dun xeito ou doutro axudan a medrar porque te\u00f1en vitamina I de imaxinativas.<\/p>\n\n\n\n<div class=\"wp-block-image\"><figure class=\"alignleft size-medium\"><a href=\"http:\/\/culturaliagz.com\/wp-content\/uploads\/2020\/11\/Noelia-Carioca.jpg\" target=\"_blank\" rel=\"noopener noreferrer\"><img loading=\"lazy\" decoding=\"async\" width=\"300\" height=\"225\" src=\"http:\/\/culturaliagz.com\/wp-content\/uploads\/2020\/11\/Noelia-Carioca-300x225.jpg\" alt=\"\" class=\"wp-image-7432\"\/><\/a><figcaption>Noelia Carioca<\/figcaption><\/figure><\/div>\n\n\n\n<p>Xa pola tarde, \u00e1s 18 horas, <strong>Noelia Carioca<\/strong> estar\u00e1 co seu espect\u00e1culo \u2018Contos e papaventos\u2019 no Centro Sociocultural de Santa Marta. Esta narradora salmantina, co apoio de bonecos, obxectos e instrumentos musicais, vai ser quen de lles dar vida \u00e1s historias que brindar\u00e1 ao p\u00fablico para facelo voar alto coma os papaventos. Un espect\u00e1culo cheo de animais, poes\u00eda e ritmo para rir, so\u00f1ar e gozar pensado para nenos de entre 3 e 8 anos. A\u00ednda que a entrada \u00e9 gratu\u00edta, para asistir c\u00f3mpre reservar por adiantado no tel\u00e9fono 981 543 017.<\/p>\n\n\n\n<p><\/p>\n\n\n\n<p><\/p>\n\n\n\n<div class=\"wp-block-image\"><figure class=\"alignleft size-medium\"><a href=\"http:\/\/culturaliagz.com\/wp-content\/uploads\/2020\/11\/Ruben-Martinez-baixa.jpg\" target=\"_blank\" rel=\"noopener noreferrer\"><img loading=\"lazy\" decoding=\"async\" width=\"300\" height=\"225\" src=\"http:\/\/culturaliagz.com\/wp-content\/uploads\/2020\/11\/Ruben-Martinez-baixa-300x225.jpg\" alt=\"\" class=\"wp-image-7433\"\/><\/a><figcaption>Rub\u00e9n Mart\u00ednez<\/figcaption><\/figure><\/div>\n\n\n\n<p>Pola noiti\u00f1a, a partir das 21 horas, o p\u00fablico adulto vai ter a oportunidade de gozar coas historias de <strong>Rub\u00e9n Mart\u00ednez<\/strong> nunha funci\u00f3n titulada \u2018Dous ventos\u2019 no Centro Xove da Alm\u00e1ciga (entrada gratu\u00edta, reservas na web festivalatlantica.gal). Os ventos que sopran desde a Venezuela natal deste contador mest\u00faranse cos que zoan os contos do Mediterr\u00e1neo, onde Mart\u00ednez leva a vivir vinte anos. O resultado \u00e9 unha am\u00e1lgama de vivencias que se reflicten na cadencia e na voz de algu\u00e9n que \u00e9 de ac\u00e1 e de acol\u00e1, como os contos de \u2018Dous ventos\u2019.<\/p>\n\n\n\n<p><\/p>\n\n\n\n<p><\/p>\n\n\n\n<p><strong>Sobre os artistas<\/strong><\/p>\n\n\n\n<p>A galega <strong>Charo Pita<\/strong> naceu \u00e1 idade de seis anos cando rematou de ler o seu primeiro libro. Leva contando historias de viva voz e impartindo obradoiros de narraci\u00f3n oral e lectura en voz alta desde o ano 94, como narradora en solitario, dentro de espect\u00e1culos biling\u00fces ingl\u00e9s-galego, ou en sesi\u00f3ns nas que se combinan os contos e a m\u00fasica. Como escritora ten m\u00e1is dunha ducia de libros publicados. Recibiu alg\u00fans premios literarios, o premio Espiral Maior de poes\u00eda no ano 2001 e no 2018, ou o Manuel Murgu\u00eda de narraci\u00f3ns breves para adultos, entre outros. Participou tam\u00e9n en proxectos musicais e teatrais como na <em>Nena e o grilo no pa\u00eds das apertas<\/em> xunto a Mag\u00edn Blanco, en <em>Estamos no ver\u00e1n<\/em> xunto a Xo\u00e1n Curiel ou en <em>No pa\u00eds do vento<\/em> da man de Mar\u00eda Faltri e Jorge Juncal.<\/p>\n\n\n\n<p><strong>Noelia Gonz\u00e1lez<\/strong>, alias \u2018Carioca\u2019, \u00e9 licenciada en Pedagox\u00eda, pero dende que descubriu o poder da palabra ded\u00edcase \u00e1 narraci\u00f3n oral. Leva os seus contos a escolas, bibliotecas, prazas e garder\u00edas, sempre coa maleta chea de obxectos que toman vida nos seus espect\u00e1culos. Compaxina os contos coa docencia nunha escola de circo e coa interpretaci\u00f3n.<\/p>\n\n\n\n<p><strong>Rub\u00e9n Mart\u00ednez<\/strong> \u00e9 xornalista, m\u00fasico, escritor, actor, contacontos e director do Festival de Narraci\u00f3n Oral de Barcelona \u2018Munt de mots\u2019. Atesoura trinta e cinco anos de profesi\u00f3n, cheos de creatividade, traballo e moita imaxinaci\u00f3n. Foi pioneiro da narraci\u00f3n oral en Venezuela, Chile e Catalu\u00f1a. Formador de narradores e narradoras orais no Programa Atrapa la Paraula, do Consorci de Biblioteques de Barcelona dende o ano 2002.<\/p>\n\n\n\n<p><strong>M\u00e1is Atl\u00e1ntica, m\u00e1is contos<\/strong><\/p>\n\n\n\n<p>O Festival proseguir\u00e1 durante os d\u00edas 10 e 13 de novembro e o 5 e 6 de decembro con m\u00e1is actuaci\u00f3ns noutros concellos galegos. A informaci\u00f3n sobre os artistas p\u00f3dese consultar na web do festival (<a href=\"http:\/\/festivalatlantica.gal\/\" target=\"_blank\" rel=\"noreferrer noopener\">http:\/\/festivalatlantica.gal\/<\/a>). Tam\u00e9n est\u00e1n dispo\u00f1ibles o programa das actuaci\u00f3ns e mais os detalles sobre o proceso de reserva de convites. Dada a cambiante situaci\u00f3n sanitaria, esta programaci\u00f3n est\u00e1 suxeita a modificaci\u00f3ns, pero calquera alteraci\u00f3n ser\u00e1 anunciada a trav\u00e9s das canles do Festival Atl\u00e1ntica.<\/p>\n","protected":false},"excerpt":{"rendered":"<p>S\u00e1bado de contos en Santiago co Festival Atl\u00e1ntica \u00b7&nbsp;&nbsp;&nbsp;&nbsp;&nbsp;&nbsp; \u00c1s 10.30 horas, Charo Pita levar\u00e1 \u2018Men\u00fa de contos\u2019 ao Centro Sociocultural de Vite, unha funci\u00f3n para cativos \u00b7&nbsp;&nbsp;&nbsp;&nbsp;&nbsp;&nbsp; A partir [&hellip;]<\/p>\n","protected":false},"author":1,"featured_media":0,"comment_status":"open","ping_status":"open","sticky":false,"template":"","format":"standard","meta":{"_et_pb_use_builder":"off","_et_pb_old_content":"","_et_gb_content_width":"","_jetpack_memberships_contains_paid_content":false,"footnotes":""},"categories":[23,7,129,6,1],"tags":[709,629,707,708],"class_list":["post-7437","post","type-post","status-publish","format-standard","hentry","category-autoresas","category-creacion","category-literaria","category-novas","category-xeral","tag-charo-pita","tag-festival-atlantica","tag-noelia-carioca","tag-ruben-martinez"],"jetpack_featured_media_url":"","jetpack_sharing_enabled":true,"_links":{"self":[{"href":"http:\/\/culturaliagz.com\/index.php?rest_route=\/wp\/v2\/posts\/7437","targetHints":{"allow":["GET"]}}],"collection":[{"href":"http:\/\/culturaliagz.com\/index.php?rest_route=\/wp\/v2\/posts"}],"about":[{"href":"http:\/\/culturaliagz.com\/index.php?rest_route=\/wp\/v2\/types\/post"}],"author":[{"embeddable":true,"href":"http:\/\/culturaliagz.com\/index.php?rest_route=\/wp\/v2\/users\/1"}],"replies":[{"embeddable":true,"href":"http:\/\/culturaliagz.com\/index.php?rest_route=%2Fwp%2Fv2%2Fcomments&post=7437"}],"version-history":[{"count":1,"href":"http:\/\/culturaliagz.com\/index.php?rest_route=\/wp\/v2\/posts\/7437\/revisions"}],"predecessor-version":[{"id":7441,"href":"http:\/\/culturaliagz.com\/index.php?rest_route=\/wp\/v2\/posts\/7437\/revisions\/7441"}],"wp:attachment":[{"href":"http:\/\/culturaliagz.com\/index.php?rest_route=%2Fwp%2Fv2%2Fmedia&parent=7437"}],"wp:term":[{"taxonomy":"category","embeddable":true,"href":"http:\/\/culturaliagz.com\/index.php?rest_route=%2Fwp%2Fv2%2Fcategories&post=7437"},{"taxonomy":"post_tag","embeddable":true,"href":"http:\/\/culturaliagz.com\/index.php?rest_route=%2Fwp%2Fv2%2Ftags&post=7437"}],"curies":[{"name":"wp","href":"https:\/\/api.w.org\/{rel}","templated":true}]}}