{"id":7428,"date":"2020-11-05T22:22:12","date_gmt":"2020-11-05T21:22:12","guid":{"rendered":"http:\/\/culturaliagz.com\/?p=7428"},"modified":"2020-11-05T22:22:53","modified_gmt":"2020-11-05T21:22:53","slug":"os-contos-do-festival-atlantica-seguen-este-venres-malia-as-restricions","status":"publish","type":"post","link":"http:\/\/culturaliagz.com\/?p=7428","title":{"rendered":"Os contos do Festival Atl\u00e1ntica seguen este venres malia as restrici\u00f3ns"},"content":{"rendered":"\n<figure class=\"wp-block-gallery aligncenter columns-3 is-cropped wp-block-gallery-1 is-layout-flex wp-block-gallery-is-layout-flex\"><ul class=\"blocks-gallery-grid\"><li class=\"blocks-gallery-item\"><figure><a href=\"http:\/\/culturaliagz.com\/wp-content\/uploads\/2020\/11\/CARTEL_ANXEL_CASAL_web.png\"><img loading=\"lazy\" decoding=\"async\" width=\"724\" height=\"1024\" src=\"http:\/\/culturaliagz.com\/wp-content\/uploads\/2020\/11\/CARTEL_ANXEL_CASAL_web-724x1024.png\" alt=\"\" data-id=\"7429\" data-full-url=\"http:\/\/culturaliagz.com\/wp-content\/uploads\/2020\/11\/CARTEL_ANXEL_CASAL_web.png\" data-link=\"http:\/\/culturaliagz.com\/?attachment_id=7429\" class=\"wp-image-7429\"\/><\/a><\/figure><\/li><li class=\"blocks-gallery-item\"><figure><a href=\"http:\/\/culturaliagz.com\/wp-content\/uploads\/2020\/11\/CARTEL_DOSPASOS_web.png\"><img loading=\"lazy\" decoding=\"async\" width=\"724\" height=\"1024\" src=\"http:\/\/culturaliagz.com\/wp-content\/uploads\/2020\/11\/CARTEL_DOSPASOS_web-724x1024.png\" alt=\"\" data-id=\"7430\" data-full-url=\"http:\/\/culturaliagz.com\/wp-content\/uploads\/2020\/11\/CARTEL_DOSPASOS_web.png\" data-link=\"http:\/\/culturaliagz.com\/?attachment_id=7430\" class=\"wp-image-7430\"\/><\/a><\/figure><\/li><li class=\"blocks-gallery-item\"><figure><a href=\"http:\/\/culturaliagz.com\/wp-content\/uploads\/2020\/11\/CARTEL_IGREXA_CHARO_web.png\"><img loading=\"lazy\" decoding=\"async\" width=\"724\" height=\"1024\" src=\"http:\/\/culturaliagz.com\/wp-content\/uploads\/2020\/11\/CARTEL_IGREXA_CHARO_web-724x1024.png\" alt=\"\" data-id=\"7431\" data-full-url=\"http:\/\/culturaliagz.com\/wp-content\/uploads\/2020\/11\/CARTEL_IGREXA_CHARO_web.png\" data-link=\"http:\/\/culturaliagz.com\/?attachment_id=7431\" class=\"wp-image-7431\"\/><\/a><\/figure><\/li><\/ul><\/figure>\n\n\n\n<p><strong>Os contos do <a href=\"http:\/\/festivalatlantica.com\/\" target=\"_blank\" rel=\"noreferrer noopener\">Festival Atl\u00e1ntica<\/a> seguen este venres malia as restrici\u00f3ns<\/strong><\/p>\n\n\n\n<p>\u00b7&nbsp;&nbsp;&nbsp;&nbsp;&nbsp;&nbsp; <strong>A partir das 18.30 horas, Noelia Carioca estar\u00e1 na Biblioteca Anxel Casal cun espect\u00e1culo para nenos titulado \u2018Contos e papaventos\u2019<\/strong><\/p>\n\n\n\n<p>\u00b7&nbsp;&nbsp;&nbsp;&nbsp;&nbsp;&nbsp; <strong>\u00c1s 20.30 horas, Rub\u00e9n Mart\u00ednez estar\u00e1 con \u2018Cuenter\u00edas\u2019 no local Dospasos de Bertamir\u00e1ns<\/strong><\/p>\n\n\n\n<p>\u00b7&nbsp;&nbsp;&nbsp;&nbsp;&nbsp;&nbsp; <strong>Tam\u00e9n \u00e1s 20.30 horas Charo Pita actuar\u00e1 na Igrexa da Universidade de Santiago de Compostela<\/strong><\/p>\n\n\n\n<p>As restrici\u00f3ns que entran en vigor este venres non van impedir que os contos do Festival Atl\u00e1ntica tomen de novo a cidade picheleira. Tres narradores ben dispares, Noelia Carioca, Rub\u00e9n Mart\u00ednez e Charo Pita, protagonizar\u00e1n tres sesi\u00f3ns de historias para todos os gustos e p\u00fablicos.<\/p>\n\n\n\n<div class=\"wp-block-image\"><figure class=\"alignleft size-medium\"><a href=\"http:\/\/culturaliagz.com\/wp-content\/uploads\/2020\/11\/Noelia-Carioca.jpg\" target=\"_blank\" rel=\"noopener noreferrer\"><img loading=\"lazy\" decoding=\"async\" width=\"300\" height=\"225\" src=\"http:\/\/culturaliagz.com\/wp-content\/uploads\/2020\/11\/Noelia-Carioca-300x225.jpg\" alt=\"\" class=\"wp-image-7432\"\/><\/a><figcaption>Noelia Carioca<\/figcaption><\/figure><\/div>\n\n\n\n<p>A primeira cita ser\u00e1 con <strong>Noelia Carioca<\/strong> e co seu espect\u00e1culo \u2018Contos e papaventos\u2019 na Biblioteca P\u00fablica Anxel Casal a partir das 18.30 horas. Esta narradora salmantina, co apoio de bonecos, obxectos e instrumentos musicais, vai ser quen de lles dar vida \u00e1s historias que brindar\u00e1 ao p\u00fablico para facelo voar alto coma os papaventos. Un espect\u00e1culo cheo de animais, poes\u00eda e ritmo para rir, so\u00f1ar e gozar pensado para nenos de entre 3 e 8 anos. A\u00ednda que a entrada \u00e9 gratu\u00edta, para asistir c\u00f3mpre recoller o convite no mostrador de informaci\u00f3n 30 minutos antes do comezo da actividade.<\/p>\n\n\n\n<p>Noelia Gonz\u00e1lez, alias \u2018Carioca\u2019, \u00e9 licenciada en Pedagox\u00eda, pero dende que descubriu o poder da palabra ded\u00edcase \u00e1 narraci\u00f3n oral. Leva os seus contos a escolas, bibliotecas, prazas e garder\u00edas, sempre coa a maleta chea de obxectos que toman vida nos seus espect\u00e1culos. Compaxina os contos coa docencia nunha escola de circo e coa interpretaci\u00f3n.<\/p>\n\n\n\n<p><strong>Cuenter\u00eda venezolana<\/strong><\/p>\n\n\n\n<div class=\"wp-block-image\"><figure class=\"alignleft size-medium\"><a href=\"http:\/\/culturaliagz.com\/wp-content\/uploads\/2020\/11\/Ruben-Martinez-baixa.jpg\" target=\"_blank\" rel=\"noopener noreferrer\"><img loading=\"lazy\" decoding=\"async\" width=\"300\" height=\"225\" src=\"http:\/\/culturaliagz.com\/wp-content\/uploads\/2020\/11\/Ruben-Martinez-baixa-300x225.jpg\" alt=\"\" class=\"wp-image-7433\"\/><\/a><figcaption>Rub\u00e9n Mart\u00ednez<\/figcaption><\/figure><\/div>\n\n\n\n<p>Algo m\u00e1is tarde, \u00e1s 20.30 horas, e no local Dospasos de Bertamir\u00e1ns estar\u00e1 <strong>Rub\u00e9n Mart\u00ednez<\/strong> cunha sesi\u00f3n de \u2018Cuenter\u00eda\u2019. Un espect\u00e1culo para adultos que consiste nunha selecci\u00f3n de historias de seu no que este narrador venezolano amosa a s\u00faa visi\u00f3n absurda, m\u00e1xica e extravagante do mundo. [Dospasos | r\u00faa Pesqueiras 6, local 10, Bertamir\u00e1ns | prezo 7,5 \u20ac | reserva de entradas por WhatsApp en 660619071]<\/p>\n\n\n\n<p>Rub\u00e9n Mart\u00ednez \u00e9 xornalista, m\u00fasico, escritor, actor, contacontos e director do Festival de Narraci\u00f3n Oral de Barcelona \u2018Munt de mots\u2019. Atesoura trinta e cinco anos de profesi\u00f3n, cheos de creatividade, traballo e moita imaxinaci\u00f3n. Foi pioneiro da narraci\u00f3n oral en Venezuela, Chile e Catalu\u00f1a. Formador de narradores e narradoras orais no Programa Atrapa la Paraula, do Consorci de Biblioteques de Barcelona dende o ano 2002.<\/p>\n\n\n\n<p><strong>Contos na igrexa<\/strong><\/p>\n\n\n\n<div class=\"wp-block-image\"><figure class=\"alignleft size-medium\"><a href=\"http:\/\/culturaliagz.com\/wp-content\/uploads\/2020\/11\/Charo-Pita-scaled.jpg\" target=\"_blank\" rel=\"noopener noreferrer\"><img loading=\"lazy\" decoding=\"async\" width=\"300\" height=\"200\" src=\"http:\/\/culturaliagz.com\/wp-content\/uploads\/2020\/11\/Charo-Pita-300x200.jpg\" alt=\"\" class=\"wp-image-7434\"\/><\/a><figcaption>Charo Pita<\/figcaption><\/figure><\/div>\n\n\n\n<p>Tam\u00e9n \u00e1s 20.30 horas, pero na Igrexa da Universidade de Santiago de Compostela, os amantes dos contos te\u00f1en unha cita con <strong>Charo Pita<\/strong> e co espect\u00e1culo \u2018Baixo a l\u00faa \u00e1s 20.30\u2019, unha escolma de historias sobre os corpos que se abalan nas sombras, nas alegr\u00edas, nos medos e nos so\u00f1os que nos desvelan. A ollada, o silencio e, como non, a palabra son os protagonistas destes relatos. Alg\u00fans deles proceden da tradici\u00f3n oral de lugares remotos e outros, da propia narradora, pero todos foron concibidos para gozar das noites de luar.<\/p>\n\n\n\n<p>A galega Charo Pita naceu \u00e1 idade de seis anos cando rematou de ler o seu primeiro libro. Leva contando historias de viva voz e impartindo obradoiros de narraci\u00f3n oral e lectura en voz alta desde o ano 94, como narradora en solitario, dentro de espect\u00e1culos biling\u00fces ingl\u00e9s-galego, ou en sesi\u00f3ns nas que se combinan os contos e a m\u00fasica. Como escritora ten m\u00e1is dunha ducia de libros publicados. Recibiu alg\u00fans premios literarios, o premio Espiral Maior de poes\u00eda no ano 2001 e no 2018, ou o Manuel Murgu\u00eda de narraci\u00f3ns breves para adultos, entre outros. Participou tam\u00e9n en proxectos musicais e teatrais como na <em>Nena e o grilo no pa\u00eds das apertas<\/em> xunto a Mag\u00edn Blanco, en <em>Estamos no ver\u00e1n<\/em> xunto a Xo\u00e1n Curiel ou en <em>No pa\u00eds do vento<\/em> da man de Mar\u00eda Faltri e Jorge Juncal.<\/p>\n\n\n\n<p><strong>M\u00e1is Atl\u00e1ntica, m\u00e1is contos<\/strong><\/p>\n\n\n\n<p>O Festival proseguir\u00e1 durante os d\u00edas 7 e 13 de novembro e o 5 e 6 de decembro con m\u00e1is actuaci\u00f3ns noutros concellos galegos. A informaci\u00f3n sobre os artistas p\u00f3dese consultar na web do festival (<a href=\"http:\/\/festivalatlantica.gal\/\" target=\"_blank\" rel=\"noreferrer noopener\">http:\/\/festivalatlantica.gal\/<\/a>). Tam\u00e9n est\u00e1n dispo\u00f1ibles o programa das actuaci\u00f3ns e mais os detalles sobre o proceso de reserva de convites.<\/p>\n\n\n\n<p>Ag\u00e1s no caso de Ferrol e Teo, a maior\u00eda das funci\u00f3ns son, polo de agora, presenciais, pero dada a cambiante situaci\u00f3n sanitaria, esta previsi\u00f3n est\u00e1 suxeita a modificaci\u00f3ns. En todo caso, calquera alteraci\u00f3n ser\u00e1 anunciada a trav\u00e9s das canles do Festival Atl\u00e1ntica.<\/p>\n","protected":false},"excerpt":{"rendered":"<p>Os contos do Festival Atl\u00e1ntica seguen este venres malia as restrici\u00f3ns \u00b7&nbsp;&nbsp;&nbsp;&nbsp;&nbsp;&nbsp; A partir das 18.30 horas, Noelia Carioca estar\u00e1 na Biblioteca Anxel Casal cun espect\u00e1culo para nenos titulado \u2018Contos [&hellip;]<\/p>\n","protected":false},"author":1,"featured_media":0,"comment_status":"open","ping_status":"open","sticky":false,"template":"","format":"standard","meta":{"_et_pb_use_builder":"off","_et_pb_old_content":"","_et_gb_content_width":"","_jetpack_memberships_contains_paid_content":false,"footnotes":""},"categories":[23,7,129,6,1],"tags":[709,629,707,708],"class_list":["post-7428","post","type-post","status-publish","format-standard","hentry","category-autoresas","category-creacion","category-literaria","category-novas","category-xeral","tag-charo-pita","tag-festival-atlantica","tag-noelia-carioca","tag-ruben-martinez"],"jetpack_featured_media_url":"","jetpack_sharing_enabled":true,"_links":{"self":[{"href":"http:\/\/culturaliagz.com\/index.php?rest_route=\/wp\/v2\/posts\/7428","targetHints":{"allow":["GET"]}}],"collection":[{"href":"http:\/\/culturaliagz.com\/index.php?rest_route=\/wp\/v2\/posts"}],"about":[{"href":"http:\/\/culturaliagz.com\/index.php?rest_route=\/wp\/v2\/types\/post"}],"author":[{"embeddable":true,"href":"http:\/\/culturaliagz.com\/index.php?rest_route=\/wp\/v2\/users\/1"}],"replies":[{"embeddable":true,"href":"http:\/\/culturaliagz.com\/index.php?rest_route=%2Fwp%2Fv2%2Fcomments&post=7428"}],"version-history":[{"count":2,"href":"http:\/\/culturaliagz.com\/index.php?rest_route=\/wp\/v2\/posts\/7428\/revisions"}],"predecessor-version":[{"id":7436,"href":"http:\/\/culturaliagz.com\/index.php?rest_route=\/wp\/v2\/posts\/7428\/revisions\/7436"}],"wp:attachment":[{"href":"http:\/\/culturaliagz.com\/index.php?rest_route=%2Fwp%2Fv2%2Fmedia&parent=7428"}],"wp:term":[{"taxonomy":"category","embeddable":true,"href":"http:\/\/culturaliagz.com\/index.php?rest_route=%2Fwp%2Fv2%2Fcategories&post=7428"},{"taxonomy":"post_tag","embeddable":true,"href":"http:\/\/culturaliagz.com\/index.php?rest_route=%2Fwp%2Fv2%2Ftags&post=7428"}],"curies":[{"name":"wp","href":"https:\/\/api.w.org\/{rel}","templated":true}]}}