{"id":7420,"date":"2020-11-04T23:39:29","date_gmt":"2020-11-04T22:39:29","guid":{"rendered":"http:\/\/culturaliagz.com\/?p=7420"},"modified":"2020-11-04T23:39:32","modified_gmt":"2020-11-04T22:39:32","slug":"este-sabado-na-casa-museo-manuel-maria-presentacion-do-libro-a-vida-incerta-biografia-de-virxinia-pereira-de-montse-fajardo","status":"publish","type":"post","link":"http:\/\/culturaliagz.com\/?p=7420","title":{"rendered":"Este s\u00e1bado na Casa-Museo Manuel Mar\u00eda presentaci\u00f3n do libro &#8220;A vida incerta. Biograf\u00eda de Virxinia Pereira&#8221;, de Montse Fajardo"},"content":{"rendered":"\n<div class=\"wp-block-image\"><figure class=\"aligncenter size-large\"><a href=\"http:\/\/culturaliagz.com\/wp-content\/uploads\/2020\/11\/1601467546018vida.png\" target=\"_blank\" rel=\"noopener noreferrer\"><img loading=\"lazy\" decoding=\"async\" width=\"619\" height=\"1024\" src=\"http:\/\/culturaliagz.com\/wp-content\/uploads\/2020\/11\/1601467546018vida-619x1024.png\" alt=\"\" class=\"wp-image-7421\" srcset=\"http:\/\/culturaliagz.com\/wp-content\/uploads\/2020\/11\/1601467546018vida-619x1024.png 619w, http:\/\/culturaliagz.com\/wp-content\/uploads\/2020\/11\/1601467546018vida-480x794.png 480w\" sizes=\"auto, (min-width: 0px) and (max-width: 480px) 480px, (min-width: 481px) 619px, 100vw\" \/><\/a><\/figure><\/div>\n\n\n\n<p><\/p>\n\n\n\n<p>Este s\u00e1bado, d\u00eda 7, \u00e1s 18 hrs, presentamos na <a rel=\"noreferrer noopener\" href=\"http:\/\/www.casamuseomanuelmaria.gal\/portada.htm\" target=\"_blank\">Casa-Museo Manuel Mar\u00eda<\/a> o libro <a rel=\"noreferrer noopener\" href=\"http:\/\/www.casamuseomanuelmaria.gal\/actividades\/presentase-este-sabado-na-casa-museo.htm?tipo=ACTIVIDADE\" target=\"_blank\">&#8220;A vida incerta. Biograf\u00eda de Virxinia Pereira&#8221;<\/a>, do que \u00e9 autora <a href=\"https:\/\/www.aelg.gal\/centro-documentacion\/autores-as\/montse-fajardo\" target=\"_blank\" rel=\"noreferrer noopener\">Montse Fajardo<\/a>, que estar\u00e1 presente no acto.<\/p>\n\n\n\n<p>O libro reconstr\u00fae o pensamento e a loita da compa\u00f1eira de Castelao, unha persoa que percorreu o mundo na defensa da dignidade e dos dereitos do pobo galego fronte ao fascismo e a impunidade.<\/p>\n\n\n\n<p>Tras a presentaci\u00f3n, manteremos coa autora un coloquio. A entrada \u00e9 libre, mais por mor das limitaci\u00f3ns de aforo, as persoas interesadas en asistir deben inscribirse a trav\u00e9s do correo electr\u00f3nico&nbsp;<em><\/em><em><a href=\"mailto:contacto@casamuseomanuelmaria.gal\" target=\"_blank\" rel=\"noreferrer noopener\">contacto@casamuseomanuelmaria.gal<\/a><\/em><em>&nbsp;ou do whatsapp<\/em><em><\/em><em>&nbsp;698177621.<\/em><\/p>\n\n\n\n<p><strong>Montse Fajardo P\u00e9rez&nbsp;<\/strong>(Vilagarc\u00eda, 1973) \u00e9 licenciada en Ciencias Pol\u00edticas e da Administraci\u00f3n e ten un m\u00e1ster en Dereito das Administraci\u00f3ns e Instituci\u00f3ns P\u00fablicas, mais a s\u00faa traxectoria profesional sempre estivo vinculada ao xornalismo.<\/p>\n\n\n\n<p>Traballou en&nbsp;<em>O Saln\u00e9s Siradella<\/em>, Radio Ames,&nbsp;<em>Diario de Arousa<\/em>&nbsp;e&nbsp;<em>Faro de Vigo&nbsp;<\/em>e \u00e9 colaboradora habitual de faladoiros radiof\u00f3nicos.<\/p>\n\n\n\n<p>Na actualidade forma parte do equipo redactor do programa&nbsp;<em>A memoria das mulleres<\/em>, promovido pola Concellar\u00eda de Patrimonio e Memoria Hist\u00f3rica do Concello de Pontevedra. No seu marco participou no libro&nbsp;<em>Do gris ao violeta<\/em><em>. Achega \u00e1 historia das mulleres pontevedresas<\/em>&nbsp;co texto,&nbsp;<em>As que quedaron,<\/em>&nbsp;no que analiza a repercusi\u00f3n da represi\u00f3n franquista sobre as familias afectadas. Nesa li\u00f1a imparte por centros educativos e asociaci\u00f3ns culturais galegas a charla&nbsp;<em>A represi\u00f3n sobre as mulleres tras o golpe de Estado do 36.<\/em><\/p>\n\n\n\n<p>En solitario \u00e9 a autora dos libros&nbsp;<em>Matriarcas. Mulleres en p\u00e9 de vida<\/em>&nbsp;(2012),&nbsp;<em>Un cesto de maz\u00e1s. Memoria das v\u00edtimas do 36 e do tempo que veu<\/em>&nbsp;(2015),&nbsp;<em>Invisibles. Relatos do maltrato<\/em>&nbsp;(2017) e&nbsp;<em>O escal\u00f3n de Ulises. A Pontevedra dos afectos de Mar\u00eda Victoria Moreno, a mestra que escrib\u00eda libros<\/em>&nbsp;(2018)<\/p>\n\n\n\n<p>Ademais, foi a comisaria da exposici\u00f3n itinerante Rexas, mulleres baixo o terror franquista, posta en marcha pola Deputaci\u00f3n de Pontevedra en 2017.<\/p>\n\n\n\n<p>En outubro de 2018 ga\u00f1ou a II edici\u00f3n do premio de Xornalismo &#8220;Lueiro Rey&#8221; que organiza o Concello de Fornelos de Montes, co seu artigo &#8220;O universo de Carlos&#8221;, protagonizado por un neno con autismo.<\/p>\n","protected":false},"excerpt":{"rendered":"<p>Este s\u00e1bado, d\u00eda 7, \u00e1s 18 hrs, presentamos na Casa-Museo Manuel Mar\u00eda o libro &#8220;A vida incerta. Biograf\u00eda de Virxinia Pereira&#8221;, do que \u00e9 autora Montse Fajardo, que estar\u00e1 presente [&hellip;]<\/p>\n","protected":false},"author":1,"featured_media":0,"comment_status":"open","ping_status":"open","sticky":false,"template":"","format":"standard","meta":{"_et_pb_use_builder":"off","_et_pb_old_content":"","_et_gb_content_width":"","_jetpack_memberships_contains_paid_content":false,"footnotes":""},"categories":[23,7,129,6,1],"tags":[704,190,703],"class_list":["post-7420","post","type-post","status-publish","format-standard","hentry","category-autoresas","category-creacion","category-literaria","category-novas","category-xeral","tag-a-vida-incerta-biografia-de-virxinia-pereira","tag-casa-museo-manuel-maria","tag-montse-fajardo"],"jetpack_featured_media_url":"","jetpack_sharing_enabled":true,"_links":{"self":[{"href":"http:\/\/culturaliagz.com\/index.php?rest_route=\/wp\/v2\/posts\/7420","targetHints":{"allow":["GET"]}}],"collection":[{"href":"http:\/\/culturaliagz.com\/index.php?rest_route=\/wp\/v2\/posts"}],"about":[{"href":"http:\/\/culturaliagz.com\/index.php?rest_route=\/wp\/v2\/types\/post"}],"author":[{"embeddable":true,"href":"http:\/\/culturaliagz.com\/index.php?rest_route=\/wp\/v2\/users\/1"}],"replies":[{"embeddable":true,"href":"http:\/\/culturaliagz.com\/index.php?rest_route=%2Fwp%2Fv2%2Fcomments&post=7420"}],"version-history":[{"count":1,"href":"http:\/\/culturaliagz.com\/index.php?rest_route=\/wp\/v2\/posts\/7420\/revisions"}],"predecessor-version":[{"id":7422,"href":"http:\/\/culturaliagz.com\/index.php?rest_route=\/wp\/v2\/posts\/7420\/revisions\/7422"}],"wp:attachment":[{"href":"http:\/\/culturaliagz.com\/index.php?rest_route=%2Fwp%2Fv2%2Fmedia&parent=7420"}],"wp:term":[{"taxonomy":"category","embeddable":true,"href":"http:\/\/culturaliagz.com\/index.php?rest_route=%2Fwp%2Fv2%2Fcategories&post=7420"},{"taxonomy":"post_tag","embeddable":true,"href":"http:\/\/culturaliagz.com\/index.php?rest_route=%2Fwp%2Fv2%2Ftags&post=7420"}],"curies":[{"name":"wp","href":"https:\/\/api.w.org\/{rel}","templated":true}]}}