{"id":7412,"date":"2020-11-04T22:22:52","date_gmt":"2020-11-04T21:22:52","guid":{"rendered":"http:\/\/culturaliagz.com\/?p=7412"},"modified":"2020-11-04T22:24:38","modified_gmt":"2020-11-04T21:24:38","slug":"os-contos-do-festival-atlantica-regresan-este-xoves-a-galicia","status":"publish","type":"post","link":"http:\/\/culturaliagz.com\/?p=7412","title":{"rendered":"Os contos do Festival Atl\u00e1ntica regresan este xoves a Galicia"},"content":{"rendered":"\n<figure class=\"wp-block-gallery columns-2 is-cropped wp-block-gallery-1 is-layout-flex wp-block-gallery-is-layout-flex\"><ul class=\"blocks-gallery-grid\"><li class=\"blocks-gallery-item\"><figure><a href=\"http:\/\/culturaliagz.com\/wp-content\/uploads\/2020\/11\/CARTEL_CSC_FONTINAS_web-724x1024.png\"><img loading=\"lazy\" decoding=\"async\" width=\"724\" height=\"1024\" src=\"http:\/\/culturaliagz.com\/wp-content\/uploads\/2020\/11\/CARTEL_CSC_FONTINAS_web-724x1024.png\" alt=\"\" data-id=\"7414\" data-link=\"http:\/\/culturaliagz.com\/?attachment_id=7414\" class=\"wp-image-7414\"\/><\/a><\/figure><\/li><li class=\"blocks-gallery-item\"><figure><a href=\"http:\/\/culturaliagz.com\/wp-content\/uploads\/2020\/11\/CARTEL_ALMACIGA_GUTI_web-1.png\"><img loading=\"lazy\" decoding=\"async\" width=\"724\" height=\"1024\" src=\"http:\/\/culturaliagz.com\/wp-content\/uploads\/2020\/11\/CARTEL_ALMACIGA_GUTI_web-1-724x1024.png\" alt=\"\" data-id=\"7418\" data-full-url=\"http:\/\/culturaliagz.com\/wp-content\/uploads\/2020\/11\/CARTEL_ALMACIGA_GUTI_web-1.png\" data-link=\"http:\/\/culturaliagz.com\/os-contos-do-festival-atlantica-regresan-este-xoves-a-galicia\/cartel_almaciga_guti_web-1\" class=\"wp-image-7418\"\/><\/a><\/figure><\/li><\/ul><\/figure>\n\n\n\n<p><strong>Os contos do <a href=\"http:\/\/festivalatlantica.com\/\" target=\"_blank\" rel=\"noreferrer noopener\">Festival Atl\u00e1ntica<\/a> regresan este xoves a Galicia<\/strong><\/p>\n\n\n\n<p>\u00b7&nbsp;&nbsp;&nbsp;&nbsp;&nbsp;&nbsp; <strong>A programaci\u00f3n de Santiago comeza coa retransmisi\u00f3n en li\u00f1a do espect\u00e1culo de Fernando Salda\u00f1a nas redes sociais dos centros socioculturais de Santiago<\/strong><\/p>\n\n\n\n<p>\u00b7&nbsp;&nbsp;&nbsp;&nbsp;&nbsp;&nbsp; <strong>A partir das 20.30 horas ser\u00e1 a quenda de Jos\u00e9 Luis Guti\u00e9rrez \u2018Guti\u2019 no Centro Xove da Alm\u00e1ciga<\/strong><\/p>\n\n\n\n<p>\u00b7&nbsp;&nbsp;&nbsp;&nbsp;&nbsp;&nbsp; <strong>Todas as funci\u00f3ns son gratu\u00edtas pero c\u00f3mpre reservar por adiantado o convite<\/strong><\/p>\n\n\n\n<p>\u00b7&nbsp;&nbsp;&nbsp;&nbsp;&nbsp;&nbsp; <strong>O espect\u00e1culo de Charo Pita xa esgotou as s\u00faas reservas e outros est\u00e1n a piques de completar o aforo<\/strong><\/p>\n\n\n\n<p>Este xoves, 5 de novembro, os contos do <a href=\"http:\/\/festivalatlantica.com\/\" target=\"_blank\" rel=\"noreferrer noopener\">Festival Atl\u00e1ntica<\/a> volver\u00e1n a Galicia para completar a s\u00faa oitava edici\u00f3n, interrompida de s\u00fapeto pola declaraci\u00f3n do estado de alarma. Malia as restrici\u00f3ns sanitarias vixentes, o veterano encontro de narraci\u00f3n oral vai dar programado 24 espect\u00e1culos, que se van desenvolver os d\u00edas 5, 6, 7 e 13 de novembro e mais o 5 e o 6 de decembro cun formato h\u00edbrido que compaxinar\u00e1 as sesi\u00f3ns presenciais coas actuaci\u00f3ns en li\u00f1a.<\/p>\n\n\n\n<div class=\"wp-block-image\"><figure class=\"alignleft size-medium\"><a href=\"http:\/\/culturaliagz.com\/wp-content\/uploads\/2020\/11\/Fernando-Saldana-2-baixa.jpg\" target=\"_blank\" rel=\"noopener noreferrer\"><img loading=\"lazy\" decoding=\"async\" width=\"225\" height=\"300\" src=\"http:\/\/culturaliagz.com\/wp-content\/uploads\/2020\/11\/Fernando-Saldana-2-baixa-225x300.jpg\" alt=\"\" class=\"wp-image-7415\"\/><\/a><figcaption>Fernando Salda\u00f1a<\/figcaption><\/figure><\/div>\n\n\n\n<p>No caso de Santiago, a primeira cita ser\u00e1 este xoves, 5 de novembro, co narrador <strong>Fernando Salda\u00f1a<\/strong>, que brindar\u00e1 unha funci\u00f3n en li\u00f1a do \u2018Peixe de ouro\u2019 que se retransmitir\u00e1 a trav\u00e9s das redes dos centros socioculturais de Santiago de Compostela. Tr\u00e1tase dun espect\u00e1culo para nenos de entre 3 e 8 anos que est\u00e1 baseado no conto cl\u00e1sico co mesmo t\u00edtulo. Nel n\u00e1rrase a historia de avaricia dunha familia que, tras recibir un desexo por parte dun peixe, quere m\u00e1is e m\u00e1is e m\u00e1is.<\/p>\n\n\n\n<p>O salmantino Fernando Salda\u00f1a \u00e9, ante todo, e sobre todo, contacontos. Tam\u00e9n \u00e9 mago, actor, director de teatro, ilustrador e humorista gr\u00e1fico. Salda\u00f1a ten traballado na radio e en televisi\u00f3ns locais, foi dese\u00f1ador gr\u00e1fico, locutor, profesor de circo e de programas inform\u00e1ticos&#8230; Pero o que m\u00e1is lle gusta \u00e9 contar historias. A todos. Para todas as idades: desde os beb\u00e9s ata os que hai tempo que chegaron aos cen.<\/p>\n\n\n\n<p>Nos seus cofres, ba\u00fais e maletas ten contos gardados para todos e cada un. Salda\u00f1a asenta a narraci\u00f3n nos obxectos coti\u00e1ns, nos xogos de maxia, en bonecos e monicreques, no seu corpo e na s\u00faa voz, para que o espectador viva cada unha das s\u00faas palabras, como el as goza cando sobe a un escenario ou se coloca diante do seu p\u00fablico nunha escola, biblioteca, xard\u00edn ou praza.<\/p>\n\n\n\n<p><strong>Tradici\u00f3n oral zamorana<\/strong><\/p>\n\n\n\n<div class=\"wp-block-image\"><figure class=\"alignleft size-medium\"><a href=\"http:\/\/culturaliagz.com\/wp-content\/uploads\/2020\/11\/Jose-Luis-Gutierrez-Guti-2-baixa.jpg\" target=\"_blank\" rel=\"noopener noreferrer\"><img loading=\"lazy\" decoding=\"async\" width=\"300\" height=\"200\" src=\"http:\/\/culturaliagz.com\/wp-content\/uploads\/2020\/11\/Jose-Luis-Gutierrez-Guti-2-baixa-300x200.jpg\" alt=\"\" class=\"wp-image-7416\"\/><\/a><figcaption>Jos\u00e9 Luis Guiti\u00e9rrez &#8216;Guiti&#8217;<\/figcaption><\/figure><\/div>\n\n\n\n<p>Algo m\u00e1is tarde, \u00e1s 20.30 horas, <strong>Jos\u00e9 Luis Guti\u00e9rrez \u2018Guti\u2019 <\/strong>levar\u00e1 ata o Centro Xove da Alm\u00e1ciga as s\u00faas \u2018Historias de filandar\u2019 (reserva anticipada en festivalatlantica.gal). Neste espect\u00e1culo o romance e o conto tradicional vanse zarrapicando da xeograf\u00eda, da vida das coci\u00f1as, dos traballos do campo, das historias de vida de cada informante, e de cada vella que entra e sae do escenario da man deste zamorano. Funciona como un exercicio de agradecemento a quen lle regalou o testemu\u00f1o dun mundo oral, e aspira a ser, para quen escoita, unha volta ao tempo feliz no que a palabra do vello era necesaria<\/p>\n\n\n\n<p><strong>Jos\u00e9 Luis Guti\u00e9rrez<\/strong> \u00e9 gaiteiro, cantador, bailador e, sobre todo, contador de historias. Todos os contos e romances que usa recolleunos directamente de narradores tradicionais, os m\u00e1is deles de anci\u00e1ns do mundo rural cos que compartiu moitos bos intres. Procura conservar o car\u00e1cter dialectal de cada narraci\u00f3n e mais a atmosfera que envolv\u00eda o narrador tradicional, carente de artificios nun mundo sen tele nin radio. \u2018Guti\u2019 traballa principalmente no \u00e1mbito rural procurando dalg\u00fan xeito restablecer a cadea de comunicaci\u00f3n-transmisi\u00f3n da cultura oral rota pola condena dos anci\u00e1ns ao silencio nunha sociedade dominada polo que se repite desde o televisor. Polo seu espect\u00e1culo <em>A pelo<\/em> recibiu no 2015 o Premio de Interpretaci\u00f3n Masculina na XII Edici\u00f3n dos Premios Moretti de Teatro.<\/p>\n\n\n\n<p><strong>Entradas esgotadas<\/strong><\/p>\n\n\n\n<p>O Festival proseguir\u00e1 nos vindeiros d\u00edas con m\u00e1is actuaci\u00f3ns nos concellos de Ferrol, Ourense, Lal\u00edn, Pazos de Borb\u00e9n, Bri\u00f3n, A Coru\u00f1a, Teo e Vigo, al\u00e9n de Santiago de Compostela. Alg\u00fans dos espect\u00e1culos xa te\u00f1en o cartel de entradas esgotadas, como no caso da funci\u00f3n de Charo Pita, pero a\u00ednda quedan prazas para as restantes.<\/p>\n\n\n\n<p>Outro evento que completou o seu aforo foi o de Pablo D\u00edaz na Nave de Vid\u00e1n (Santiago) pero por mor das novas restrici\u00f3ns que entrar\u00e1n en vigor o venres, a actividade vai ser adiada. As persoas que ti\u00f1an entrada ter\u00e1n preferencia para a nova data que ser\u00e1 comunicada m\u00e1is adiante pola organizaci\u00f3n.<\/p>\n\n\n\n<p>A informaci\u00f3n sobre os artistas p\u00f3dese consultar na web do festival (<a href=\"http:\/\/festivalatlantica.gal\/\" target=\"_blank\" rel=\"noreferrer noopener\">http:\/\/festivalatlantica.gal\/<\/a>). Tam\u00e9n est\u00e1n dispo\u00f1ibles o programa das actuaci\u00f3ns e mais os detalles sobre o proceso de reserva de convites das funci\u00f3ns presenciais.<\/p>\n\n\n\n<p>Ag\u00e1s no caso de Ferrol e Teo, a maior\u00eda das funci\u00f3ns son, polo de agora, presenciais, pero dada a cambiante situaci\u00f3n sanitaria, esta previsi\u00f3n est\u00e1 suxeita a modificaci\u00f3ns. En todo caso, calquera alteraci\u00f3n ser\u00e1 anunciada a trav\u00e9s das canles do Festival Atl\u00e1ntica.<\/p>\n","protected":false},"excerpt":{"rendered":"<p>Os contos do Festival Atl\u00e1ntica regresan este xoves a Galicia \u00b7&nbsp;&nbsp;&nbsp;&nbsp;&nbsp;&nbsp; A programaci\u00f3n de Santiago comeza coa retransmisi\u00f3n en li\u00f1a do espect\u00e1culo de Fernando Salda\u00f1a nas redes sociais dos centros [&hellip;]<\/p>\n","protected":false},"author":1,"featured_media":0,"comment_status":"open","ping_status":"open","sticky":false,"template":"","format":"standard","meta":{"_et_pb_use_builder":"off","_et_pb_old_content":"","_et_gb_content_width":"","_jetpack_memberships_contains_paid_content":false,"footnotes":""},"categories":[23,7,6,1],"tags":[],"class_list":["post-7412","post","type-post","status-publish","format-standard","hentry","category-autoresas","category-creacion","category-novas","category-xeral"],"jetpack_featured_media_url":"","jetpack_sharing_enabled":true,"_links":{"self":[{"href":"http:\/\/culturaliagz.com\/index.php?rest_route=\/wp\/v2\/posts\/7412","targetHints":{"allow":["GET"]}}],"collection":[{"href":"http:\/\/culturaliagz.com\/index.php?rest_route=\/wp\/v2\/posts"}],"about":[{"href":"http:\/\/culturaliagz.com\/index.php?rest_route=\/wp\/v2\/types\/post"}],"author":[{"embeddable":true,"href":"http:\/\/culturaliagz.com\/index.php?rest_route=\/wp\/v2\/users\/1"}],"replies":[{"embeddable":true,"href":"http:\/\/culturaliagz.com\/index.php?rest_route=%2Fwp%2Fv2%2Fcomments&post=7412"}],"version-history":[{"count":2,"href":"http:\/\/culturaliagz.com\/index.php?rest_route=\/wp\/v2\/posts\/7412\/revisions"}],"predecessor-version":[{"id":7419,"href":"http:\/\/culturaliagz.com\/index.php?rest_route=\/wp\/v2\/posts\/7412\/revisions\/7419"}],"wp:attachment":[{"href":"http:\/\/culturaliagz.com\/index.php?rest_route=%2Fwp%2Fv2%2Fmedia&parent=7412"}],"wp:term":[{"taxonomy":"category","embeddable":true,"href":"http:\/\/culturaliagz.com\/index.php?rest_route=%2Fwp%2Fv2%2Fcategories&post=7412"},{"taxonomy":"post_tag","embeddable":true,"href":"http:\/\/culturaliagz.com\/index.php?rest_route=%2Fwp%2Fv2%2Ftags&post=7412"}],"curies":[{"name":"wp","href":"https:\/\/api.w.org\/{rel}","templated":true}]}}