{"id":7406,"date":"2020-11-02T13:28:49","date_gmt":"2020-11-02T12:28:49","guid":{"rendered":"http:\/\/culturaliagz.com\/?p=7406"},"modified":"2020-11-02T13:28:51","modified_gmt":"2020-11-02T12:28:51","slug":"ieu-lembrando-a-feira-de-santos-de-monterroso","status":"publish","type":"post","link":"http:\/\/culturaliagz.com\/?p=7406","title":{"rendered":"IEU: Lembrando a Feira de Santos de Monterroso"},"content":{"rendered":"\n<figure class=\"wp-block-gallery aligncenter columns-2 is-cropped wp-block-gallery-1 is-layout-flex wp-block-gallery-is-layout-flex\"><ul class=\"blocks-gallery-grid\"><li class=\"blocks-gallery-item\"><figure><a href=\"http:\/\/culturaliagz.com\/wp-content\/uploads\/2020\/11\/As-Feiras-de-Monterroso-Instituto-de-EStudos-Ulloans.jpg\"><img loading=\"lazy\" decoding=\"async\" width=\"767\" height=\"1024\" src=\"http:\/\/culturaliagz.com\/wp-content\/uploads\/2020\/11\/As-Feiras-de-Monterroso-Instituto-de-EStudos-Ulloans-767x1024.jpg\" alt=\"\" data-id=\"7407\" data-full-url=\"http:\/\/culturaliagz.com\/wp-content\/uploads\/2020\/11\/As-Feiras-de-Monterroso-Instituto-de-EStudos-Ulloans.jpg\" data-link=\"http:\/\/culturaliagz.com\/?attachment_id=7407\" class=\"wp-image-7407\"\/><\/a><\/figure><\/li><li class=\"blocks-gallery-item\"><figure><a href=\"http:\/\/culturaliagz.com\/wp-content\/uploads\/2020\/11\/Feira-1-scaled.jpg\"><img loading=\"lazy\" decoding=\"async\" width=\"1024\" height=\"690\" src=\"http:\/\/culturaliagz.com\/wp-content\/uploads\/2020\/11\/Feira-1-1024x690.jpg\" alt=\"\" data-id=\"7408\" data-full-url=\"http:\/\/culturaliagz.com\/wp-content\/uploads\/2020\/11\/Feira-1-scaled.jpg\" data-link=\"http:\/\/culturaliagz.com\/?attachment_id=7408\" class=\"wp-image-7408\" srcset=\"http:\/\/culturaliagz.com\/wp-content\/uploads\/2020\/11\/Feira-1-980x661.jpg 980w, http:\/\/culturaliagz.com\/wp-content\/uploads\/2020\/11\/Feira-1-480x324.jpg 480w\" sizes=\"auto, (min-width: 0px) and (max-width: 480px) 480px, (min-width: 481px) and (max-width: 980px) 980px, (min-width: 981px) 1024px, 100vw\" \/><\/a><\/figure><\/li><li class=\"blocks-gallery-item\"><figure><a href=\"http:\/\/culturaliagz.com\/wp-content\/uploads\/2020\/11\/Feira-4.jpg\"><img loading=\"lazy\" decoding=\"async\" width=\"1024\" height=\"682\" src=\"http:\/\/culturaliagz.com\/wp-content\/uploads\/2020\/11\/Feira-4-1024x682.jpg\" alt=\"\" data-id=\"7409\" data-full-url=\"http:\/\/culturaliagz.com\/wp-content\/uploads\/2020\/11\/Feira-4.jpg\" data-link=\"http:\/\/culturaliagz.com\/?attachment_id=7409\" class=\"wp-image-7409\" srcset=\"http:\/\/culturaliagz.com\/wp-content\/uploads\/2020\/11\/Feira-4-1024x682.jpg 1024w, http:\/\/culturaliagz.com\/wp-content\/uploads\/2020\/11\/Feira-4-980x653.jpg 980w, http:\/\/culturaliagz.com\/wp-content\/uploads\/2020\/11\/Feira-4-480x320.jpg 480w\" sizes=\"auto, (min-width: 0px) and (max-width: 480px) 480px, (min-width: 481px) and (max-width: 980px) 980px, (min-width: 981px) 1024px, 100vw\" \/><\/a><\/figure><\/li><\/ul><\/figure>\n\n\n\n<p>Unha vez m\u00e1is susp\u00e9ndese a <a href=\"http:\/\/ieu.gal\/lembrando-feira-de-santos-de-monterroso\/\" target=\"_blank\" rel=\"noreferrer noopener\">Feira de Santos de Monterroso<\/a>. A primeira vez que se suspendeu foi en 1918, debido \u00e1 pandemia de gripe, e a segunda en 2020, debido \u00e1 de coronavirus. Milleiros de persoas acudiron a ela ininterrompidamente dende hai m\u00e1is de 700 anos, coa \u00fanica excepci\u00f3n co\u00f1ecida da s\u00faa prohibici\u00f3n nestes dous anos.<\/p>\n\n\n\n<p>Da suspensi\u00f3n da feira en 1918 falounos maxistralmente Jes\u00fas Otero Pereiras no libro&nbsp;<em>As Feiras de Monterroso,<\/em>&nbsp;que o IEU publicou en 2019 e no que o fil\u00f3logo Xes\u00fas Alonso Montero ilustrounos falando das variantes&nbsp;da m\u00e1is popular c\u00e1ntiga, a dos 25 xastres, verdadeiro himno taberneiro da Ulloa.<\/p>\n\n\n\n<p>Mais foi historiadora do IEU, Mar\u00eda Jos\u00e9 G\u00f3mez Alvite, coordinadora deste libro, a que, co seu descubrimento dun documento do ano 1286, confirmou as hip\u00f3teses sobre a antig\u00fcidade da Feira de Santos. A ela deb\u00e9moslle as mellores p\u00e1xinas que se escribiron sobre o tema, como foi o libro&nbsp;<em>500 anos de feira de Monterroso.Elementos do patrimonio hist\u00f3rico e<\/em>ditado polo Concello de Monterroso en 2010.<\/p>\n\n\n\n<p>A nosa historiadora abriu tam\u00e9n cami\u00f1os noutros eidos e marcou pautas que seguiron outros investigadores, como foron a primeira investigaci\u00f3n sobre o Cami\u00f1o Santo, que estamos actualmente estudando e promocionando, ou o primeiro proxecto sobre o centro de interpretaci\u00f3n das feiras de Monterroso, que serviu de base para un novo proxecto do IEU, o do Museo de Monterroso.<\/p>\n\n\n\n<p>A feira de Monterroso non so \u00e9 un lugar e un tempo de encontro, de exposici\u00f3n, de transacci\u00f3n, de desfrute, de intercambio ou de relaci\u00f3n social, tam\u00e9n o foi de rebeli\u00f3n, xa que nela xurdiu a revolta antifiscal de 1790, episodio magnificamente relatado por Fernando Salgado en&nbsp;<em>Cair\u00f3n n\u00ba 1<\/em>.<\/p>\n\n\n\n<p>As\u00ed mesmo, o IEU contribu\u00edu \u00e1 divulgaci\u00f3n das feiras de Monterroso organizando en 2018 a exposici\u00f3n&nbsp;<em>Por Feiras e mercados<\/em>, cedida polo Arquivo Hist\u00f3rico Provincial de Lugo, con fotograf\u00edas realizadas nos anos 50 e 60 por Jos\u00e9 Luis Vega, o c\u00e9lebre fot\u00f3grafo e reporteiro gr\u00e1fico do xornal&nbsp;<em>El Progreso<\/em>.<\/p>\n\n\n\n<p>Neste sombr\u00edo 1\u00ba de novembro de 2020 non celebraremos a Feira de Santos, pero qu\u00e9dannos as vellas fotograf\u00edas ou os libros citados para lembrala, con textos que inspiraron artigos e entrevistas posteriores, como \u00e9 o caso da entra\u00f1able reportaxe da monterrosina Marina Garc\u00eda no programa de Mara Torres &nbsp;<em>El Faro de la Ser<\/em>, na que interveu o concelleiro Xabier V\u00e1zquez Garc\u00eda.<\/p>\n\n\n\n<p>Esta reportaxe foi emitida o 30\/10\/2020 no programa&nbsp;<em>El Faro<\/em>, da cadea SER, entre o minuto 1:20:15 e o 1:28:25. Indispensable escoitala completa xa que remata cunha versi\u00f3n fermos\u00edsima de Guadi Galego da c\u00e1ntiga dos 25 xastres. Enviamos o enlace<\/p>\n\n\n\n<p><a href=\"https:\/\/play.cadenaser.com\/audio\/cadenaser_elfaro_20201030_013000_043000\/\">https:\/\/play.cadenaser.com\/audio\/cadenaser_elfaro_20201030_013000_043000\/<\/a><\/p>\n\n\n\n<p>Podedes escoitala tam\u00e9n en:<\/p>\n\n\n\n<p><a href=\"https:\/\/www.facebook.com\/ElFaroCadenaSER\/posts\/2171651916303276\">https:\/\/www.facebook.com\/ElFaroCadenaSER\/posts\/2171651916303276<\/a><\/p>\n\n\n\n<p>E para que baixedes a c\u00e1ntiga dos 25 xastres de Guadi Galego:<\/p>\n\n\n\n<p><a href=\"https:\/\/www.facebook.com\/ElFaroCadenaSER\/posts\/2171644266304041\">https:\/\/www.facebook.com\/ElFaroCadenaSER\/posts\/2171644266304041<\/a><\/p>\n\n\n\n<p>Son achegas de pequenos grans de area para conseguir que a Feira de Monterroso sexa declarada Festa de Interese Tur\u00edstico Nacional (de momento \u00e9 Feira de Interese Tur\u00edstico Galego).<\/p>\n\n\n\n<p><em>Cr\u00f3nica de Francisco Pardo, presidente do <a href=\"http:\/\/ieu.gal\/\" target=\"_blank\" rel=\"noreferrer noopener\">Instituto de Estudos Ullo\u00e1ns<\/a>.<\/em><\/p>\n","protected":false},"excerpt":{"rendered":"<p>Unha vez m\u00e1is susp\u00e9ndese a Feira de Santos de Monterroso. A primeira vez que se suspendeu foi en 1918, debido \u00e1 pandemia de gripe, e a segunda en 2020, debido [&hellip;]<\/p>\n","protected":false},"author":1,"featured_media":0,"comment_status":"open","ping_status":"open","sticky":false,"template":"","format":"standard","meta":{"_et_pb_use_builder":"off","_et_pb_old_content":"","_et_gb_content_width":"","_jetpack_memberships_contains_paid_content":false,"footnotes":""},"categories":[23,7,6,1],"tags":[557,425],"class_list":["post-7406","post","type-post","status-publish","format-standard","hentry","category-autoresas","category-creacion","category-novas","category-xeral","tag-feira-de-santos-de-monterroso","tag-instituto-de-estudos-ulloans"],"jetpack_featured_media_url":"","jetpack_sharing_enabled":true,"_links":{"self":[{"href":"http:\/\/culturaliagz.com\/index.php?rest_route=\/wp\/v2\/posts\/7406","targetHints":{"allow":["GET"]}}],"collection":[{"href":"http:\/\/culturaliagz.com\/index.php?rest_route=\/wp\/v2\/posts"}],"about":[{"href":"http:\/\/culturaliagz.com\/index.php?rest_route=\/wp\/v2\/types\/post"}],"author":[{"embeddable":true,"href":"http:\/\/culturaliagz.com\/index.php?rest_route=\/wp\/v2\/users\/1"}],"replies":[{"embeddable":true,"href":"http:\/\/culturaliagz.com\/index.php?rest_route=%2Fwp%2Fv2%2Fcomments&post=7406"}],"version-history":[{"count":1,"href":"http:\/\/culturaliagz.com\/index.php?rest_route=\/wp\/v2\/posts\/7406\/revisions"}],"predecessor-version":[{"id":7410,"href":"http:\/\/culturaliagz.com\/index.php?rest_route=\/wp\/v2\/posts\/7406\/revisions\/7410"}],"wp:attachment":[{"href":"http:\/\/culturaliagz.com\/index.php?rest_route=%2Fwp%2Fv2%2Fmedia&parent=7406"}],"wp:term":[{"taxonomy":"category","embeddable":true,"href":"http:\/\/culturaliagz.com\/index.php?rest_route=%2Fwp%2Fv2%2Fcategories&post=7406"},{"taxonomy":"post_tag","embeddable":true,"href":"http:\/\/culturaliagz.com\/index.php?rest_route=%2Fwp%2Fv2%2Ftags&post=7406"}],"curies":[{"name":"wp","href":"https:\/\/api.w.org\/{rel}","templated":true}]}}