{"id":7383,"date":"2020-10-31T01:08:13","date_gmt":"2020-10-31T00:08:13","guid":{"rendered":"http:\/\/culturaliagz.com\/?p=7383"},"modified":"2020-10-31T01:20:19","modified_gmt":"2020-10-31T00:20:19","slug":"iria-misa-peralba-ganadora-do-iv-premio-agustin-fernandez-paz","status":"publish","type":"post","link":"http:\/\/culturaliagz.com\/?p=7383","title":{"rendered":"Iria Misa Peralba ga\u00f1adora do IV Premio Agust\u00edn Fern\u00e1ndez Paz de Narrativa Infantil e Xuvenil pola Igualdade"},"content":{"rendered":"\n<figure class=\"wp-block-image size-large\"><a href=\"http:\/\/culturaliagz.com\/wp-content\/uploads\/2020\/10\/DITAME-XURADO-IV-PREMIO-AGUSTIN-FERNANDEZ-PAZ1.png\" target=\"_blank\" rel=\"noopener noreferrer\"><img loading=\"lazy\" decoding=\"async\" width=\"806\" height=\"414\" src=\"http:\/\/culturaliagz.com\/wp-content\/uploads\/2020\/10\/DITAME-XURADO-IV-PREMIO-AGUSTIN-FERNANDEZ-PAZ1.png\" alt=\"\" class=\"wp-image-7384\" srcset=\"http:\/\/culturaliagz.com\/wp-content\/uploads\/2020\/10\/DITAME-XURADO-IV-PREMIO-AGUSTIN-FERNANDEZ-PAZ1.png 806w, http:\/\/culturaliagz.com\/wp-content\/uploads\/2020\/10\/DITAME-XURADO-IV-PREMIO-AGUSTIN-FERNANDEZ-PAZ1-480x247.png 480w\" sizes=\"auto, (min-width: 0px) and (max-width: 480px) 480px, (min-width: 481px) 806px, 100vw\" \/><\/a><figcaption><em>Iria Misa Peralba<\/em><\/figcaption><\/figure>\n\n\n\n<p>Este venres 30 de outubro, \u00e1s 18 horas, reuniuse, de maneira telem\u00e1tica dada a situaci\u00f3n sanitaria derivada da pandemia, o Xurado do IV Premio Agust\u00edn Fern\u00e1ndez Paz de narrativa infantil e xuvenil pola Igualdade, convocado polo <a rel=\"noreferrer noopener\" href=\"https:\/\/estudoschairegos.wixsite.com\/iescha\" target=\"_blank\">Instituto de Estudos Chairegos<\/a>, o <a rel=\"noreferrer noopener\" href=\"https:\/\/www.vilalba.gal\/\" target=\"_blank\">Concello de Vilalba<\/a> e <a rel=\"noreferrer noopener\" href=\"https:\/\/www.xerais.gal\/#\" target=\"_blank\">Edici\u00f3ns Xerais de Galicia<\/a>, e formado por D\u00aa Ant\u00eda Y\u00e1\u00f1ez Rodr\u00edguez, D. Manuel Bragado Rodr\u00edguez e D\u00aa. Mar\u00eda Xes\u00fas Fern\u00e1ndez Fern\u00e1ndez. Unha vez rematada a reuni\u00f3n emiten o seguinte DITAME:<br>O Xurado acorda, por unanimidade, outorgar o IV Premio Agust\u00edn Fern\u00e1ndez Paz de narrativa infantil e xuvenil pola igualdade \u00e1 obra titulada A CIDADE DO \u00c1TOMO presentada baixo o lema ou seud\u00f3nimo de A M\u00c1SCARA.<br>Unha vez aberta a plica, resultou ser o\/a seu\/s\u00faa autor\/a IRIA MISA PERALBA.<br>O xurado salienta a alta calidade media das obras presentadas e recomenda tam\u00e9n apublicaci\u00f3n dos orixinais baixo os lemas \u00abMonadas cu\u00e1nticas\u00bb, \u00abBartolina Sisa\u00bb e \u00abVega\u00bb. Respecto a obra ga\u00f1adora, \u00abA cidade do \u00e1tomo\u00bb destaca a orixinalidade do<br>tratamento do tema, a paisaxe abandonada da cidade ucra\u00edna de Pr\u00edpiat, tras o accidente o 27 de abril de 1986 da central nuclear de Chern\u00f3bil. Destaca ademais a nivel estil\u00edstico a alta calidade da lingua empregada, as\u00ed como a amenidade dun relato no que se mesturan textualidades diversas. \u00abA cidade do \u00e1tomo\u00bb, dirixido a un p\u00fablico infantil, pode interesar sen d\u00fabida ao lector ou lectora de calquera idade, amolando que \u00e9 posible conocer outras realidades dende a nosa lingua e ampliando as\u00ed o horizonte tem\u00e1tico da nosa LIX.<\/p>\n\n\n\n<p>Acceso ao <a href=\"http:\/\/culturaliagz.com\/wp-content\/uploads\/2020\/10\/COMUNICADO-ditame-XURADO-IV-PREMIO-AFP.pdf\" target=\"_blank\" rel=\"noreferrer noopener\">comunicado <\/a>do ditame do xurado.<\/p>\n\n\n\n<div class=\"wp-block-image\"><figure class=\"aligncenter size-full\"><a href=\"http:\/\/culturaliagz.com\/wp-content\/uploads\/2020\/10\/DITAME-XURADO-IV-PREMIO-AGUSTIN-FERNANDEZ-PAZ2.png\" target=\"_blank\" rel=\"noopener noreferrer\"><img loading=\"lazy\" decoding=\"async\" width=\"728\" height=\"339\" src=\"http:\/\/culturaliagz.com\/wp-content\/uploads\/2020\/10\/DITAME-XURADO-IV-PREMIO-AGUSTIN-FERNANDEZ-PAZ2.png\" alt=\"\" class=\"wp-image-7385\" srcset=\"http:\/\/culturaliagz.com\/wp-content\/uploads\/2020\/10\/DITAME-XURADO-IV-PREMIO-AGUSTIN-FERNANDEZ-PAZ2.png 728w, http:\/\/culturaliagz.com\/wp-content\/uploads\/2020\/10\/DITAME-XURADO-IV-PREMIO-AGUSTIN-FERNANDEZ-PAZ2-480x224.png 480w\" sizes=\"auto, (min-width: 0px) and (max-width: 480px) 480px, (min-width: 481px) 728px, 100vw\" \/><\/a><\/figure><\/div>\n\n\n\n<p><\/p>\n","protected":false},"excerpt":{"rendered":"<p>Este venres 30 de outubro, \u00e1s 18 horas, reuniuse, de maneira telem\u00e1tica dada a situaci\u00f3n sanitaria derivada da pandemia, o Xurado do IV Premio Agust\u00edn Fern\u00e1ndez Paz de narrativa infantil [&hellip;]<\/p>\n","protected":false},"author":1,"featured_media":0,"comment_status":"open","ping_status":"open","sticky":false,"template":"","format":"standard","meta":{"_et_pb_use_builder":"off","_et_pb_old_content":"","_et_gb_content_width":"","_jetpack_memberships_contains_paid_content":false,"footnotes":""},"categories":[23,7,129,6,1],"tags":[30,335,234,702,651],"class_list":["post-7383","post","type-post","status-publish","format-standard","hentry","category-autoresas","category-creacion","category-literaria","category-novas","category-xeral","tag-concello-de-vilalba","tag-edicions-xerais","tag-iescha","tag-iria-misa-peralba","tag-iv-premio-agustin-fernandez-paz"],"jetpack_featured_media_url":"","jetpack_sharing_enabled":true,"_links":{"self":[{"href":"http:\/\/culturaliagz.com\/index.php?rest_route=\/wp\/v2\/posts\/7383","targetHints":{"allow":["GET"]}}],"collection":[{"href":"http:\/\/culturaliagz.com\/index.php?rest_route=\/wp\/v2\/posts"}],"about":[{"href":"http:\/\/culturaliagz.com\/index.php?rest_route=\/wp\/v2\/types\/post"}],"author":[{"embeddable":true,"href":"http:\/\/culturaliagz.com\/index.php?rest_route=\/wp\/v2\/users\/1"}],"replies":[{"embeddable":true,"href":"http:\/\/culturaliagz.com\/index.php?rest_route=%2Fwp%2Fv2%2Fcomments&post=7383"}],"version-history":[{"count":7,"href":"http:\/\/culturaliagz.com\/index.php?rest_route=\/wp\/v2\/posts\/7383\/revisions"}],"predecessor-version":[{"id":7393,"href":"http:\/\/culturaliagz.com\/index.php?rest_route=\/wp\/v2\/posts\/7383\/revisions\/7393"}],"wp:attachment":[{"href":"http:\/\/culturaliagz.com\/index.php?rest_route=%2Fwp%2Fv2%2Fmedia&parent=7383"}],"wp:term":[{"taxonomy":"category","embeddable":true,"href":"http:\/\/culturaliagz.com\/index.php?rest_route=%2Fwp%2Fv2%2Fcategories&post=7383"},{"taxonomy":"post_tag","embeddable":true,"href":"http:\/\/culturaliagz.com\/index.php?rest_route=%2Fwp%2Fv2%2Ftags&post=7383"}],"curies":[{"name":"wp","href":"https:\/\/api.w.org\/{rel}","templated":true}]}}