{"id":7373,"date":"2020-10-30T13:31:09","date_gmt":"2020-10-30T12:31:09","guid":{"rendered":"http:\/\/culturaliagz.com\/?p=7373"},"modified":"2020-10-30T14:39:44","modified_gmt":"2020-10-30T13:39:44","slug":"a-asociacion-cultural-caldaloba-e-alvarellos-editora-coeditaran-o-libro-manifesto-25-n-25-voces-pola-eliminacion-da-violencia-contra-a-muller","status":"publish","type":"post","link":"http:\/\/culturaliagz.com\/?p=7373","title":{"rendered":"A Asociaci\u00f3n Cultural CALDALOBA e Alvarellos Editora coeditar\u00e1n o libro &#8220;MANIFESTO 25 N. 25 Voces pola Eliminaci\u00f3n da Violencia contra a Muller&#8221;"},"content":{"rendered":"\n<figure class=\"wp-block-gallery columns-2 is-cropped wp-block-gallery-1 is-layout-flex wp-block-gallery-is-layout-flex\"><ul class=\"blocks-gallery-grid\"><li class=\"blocks-gallery-item\"><figure><a href=\"http:\/\/culturaliagz.com\/wp-content\/uploads\/2020\/10\/1-1.jpg\"><img loading=\"lazy\" decoding=\"async\" width=\"724\" height=\"1024\" src=\"http:\/\/culturaliagz.com\/wp-content\/uploads\/2020\/10\/1-1-724x1024.jpg\" alt=\"\" data-id=\"7374\" data-full-url=\"http:\/\/culturaliagz.com\/wp-content\/uploads\/2020\/10\/1-1.jpg\" data-link=\"http:\/\/culturaliagz.com\/?attachment_id=7374\" class=\"wp-image-7374\"\/><\/a><\/figure><\/li><li class=\"blocks-gallery-item\"><figure><a href=\"http:\/\/culturaliagz.com\/wp-content\/uploads\/2020\/10\/2-1.jpg\"><img loading=\"lazy\" decoding=\"async\" width=\"724\" height=\"1024\" src=\"http:\/\/culturaliagz.com\/wp-content\/uploads\/2020\/10\/2-1-724x1024.jpg\" alt=\"\" data-id=\"7375\" data-full-url=\"http:\/\/culturaliagz.com\/wp-content\/uploads\/2020\/10\/2-1.jpg\" data-link=\"http:\/\/culturaliagz.com\/?attachment_id=7375\" class=\"wp-image-7375\"\/><\/a><\/figure><\/li><\/ul><\/figure>\n\n\n\n<p>A <a rel=\"noreferrer noopener\" href=\"http:\/\/culturaliagz.com\/category\/a-c-caldaloba\" target=\"_blank\">Asociaci\u00f3n Cultural CALDALOBA<\/a>  e <a rel=\"noreferrer noopener\" href=\"https:\/\/alvarellos.info\/\" target=\"_blank\">Alvarellos Editora<\/a> coeditar\u00e1n o libro <strong>MANIFESTO 25 N. <em>25 Voces pola Eliminaci\u00f3n da Violencia contra a Muller<\/em><\/strong>. Nesta edici\u00f3n contar\u00e1n coa achega econ\u00f3mica das \u00c1reas de Cultura do <a rel=\"noreferrer noopener\" href=\"https:\/\/vilalba.org\/\" target=\"_blank\">Concello de Vilalba<\/a> e da <a rel=\"noreferrer noopener\" href=\"http:\/\/www.deputacionlugo.gal\/es\/a-deputacion\/areasgoberno\/turismo-e-cultura\" target=\"_blank\">Deputaci\u00f3n Provincial de Lugo<\/a>, e a colaboraci\u00f3n divulgadora da web <a rel=\"noreferrer noopener\" href=\"http:\/\/culturaliagz.com\/\" target=\"_blank\">Culturalia GZ<\/a>.<\/p>\n\n\n\n<p>Este libro nace co motivo da conmemoraci\u00f3n anual do 25 de Novembro coma D\u00eda Internacional pola Eliminaci\u00f3n da Violencia contra a Muller. Unha antolox\u00eda que amosar\u00e1 desde unha vertente po\u00e9tica&nbsp;e cr\u00edtica (textual, imaxinativa, gr\u00e1fica) a visi\u00f3n particular de 25 artistas da palabra e\/ou da imaxe arredor do 25 N.<\/p>\n\n\n\n<p>Cada persoa s\u00f3 poder\u00e1 achegar UNHA \u00fanica obra ao seguinte enderezo electr\u00f3nico&nbsp;<a href=\"mailto:info@culturaliagz.com\" target=\"_blank\" rel=\"noreferrer noopener\">info@culturaliagz.com<\/a>.<\/p>\n\n\n\n<p>A data l\u00edmite para a recepci\u00f3n de obras ser\u00e1 o mesmo <em><strong>25 de novembro<\/strong><\/em>. A continuaci\u00f3n realizarase unha selecci\u00f3n de <strong>25 <\/strong>obras de todas as achegadas, e que, segundo o criterio da organizaci\u00f3n, mellor reflictan o sentido da convocatoria.<\/p>\n\n\n\n<p>Cada persoa seleccionada recibir\u00e1 DOUS exemplares do libro editado, quedando os restantes para a realizaci\u00f3n, dentro do posible, de presentaci\u00f3ns da publicaci\u00f3n e como xeito de concienciaci\u00f3n fronte a esta lacra social.<\/p>\n","protected":false},"excerpt":{"rendered":"<p>A Asociaci\u00f3n Cultural CALDALOBA e Alvarellos Editora coeditar\u00e1n o libro MANIFESTO 25 N. 25 Voces pola Eliminaci\u00f3n da Violencia contra a Muller. Nesta edici\u00f3n contar\u00e1n coa achega econ\u00f3mica das \u00c1reas [&hellip;]<\/p>\n","protected":false},"author":1,"featured_media":0,"comment_status":"open","ping_status":"open","sticky":false,"template":"","format":"standard","meta":{"_et_pb_use_builder":"off","_et_pb_old_content":"","_et_gb_content_width":"","_jetpack_memberships_contains_paid_content":false,"footnotes":""},"categories":[23,7,129,6,1],"tags":[411,626,30,302,696],"class_list":["post-7373","post","type-post","status-publish","format-standard","hentry","category-autoresas","category-creacion","category-literaria","category-novas","category-xeral","tag-alvarellos-editora","tag-asociacion-cultural-caldaloba","tag-concello-de-vilalba","tag-deputacion-provincial-de-lugo","tag-manifesto-25-n"],"jetpack_featured_media_url":"","jetpack_sharing_enabled":true,"_links":{"self":[{"href":"http:\/\/culturaliagz.com\/index.php?rest_route=\/wp\/v2\/posts\/7373","targetHints":{"allow":["GET"]}}],"collection":[{"href":"http:\/\/culturaliagz.com\/index.php?rest_route=\/wp\/v2\/posts"}],"about":[{"href":"http:\/\/culturaliagz.com\/index.php?rest_route=\/wp\/v2\/types\/post"}],"author":[{"embeddable":true,"href":"http:\/\/culturaliagz.com\/index.php?rest_route=\/wp\/v2\/users\/1"}],"replies":[{"embeddable":true,"href":"http:\/\/culturaliagz.com\/index.php?rest_route=%2Fwp%2Fv2%2Fcomments&post=7373"}],"version-history":[{"count":7,"href":"http:\/\/culturaliagz.com\/index.php?rest_route=\/wp\/v2\/posts\/7373\/revisions"}],"predecessor-version":[{"id":7382,"href":"http:\/\/culturaliagz.com\/index.php?rest_route=\/wp\/v2\/posts\/7373\/revisions\/7382"}],"wp:attachment":[{"href":"http:\/\/culturaliagz.com\/index.php?rest_route=%2Fwp%2Fv2%2Fmedia&parent=7373"}],"wp:term":[{"taxonomy":"category","embeddable":true,"href":"http:\/\/culturaliagz.com\/index.php?rest_route=%2Fwp%2Fv2%2Fcategories&post=7373"},{"taxonomy":"post_tag","embeddable":true,"href":"http:\/\/culturaliagz.com\/index.php?rest_route=%2Fwp%2Fv2%2Ftags&post=7373"}],"curies":[{"name":"wp","href":"https:\/\/api.w.org\/{rel}","templated":true}]}}