{"id":7362,"date":"2020-10-28T18:18:48","date_gmt":"2020-10-28T17:18:48","guid":{"rendered":"http:\/\/culturaliagz.com\/?p=7362"},"modified":"2020-10-28T18:48:43","modified_gmt":"2020-10-28T17:48:43","slug":"presentacion-en-lina-da-viii-edicion-do-festival-atlantica-de-narracion-oral","status":"publish","type":"post","link":"http:\/\/culturaliagz.com\/?p=7362","title":{"rendered":"Presentaci\u00f3n en li\u00f1a da VIII Edici\u00f3n do FESTIVAL ATL\u00c1NTICA DE NARRACI\u00d3N ORAL"},"content":{"rendered":"\n<div class=\"wp-block-image\"><figure class=\"aligncenter size-large\"><a href=\"http:\/\/culturaliagz.com\/wp-content\/uploads\/2020\/10\/CABECERA_WEB_2020_NOV.png\" target=\"_blank\" rel=\"noopener noreferrer\"><img loading=\"lazy\" decoding=\"async\" width=\"600\" height=\"90\" src=\"http:\/\/culturaliagz.com\/wp-content\/uploads\/2020\/10\/CABECERA_WEB_2020_NOV.png\" alt=\"\" class=\"wp-image-7363\" srcset=\"http:\/\/culturaliagz.com\/wp-content\/uploads\/2020\/10\/CABECERA_WEB_2020_NOV.png 600w, http:\/\/culturaliagz.com\/wp-content\/uploads\/2020\/10\/CABECERA_WEB_2020_NOV-480x72.png 480w\" sizes=\"auto, (min-width: 0px) and (max-width: 480px) 480px, (min-width: 481px) 600px, 100vw\" \/><\/a><\/figure><\/div>\n\n\n\n<p><\/p>\n\n\n\n<p>O <strong><a href=\"http:\/\/festivalatlantica.com\/\" target=\"_blank\" rel=\"noreferrer noopener\">Festival Atl\u00e1ntica<\/a><\/strong>, que se interrompeu en marzo por mor da declaraci\u00f3n do estado de alarma, vai completar a s\u00faa <strong>oitava edici\u00f3n<\/strong> os d\u00edas 5, 6, 7 e 13 de novembro e o 5 e 6 de decembro con actuaci\u00f3ns en formato <strong>h\u00edbrido<\/strong> (presencial e en li\u00f1a). M\u00e1is informaci\u00f3n na <strong>rolda de prensa <\/strong>que ser\u00e1 emitida en directo por Internet:<\/p>\n\n\n\n<p><strong>DATA E HORA:<\/strong> xoves 29 de outubro do 2020 \u00e1s 12 h<\/p>\n\n\n\n<p><strong>WEB E CANLE DE YOUTUBE DO CONCELLO DE SANTIAGO DE COMPOSTELA:<\/strong><\/p>\n\n\n\n<p>\u00b7&nbsp;&nbsp;&nbsp;&nbsp;&nbsp;&nbsp; <a href=\"http:\/\/www.santiagodecompostela.gal\" target=\"_blank\" rel=\"noreferrer noopener\">www.santiagodecompostela.gal<\/a><\/p>\n\n\n\n<p>\u00b7&nbsp;&nbsp;&nbsp;&nbsp;&nbsp;&nbsp;&nbsp; <a href=\"https:\/\/www.youtube.com\/channel\/UCSrcC2UgDHIb80vVVRtvoDw\" target=\"_blank\" rel=\"noreferrer noopener\">https:\/\/www.youtube.com\/channel\/UCSrcC2UgDHIb80vVVRtvoDw<\/a><\/p>\n\n\n\n<p><strong>PARTICIPAN:<\/strong><\/p>\n\n\n\n<p>\u00b7 <strong>Mercedes Ros\u00f3n Ferreiro<\/strong>, Primeira Tenente de Alcalde e Concelleira Responsable de Urbanismo, Vivenda, Cidade Hist\u00f3rica e Acci\u00f3n Cultural do Concello de Santiago de Compostela.<\/p>\n\n\n\n<p>\u00b7 <strong>Soledad Felloza<\/strong> | Directora do Festival Atl\u00e1ntica.<\/p>\n\n\n\n<p><br><br>&#8212;<\/p>\n\n\n\n<p><strong>Prensa Festival Atl\u00e1ntica<\/strong><\/p>\n\n\n\n<p>Beatriz P\u00e9rez | 604 070 409 |&nbsp;<a href=\"mailto:festivalatlantica.prensa@gmail.com\" target=\"_blank\" rel=\"noreferrer noopener\">festivalatlantica.prensa@gmail.com<\/a><\/p>\n\n\n\n<p><a href=\"http:\/\/festivalatlantica.gal\" target=\"_blank\" rel=\"noreferrer noopener\">festivalatlantica.gal<\/a>&nbsp;| <a href=\"https:\/\/www.facebook.com\/festivalatlantica\/\" target=\"_blank\" rel=\"noreferrer noopener\">Facebook<\/a> | <a href=\"https:\/\/twitter.com\/@FestAtlantica\" target=\"_blank\" rel=\"noreferrer noopener\">Twitter<\/a> | <a href=\"https:\/\/www.flickr.com\/photos\/festivalatlantica\" target=\"_blank\" rel=\"noreferrer noopener\">Flickr<\/a><\/p>\n","protected":false},"excerpt":{"rendered":"<p>O Festival Atl\u00e1ntica, que se interrompeu en marzo por mor da declaraci\u00f3n do estado de alarma, vai completar a s\u00faa oitava edici\u00f3n os d\u00edas 5, 6, 7 e 13 de [&hellip;]<\/p>\n","protected":false},"author":1,"featured_media":0,"comment_status":"open","ping_status":"open","sticky":false,"template":"","format":"standard","meta":{"_et_pb_use_builder":"off","_et_pb_old_content":"","_et_gb_content_width":"","_jetpack_memberships_contains_paid_content":false,"footnotes":""},"categories":[23,7,129,6,1],"tags":[629],"class_list":["post-7362","post","type-post","status-publish","format-standard","hentry","category-autoresas","category-creacion","category-literaria","category-novas","category-xeral","tag-festival-atlantica"],"jetpack_featured_media_url":"","jetpack_sharing_enabled":true,"_links":{"self":[{"href":"http:\/\/culturaliagz.com\/index.php?rest_route=\/wp\/v2\/posts\/7362","targetHints":{"allow":["GET"]}}],"collection":[{"href":"http:\/\/culturaliagz.com\/index.php?rest_route=\/wp\/v2\/posts"}],"about":[{"href":"http:\/\/culturaliagz.com\/index.php?rest_route=\/wp\/v2\/types\/post"}],"author":[{"embeddable":true,"href":"http:\/\/culturaliagz.com\/index.php?rest_route=\/wp\/v2\/users\/1"}],"replies":[{"embeddable":true,"href":"http:\/\/culturaliagz.com\/index.php?rest_route=%2Fwp%2Fv2%2Fcomments&post=7362"}],"version-history":[{"count":1,"href":"http:\/\/culturaliagz.com\/index.php?rest_route=\/wp\/v2\/posts\/7362\/revisions"}],"predecessor-version":[{"id":7364,"href":"http:\/\/culturaliagz.com\/index.php?rest_route=\/wp\/v2\/posts\/7362\/revisions\/7364"}],"wp:attachment":[{"href":"http:\/\/culturaliagz.com\/index.php?rest_route=%2Fwp%2Fv2%2Fmedia&parent=7362"}],"wp:term":[{"taxonomy":"category","embeddable":true,"href":"http:\/\/culturaliagz.com\/index.php?rest_route=%2Fwp%2Fv2%2Fcategories&post=7362"},{"taxonomy":"post_tag","embeddable":true,"href":"http:\/\/culturaliagz.com\/index.php?rest_route=%2Fwp%2Fv2%2Ftags&post=7362"}],"curies":[{"name":"wp","href":"https:\/\/api.w.org\/{rel}","templated":true}]}}