{"id":7344,"date":"2020-10-16T20:54:25","date_gmt":"2020-10-16T19:54:25","guid":{"rendered":"http:\/\/culturaliagz.com\/?p=7344"},"modified":"2020-10-16T22:41:59","modified_gmt":"2020-10-16T21:41:59","slug":"nova-convocatoria-do-iii-certame-de-poesia-torre-de-caldaloba","status":"publish","type":"post","link":"http:\/\/culturaliagz.com\/?p=7344","title":{"rendered":"Nova convocatoria do III Certame de Poes\u00eda TORRE DE CALDALOBA"},"content":{"rendered":"\n<div class=\"wp-block-image\"><figure class=\"alignright size-full\"><a href=\"http:\/\/culturaliagz.com\/wp-content\/uploads\/2020\/10\/IMG_9636.jpg\"><img loading=\"lazy\" decoding=\"async\" width=\"1236\" height=\"1816\" src=\"http:\/\/culturaliagz.com\/wp-content\/uploads\/2020\/10\/IMG_9636.jpg\" alt=\"\" class=\"wp-image-7346\" srcset=\"http:\/\/culturaliagz.com\/wp-content\/uploads\/2020\/10\/IMG_9636.jpg 1236w, http:\/\/culturaliagz.com\/wp-content\/uploads\/2020\/10\/IMG_9636-980x1440.jpg 980w, http:\/\/culturaliagz.com\/wp-content\/uploads\/2020\/10\/IMG_9636-480x705.jpg 480w\" sizes=\"auto, (min-width: 0px) and (max-width: 480px) 480px, (min-width: 481px) and (max-width: 980px) 980px, (min-width: 981px) 1236px, 100vw\" \/><\/a><figcaption><em><sub>Cartaz do III Certame de Poes\u00eda TORRE DE CALDALOBA<\/sub><\/em><\/figcaption><\/figure><\/div>\n\n\n\n<p><\/p>\n\n\n\n<figure class=\"wp-block-image size-large\"><img loading=\"lazy\" decoding=\"async\" width=\"1024\" height=\"768\" src=\"http:\/\/culturaliagz.com\/wp-content\/uploads\/2020\/10\/39728187-7f65-46e0-94ba-8f3a583d2451.jpg\" alt=\"\" class=\"wp-image-7345\" srcset=\"http:\/\/culturaliagz.com\/wp-content\/uploads\/2020\/10\/39728187-7f65-46e0-94ba-8f3a583d2451.jpg 1024w, http:\/\/culturaliagz.com\/wp-content\/uploads\/2020\/10\/39728187-7f65-46e0-94ba-8f3a583d2451-980x735.jpg 980w, http:\/\/culturaliagz.com\/wp-content\/uploads\/2020\/10\/39728187-7f65-46e0-94ba-8f3a583d2451-480x360.jpg 480w\" sizes=\"auto, (min-width: 0px) and (max-width: 480px) 480px, (min-width: 481px) and (max-width: 980px) 980px, (min-width: 981px) 1024px, 100vw\" \/><figcaption><em><sub>Representantes da Asociaci\u00f3n Cultural de Pino, do Concello de Cospeito e de Culturalia GZ<\/sub><\/em><\/figcaption><\/figure>\n\n\n\n<p>Despois de formalizar a anulaci\u00f3n da convocatoria que estaba en curso a causa dun erro administrativo irresoluble consecuencia dun fallo inform\u00e1tico previo durante o proceso de recepci\u00f3n de orixinais, o<a href=\"https:\/\/www.concellodecospeito.es\/\" target=\"_blank\" rel=\"noreferrer noopener\"> Concello de Cospeito <\/a>e a <a href=\"https:\/\/www.facebook.com\/asoc.devecinospino\/\" target=\"_blank\" rel=\"noreferrer noopener\">Asociaci\u00f3n Cultural de San Marti\u00f1o de Pino<\/a>, en colaboraci\u00f3n con <a rel=\"noreferrer noopener\" href=\"http:\/\/culturaliagz.com\/\" target=\"_blank\">Culturalia GZ<\/a>, convocan novamente a terceira edici\u00f3n do Certame de Poes\u00eda TORRE DE CALDALOBA. Esta especie de re-convocatoria, ademais de fornecer a intenci\u00f3n de transparencia e rigor do certame, supor\u00e1 unha modificaci\u00f3n dos prazos establecidos e no proceso de env\u00edo de orixinais que figuraban na convocatoria anulada. Deste xeito, o remate de achega de orixinais queda fixado para o 15 de novembro, sendo o fallo o 12 de decembro e a entrega de premios o 19 de decembro deste 2020.<\/p>\n\n\n\n<p>Calquera persoa que desexe participar poder\u00e1 consultar as bases do premio no enlace <a rel=\"noreferrer noopener\" href=\"https:\/\/certamepoesia.concellodecospeito.es\/\" target=\"_blank\">certamepoesia.concellodecospeito.es,<\/a> na web do <a rel=\"noreferrer noopener\" href=\"https:\/\/www.concellodecospeito.es\/\" target=\"_blank\">Concello de Cospeito<\/a>, en <a rel=\"noreferrer noopener\" href=\"http:\/\/culturaliagz.com\/\" target=\"_blank\">Culturalia GZ<\/a> ou nas redes sociais de calquera das entidades organizadoras.<\/p>\n\n\n\n<p>Precisamente desde a organizaci\u00f3n do Certame de Poes\u00eda TORRE DE CALDALOBA animan \u00e1 participaci\u00f3n neste premio po\u00e9tico que vai enraizando dentro da \u00e1rbore literaria galega.<\/p>\n\n\n\n<p><em>Descargar <a href=\"http:\/\/culturaliagz.com\/wp-content\/uploads\/2020\/10\/BASES-CONVOCATORIA-III-CERTAME-POESIA-TORRE-DE-CALDALOBA.pdf\" target=\"_blank\" rel=\"noreferrer noopener\">BASES<\/a><\/em><\/p>\n","protected":false},"excerpt":{"rendered":"<p>Despois de formalizar a anulaci\u00f3n da convocatoria que estaba en curso a causa dun erro administrativo irresoluble consecuencia dun fallo inform\u00e1tico previo durante o proceso de recepci\u00f3n de orixinais, o [&hellip;]<\/p>\n","protected":false},"author":1,"featured_media":0,"comment_status":"open","ping_status":"open","sticky":false,"template":"","format":"standard","meta":{"_et_pb_use_builder":"off","_et_pb_old_content":"","_et_gb_content_width":"","_jetpack_memberships_contains_paid_content":false,"footnotes":""},"categories":[23,7,129,6,1],"tags":[580,478,29,697],"class_list":["post-7344","post","type-post","status-publish","format-standard","hentry","category-autoresas","category-creacion","category-literaria","category-novas","category-xeral","tag-asociacion-recreativo-cultural-de-san-martino-de-pino","tag-concello-de-cospeito","tag-culturalia-gz","tag-iii-certame-poesia-torre-de-caldaloba"],"jetpack_featured_media_url":"","jetpack_sharing_enabled":true,"_links":{"self":[{"href":"http:\/\/culturaliagz.com\/index.php?rest_route=\/wp\/v2\/posts\/7344","targetHints":{"allow":["GET"]}}],"collection":[{"href":"http:\/\/culturaliagz.com\/index.php?rest_route=\/wp\/v2\/posts"}],"about":[{"href":"http:\/\/culturaliagz.com\/index.php?rest_route=\/wp\/v2\/types\/post"}],"author":[{"embeddable":true,"href":"http:\/\/culturaliagz.com\/index.php?rest_route=\/wp\/v2\/users\/1"}],"replies":[{"embeddable":true,"href":"http:\/\/culturaliagz.com\/index.php?rest_route=%2Fwp%2Fv2%2Fcomments&post=7344"}],"version-history":[{"count":5,"href":"http:\/\/culturaliagz.com\/index.php?rest_route=\/wp\/v2\/posts\/7344\/revisions"}],"predecessor-version":[{"id":7352,"href":"http:\/\/culturaliagz.com\/index.php?rest_route=\/wp\/v2\/posts\/7344\/revisions\/7352"}],"wp:attachment":[{"href":"http:\/\/culturaliagz.com\/index.php?rest_route=%2Fwp%2Fv2%2Fmedia&parent=7344"}],"wp:term":[{"taxonomy":"category","embeddable":true,"href":"http:\/\/culturaliagz.com\/index.php?rest_route=%2Fwp%2Fv2%2Fcategories&post=7344"},{"taxonomy":"post_tag","embeddable":true,"href":"http:\/\/culturaliagz.com\/index.php?rest_route=%2Fwp%2Fv2%2Ftags&post=7344"}],"curies":[{"name":"wp","href":"https:\/\/api.w.org\/{rel}","templated":true}]}}