{"id":7335,"date":"2020-10-14T12:45:50","date_gmt":"2020-10-14T11:45:50","guid":{"rendered":"http:\/\/culturaliagz.com\/?p=7335"},"modified":"2020-10-14T12:45:52","modified_gmt":"2020-10-14T11:45:52","slug":"comunicado-anulacion-provisoria-do-iii-premio-de-poesia-torre-de-caldaloba","status":"publish","type":"post","link":"http:\/\/culturaliagz.com\/?p=7335","title":{"rendered":"COMUNICADO ANULACI\u00d3N PROVISORIA DO III PREMIO DE POES\u00cdA &#8220;TORRE DE CALDALOBA&#8221;"},"content":{"rendered":"\n<div class=\"wp-block-image\"><figure class=\"aligncenter size-large\"><a href=\"http:\/\/culturaliagz.com\/wp-content\/uploads\/2020\/10\/ANULACION-CERTAME-CALDALOBA.jpg\" target=\"_blank\" rel=\"noopener noreferrer\"><img loading=\"lazy\" decoding=\"async\" width=\"690\" height=\"1024\" src=\"http:\/\/culturaliagz.com\/wp-content\/uploads\/2020\/10\/ANULACION-CERTAME-CALDALOBA-690x1024.jpg\" alt=\"\" class=\"wp-image-7336\"\/><\/a><\/figure><\/div>\n\n\n\n<p><\/p>\n\n\n\n<p><strong>COMUNICADO ANULACI\u00d3N PROVISORIA DO III PREMIO POES\u00cdA \u201cTORRE DE CALDALOBA\u201d<\/strong><\/p>\n\n\n\n<p><em>Enlace ao <a href=\"http:\/\/culturaliagz.com\/wp-content\/uploads\/2020\/10\/COMUNICADO-CANCELACION-III-PREMIO-POESIA.pdf\" target=\"_blank\" rel=\"noreferrer noopener\">comunicado<\/a>.<\/em><\/p>\n\n\n\n<p>En xuntanza celebrada o 13 de outubro de 2020, o Concello de Cospeito, a Asociaci\u00f3n Cultural de Pino e Culturalia GZ, despois dunha demorada deliberaci\u00f3n acordan manifestar o seguinte:<\/p>\n\n\n\n<p><em>Un fallo inform\u00e1tico na recepci\u00f3n dos traballos presentados \u00e1 3\u00aa edici\u00f3n do Premio de Poes\u00eda \u201cTorre de Caldaloba\u201d desencadeou un <strong>erro administrativo irresoluble<\/strong> que non d\u00e1 as garant\u00edas necesarias para que na convocatoria en curso do certame se poida acadar un ditame legalmente atribu\u00edble a un concurso literario destas caracter\u00edsticas. Tendo en conta todo o anterior, resolven atallar calquera irregularidade sucesiva mediante a <strong>anulaci\u00f3n<\/strong> da presente convocatoria nas condici\u00f3ns desfavorables nas que se poder\u00eda desenvolver, provocadas polo mencionado erro administrativo derivado do fallo inform\u00e1tico, tam\u00e9n referido.<\/em><\/p>\n\n\n\n<p><em>Unha vez realizada esta anulaci\u00f3n provisoria do certame, abrirase inmediatamente un <strong>novo proceso de convocatoria<\/strong> que, a\u00ednda conservando a denominaci\u00f3n ordinal de 3\u00aa edici\u00f3n, forzar\u00e1 o establecemento duns novos prazos (entrega de traballos, resoluci\u00f3n de ga\u00f1adorxs e entrega de premios) e cunhas BASES axeitadas que proporcionen as garant\u00edas indispensables para a execuci\u00f3n totalmente carente de calquera prexu\u00edzo aos fundamentos dun certame literario (imparcialidade, fiabilidade, transparencia, legalidade).<\/em><\/p>\n\n\n\n<p><em>Ademais para dar maior solvencia a todo o fundamentado procederase \u00e1 destruci\u00f3n dos traballos e plicas que chegaron ata a data de finalizaci\u00f3n de recepci\u00f3n dos mesmos.<\/em><\/p>\n\n\n\n<p><em>Iso tam\u00e9n leva a pedir desculpas a todas as persoas que se presentaran, por todas as molestias causadas, solicit\u00e1ndolles, a elas mesmas e a todas as que non se tivesen presentado, que contin\u00faen po\u00f1endo a s\u00faa confianza neste certame, porque esta decisi\u00f3n, que nos resultou dif\u00edcil de tomar a\u00ednda que imprescindible, \u00e9 unha boa mostra por parte da organizaci\u00f3n deste certame po\u00e9tico de primar a s\u00faa total integridade e transparencia.<\/em><\/p>\n\n\n\n<p><em>Reiteramos as nosas desculpas e agardamos con maior entusiasmo e prestancia a chegada das obras para esta \u2018nova\u2019 do Premio de Poes\u00eda Torre de Caldaloba, co \u00e1nimo de que siga a medrar no panorama literario galego.<\/em><\/p>\n\n\n\n<p class=\"has-text-align-right\">A organizaci\u00f3n do Premio de Poes\u00eda TORRE DE CALDALOBA<\/p>\n","protected":false},"excerpt":{"rendered":"<p>COMUNICADO ANULACI\u00d3N PROVISORIA DO III PREMIO POES\u00cdA \u201cTORRE DE CALDALOBA\u201d Enlace ao comunicado. En xuntanza celebrada o 13 de outubro de 2020, o Concello de Cospeito, a Asociaci\u00f3n Cultural de [&hellip;]<\/p>\n","protected":false},"author":1,"featured_media":0,"comment_status":"open","ping_status":"open","sticky":false,"template":"","format":"standard","meta":{"_et_pb_use_builder":"off","_et_pb_old_content":"","_et_gb_content_width":"","_jetpack_memberships_contains_paid_content":false,"footnotes":""},"categories":[23,129,6,1],"tags":[580,478,29,665],"class_list":["post-7335","post","type-post","status-publish","format-standard","hentry","category-autoresas","category-literaria","category-novas","category-xeral","tag-asociacion-recreativo-cultural-de-san-martino-de-pino","tag-concello-de-cospeito","tag-culturalia-gz","tag-iii-premio-poesia-torre-de-caldaloba"],"jetpack_featured_media_url":"","jetpack_sharing_enabled":true,"_links":{"self":[{"href":"http:\/\/culturaliagz.com\/index.php?rest_route=\/wp\/v2\/posts\/7335","targetHints":{"allow":["GET"]}}],"collection":[{"href":"http:\/\/culturaliagz.com\/index.php?rest_route=\/wp\/v2\/posts"}],"about":[{"href":"http:\/\/culturaliagz.com\/index.php?rest_route=\/wp\/v2\/types\/post"}],"author":[{"embeddable":true,"href":"http:\/\/culturaliagz.com\/index.php?rest_route=\/wp\/v2\/users\/1"}],"replies":[{"embeddable":true,"href":"http:\/\/culturaliagz.com\/index.php?rest_route=%2Fwp%2Fv2%2Fcomments&post=7335"}],"version-history":[{"count":3,"href":"http:\/\/culturaliagz.com\/index.php?rest_route=\/wp\/v2\/posts\/7335\/revisions"}],"predecessor-version":[{"id":7340,"href":"http:\/\/culturaliagz.com\/index.php?rest_route=\/wp\/v2\/posts\/7335\/revisions\/7340"}],"wp:attachment":[{"href":"http:\/\/culturaliagz.com\/index.php?rest_route=%2Fwp%2Fv2%2Fmedia&parent=7335"}],"wp:term":[{"taxonomy":"category","embeddable":true,"href":"http:\/\/culturaliagz.com\/index.php?rest_route=%2Fwp%2Fv2%2Fcategories&post=7335"},{"taxonomy":"post_tag","embeddable":true,"href":"http:\/\/culturaliagz.com\/index.php?rest_route=%2Fwp%2Fv2%2Ftags&post=7335"}],"curies":[{"name":"wp","href":"https:\/\/api.w.org\/{rel}","templated":true}]}}