{"id":7323,"date":"2020-10-13T15:57:21","date_gmt":"2020-10-13T14:57:21","guid":{"rendered":"http:\/\/culturaliagz.com\/?p=7323"},"modified":"2020-10-13T15:57:23","modified_gmt":"2020-10-13T14:57:23","slug":"o-festival-atlantica-de-narracion-oral-retoma-a-suaoitava-edicion-tras-a-interrupcion-pola-pandemia","status":"publish","type":"post","link":"http:\/\/culturaliagz.com\/?p=7323","title":{"rendered":"O Festival Atl\u00e1ntica de narraci\u00f3n oral retoma a s\u00faaoitava edici\u00f3n tras a interrupci\u00f3n pola pandemia"},"content":{"rendered":"\n<div class=\"wp-block-image\"><figure class=\"aligncenter size-large\"><a href=\"http:\/\/culturaliagz.com\/wp-content\/uploads\/2020\/10\/CARTEL_EDICION_ESPECIAL_2020.png\" target=\"_blank\" rel=\"noopener noreferrer\"><img loading=\"lazy\" decoding=\"async\" width=\"724\" height=\"1024\" src=\"http:\/\/culturaliagz.com\/wp-content\/uploads\/2020\/10\/CARTEL_EDICION_ESPECIAL_2020-724x1024.png\" alt=\"\" class=\"wp-image-7324\"\/><\/a><\/figure><\/div>\n\n\n\n<p><\/p>\n\n\n\n<p><strong>O <a href=\"http:\/\/festivalatlantica.com\/\" target=\"_blank\" rel=\"noreferrer noopener\">Festival Atl\u00e1ntica<\/a> retoma a s\u00faa oitava edici\u00f3n tras a interrupci\u00f3n pola pandemia<\/strong><\/p>\n\n\n\n<p>\u00b7&nbsp;&nbsp;&nbsp;&nbsp;&nbsp; <strong>Os contos atl\u00e1nticos volven os d\u00edas 5, 6 e 7 de novembro e o 5 e 6 de decembro<\/strong><\/p>\n\n\n\n<p>\u00b7&nbsp;&nbsp;&nbsp;&nbsp;&nbsp; <strong>Dez contadores de Venezuela, Huesca, Salamanca, Zamora e Galicia protagonizar\u00e1n as 24 actuaci\u00f3ns deste outono que recalar\u00e1n nos concellos de Santiago de Compostela, Ferrol, A Coru\u00f1a, Ourense, Vigo, Lal\u00edn, Teo, Pazos de Borb\u00e9n e Bertamir\u00e1ns<\/strong><\/p>\n\n\n\n<p>\u00b7&nbsp;&nbsp;&nbsp;&nbsp;&nbsp; <strong>A pr\u00e1ctica totalidade da programaci\u00f3n ser\u00e1 gratu\u00edta<\/strong><\/p>\n\n\n\n<p>O <strong>Festival Internacional de Narraci\u00f3n Oral Atl\u00e1ntica<\/strong> completar\u00e1 este outono a programaci\u00f3n da s\u00faa oitava edici\u00f3n que foi interrompida por mor da declaraci\u00f3n do estado de alarma o pasado marzo. Grazas \u00e1 complicidade das entidades colaboradoras, a organizaci\u00f3n do Festival vai ser quen de programar unha vintena de espect\u00e1culos que se repartir\u00e1n nos concellos de Santiago de Compostela, Ferrol, A Coru\u00f1a, Ourense, Vigo, Lal\u00edn, Teo, Pazos de Borb\u00e9n e Bertamir\u00e1ns.<\/p>\n\n\n\n<p>Boa parte da programaci\u00f3n vaise desenvolver entre o 5 e o 7 de novembro e, al\u00e9n diso, para o 5 e o 6 de decembro est\u00e1n previstas outras d\u00faas funci\u00f3ns que completar\u00e1n a edici\u00f3n deste ano do Festival Atl\u00e1ntica. Ser\u00e1n en total 24 espect\u00e1culos nos que participar\u00e1n os narradores Noelia Carioca (Salamanca), Jos\u00e9 Luis Guti\u00e9rrez \u2018Guti\u2019, (Zamora), Rub\u00e9n Mart\u00ednez Santana (Venezuela), Fernando Salda\u00f1a (Salamanca), Sandra Araguas (Huesca) e mais os galegos Ramiro Neira, Charo Pita, Pablo D\u00edaz, Santi Prego e Sole Felloza.<\/p>\n\n\n\n<p>Todas as actividades vanse desenvolver cumprindo coas medidas de seguridade anticoronavirus dispostas polas autoridades sanitarias. Para asistir \u00e1s funci\u00f3ns c\u00f3mpre inscribirse por adiantado e confirmar a asistencia o d\u00eda anterior. Deste xeito, de non poder acudir, poder\u00e1n ocupar a praza as persoas en lista de espera. A organizaci\u00f3n do Festival Atl\u00e1ntica desexa facer fincap\u00e9 neste punto e ao mesmo tempo que convida \u00e1 participaci\u00f3n apela tam\u00e9n a facer un uso responsable das prazas dispo\u00f1ibles, que por mor das medidas de seguridade son reducidas.<\/p>\n\n\n\n<p>A informaci\u00f3n sobre os artistas participantes xa est\u00e1 publicada na web do festival (<a href=\"http:\/\/festivalatlantica.gal\/\" target=\"_blank\" rel=\"noreferrer noopener\">http:\/\/festivalatlantica.gal\/<\/a>), onde tam\u00e9n est\u00e1 o programa das actuaci\u00f3ns.<\/p>\n\n\n\n<p>#culturasegura para tod@s&nbsp;&nbsp;&nbsp;&nbsp;&nbsp;&nbsp; #culturasegura para tod@s&nbsp;&nbsp;&nbsp;&nbsp;&nbsp;&nbsp; #culturasegura para todos<\/p>\n","protected":false},"excerpt":{"rendered":"<p>O Festival Atl\u00e1ntica retoma a s\u00faa oitava edici\u00f3n tras a interrupci\u00f3n pola pandemia \u00b7&nbsp;&nbsp;&nbsp;&nbsp;&nbsp; Os contos atl\u00e1nticos volven os d\u00edas 5, 6 e 7 de novembro e o 5 e [&hellip;]<\/p>\n","protected":false},"author":1,"featured_media":0,"comment_status":"open","ping_status":"open","sticky":false,"template":"","format":"standard","meta":{"_et_pb_use_builder":"off","_et_pb_old_content":"","_et_gb_content_width":"","_jetpack_memberships_contains_paid_content":false,"footnotes":""},"categories":[23,7,6,1],"tags":[629],"class_list":["post-7323","post","type-post","status-publish","format-standard","hentry","category-autoresas","category-creacion","category-novas","category-xeral","tag-festival-atlantica"],"jetpack_featured_media_url":"","jetpack_sharing_enabled":true,"_links":{"self":[{"href":"http:\/\/culturaliagz.com\/index.php?rest_route=\/wp\/v2\/posts\/7323","targetHints":{"allow":["GET"]}}],"collection":[{"href":"http:\/\/culturaliagz.com\/index.php?rest_route=\/wp\/v2\/posts"}],"about":[{"href":"http:\/\/culturaliagz.com\/index.php?rest_route=\/wp\/v2\/types\/post"}],"author":[{"embeddable":true,"href":"http:\/\/culturaliagz.com\/index.php?rest_route=\/wp\/v2\/users\/1"}],"replies":[{"embeddable":true,"href":"http:\/\/culturaliagz.com\/index.php?rest_route=%2Fwp%2Fv2%2Fcomments&post=7323"}],"version-history":[{"count":1,"href":"http:\/\/culturaliagz.com\/index.php?rest_route=\/wp\/v2\/posts\/7323\/revisions"}],"predecessor-version":[{"id":7325,"href":"http:\/\/culturaliagz.com\/index.php?rest_route=\/wp\/v2\/posts\/7323\/revisions\/7325"}],"wp:attachment":[{"href":"http:\/\/culturaliagz.com\/index.php?rest_route=%2Fwp%2Fv2%2Fmedia&parent=7323"}],"wp:term":[{"taxonomy":"category","embeddable":true,"href":"http:\/\/culturaliagz.com\/index.php?rest_route=%2Fwp%2Fv2%2Fcategories&post=7323"},{"taxonomy":"post_tag","embeddable":true,"href":"http:\/\/culturaliagz.com\/index.php?rest_route=%2Fwp%2Fv2%2Ftags&post=7323"}],"curies":[{"name":"wp","href":"https:\/\/api.w.org\/{rel}","templated":true}]}}