{"id":7314,"date":"2020-10-06T16:15:02","date_gmt":"2020-10-06T15:15:02","guid":{"rendered":"http:\/\/culturaliagz.com\/?p=7314"},"modified":"2020-10-06T16:17:01","modified_gmt":"2020-10-06T15:17:01","slug":"comunicado-do-iescha-de-apoio-ao-museo-de-prehsitoria-e-arqueoloxia-de-vilalba","status":"publish","type":"post","link":"http:\/\/culturaliagz.com\/?p=7314","title":{"rendered":"Comunicado do IESCHA de apoio ao Museo de Prehsitoria e Arqueolox\u00eda de Vilalba"},"content":{"rendered":"\n<div class=\"wp-block-image\"><figure class=\"aligncenter size-large\"><a href=\"http:\/\/culturaliagz.com\/wp-content\/uploads\/2020\/10\/Imaxe-MUPAV.jpg\" target=\"_blank\" rel=\"noopener noreferrer\"><img loading=\"lazy\" decoding=\"async\" width=\"828\" height=\"551\" src=\"http:\/\/culturaliagz.com\/wp-content\/uploads\/2020\/10\/Imaxe-MUPAV.jpg\" alt=\"\" class=\"wp-image-7316\" srcset=\"http:\/\/culturaliagz.com\/wp-content\/uploads\/2020\/10\/Imaxe-MUPAV.jpg 828w, http:\/\/culturaliagz.com\/wp-content\/uploads\/2020\/10\/Imaxe-MUPAV-480x319.jpg 480w\" sizes=\"auto, (min-width: 0px) and (max-width: 480px) 480px, (min-width: 481px) 828px, 100vw\" \/><\/a><\/figure><\/div>\n\n\n\n<p><strong>COMUNICADO DO IESCHA DE APOIO AO MUSEO DE PREHISTORIA E ARQUEOLOX\u00cdA DE VILALBA<\/strong><\/p>\n\n\n\n<p><br>A xunta directiva do <a rel=\"noreferrer noopener\" href=\"https:\/\/estudoschairegos.wixsite.com\/iescha\" target=\"_blank\">IESCHA <\/a>manifesta a s\u00faa preocupaci\u00f3n pola situaci\u00f3n que est\u00e1 a sufrir dende hai anos o Museo de Prehistoria e Arqueolox\u00eda de Vilalba, que presenta un estado lamentable das instalaci\u00f3ns debido \u00e1 falta de mantemento, responsabilidade do Concello, propietario do inmoble.<br>Para a conservaci\u00f3n e o estudo do patrimonio bibliogr\u00e1fico e dos restos arqueol\u00f3xicos, expostos ou depositados, debe contar cun orzamento suficiente que lle permita desenvolver as actividades propias de tal instituci\u00f3n (conservaci\u00f3n, investigaci\u00f3n, difusi\u00f3n e outras) e ser un referente importante non s\u00f3 para a cidadan\u00eda e para os centros educativos, sen\u00f3n tam\u00e9n como lugar de interese para as persoas que se achegan a Vilalba facendo o Cami\u00f1o Norte de Santiago ou en visita tur\u00edstica.<br>O IESCHA, como entidade cultural difusora do patrimonio material e inmaterial de Galiza e nomeadamente da Terra Ch\u00e1, considera que o Concello de Vilalba debe amosar sensibilidade e apoiar esta entidade para non deixar esmorecer o \u00fanico museo da nosa vila, que pode ser ademais un punto de atracci\u00f3n permanente para o turismo cultural.<br>No Concello de Vilalba, tanto dende o punto de vista hist\u00f3rico canto dende o aproveitamento tur\u00edstico-cultural, hai xacementos moi importantes, como por exemplo a Pena Grande de Santaballa, que esmorece entre as toxeiras malia ser propiedade municipal dende que a instituci\u00f3n municipal solicitara a s\u00faa cesi\u00f3n ao estado espa\u00f1ol para o seu estudo, difusi\u00f3n e posta en valor, o que non fixo dende que \u00e9 propietario.<br>As instituci\u00f3ns que conservan os restos do noso pasado conservan parte da nosa entidade, que \u00e9 o que fomos e o que somos.<br>VILALBA, 3 de outubro de 2020<br>A Xunta Directiva do IESCHA<\/p>\n","protected":false},"excerpt":{"rendered":"<p>COMUNICADO DO IESCHA DE APOIO AO MUSEO DE PREHISTORIA E ARQUEOLOX\u00cdA DE VILALBA A xunta directiva do IESCHA manifesta a s\u00faa preocupaci\u00f3n pola situaci\u00f3n que est\u00e1 a sufrir dende hai [&hellip;]<\/p>\n","protected":false},"author":1,"featured_media":0,"comment_status":"open","ping_status":"open","sticky":false,"template":"","format":"standard","meta":{"_et_pb_use_builder":"off","_et_pb_old_content":"","_et_gb_content_width":"","_jetpack_memberships_contains_paid_content":false,"footnotes":""},"categories":[23,7,6,1],"tags":[234,691],"class_list":["post-7314","post","type-post","status-publish","format-standard","hentry","category-autoresas","category-creacion","category-novas","category-xeral","tag-iescha","tag-museo-prehistoria-e-arqueoloxia-de-vilalba"],"jetpack_featured_media_url":"","jetpack_sharing_enabled":true,"_links":{"self":[{"href":"http:\/\/culturaliagz.com\/index.php?rest_route=\/wp\/v2\/posts\/7314","targetHints":{"allow":["GET"]}}],"collection":[{"href":"http:\/\/culturaliagz.com\/index.php?rest_route=\/wp\/v2\/posts"}],"about":[{"href":"http:\/\/culturaliagz.com\/index.php?rest_route=\/wp\/v2\/types\/post"}],"author":[{"embeddable":true,"href":"http:\/\/culturaliagz.com\/index.php?rest_route=\/wp\/v2\/users\/1"}],"replies":[{"embeddable":true,"href":"http:\/\/culturaliagz.com\/index.php?rest_route=%2Fwp%2Fv2%2Fcomments&post=7314"}],"version-history":[{"count":3,"href":"http:\/\/culturaliagz.com\/index.php?rest_route=\/wp\/v2\/posts\/7314\/revisions"}],"predecessor-version":[{"id":7318,"href":"http:\/\/culturaliagz.com\/index.php?rest_route=\/wp\/v2\/posts\/7314\/revisions\/7318"}],"wp:attachment":[{"href":"http:\/\/culturaliagz.com\/index.php?rest_route=%2Fwp%2Fv2%2Fmedia&parent=7314"}],"wp:term":[{"taxonomy":"category","embeddable":true,"href":"http:\/\/culturaliagz.com\/index.php?rest_route=%2Fwp%2Fv2%2Fcategories&post=7314"},{"taxonomy":"post_tag","embeddable":true,"href":"http:\/\/culturaliagz.com\/index.php?rest_route=%2Fwp%2Fv2%2Ftags&post=7314"}],"curies":[{"name":"wp","href":"https:\/\/api.w.org\/{rel}","templated":true}]}}