{"id":7311,"date":"2020-10-02T15:16:52","date_gmt":"2020-10-02T14:16:52","guid":{"rendered":"http:\/\/culturaliagz.com\/?p=7311"},"modified":"2020-10-02T15:16:54","modified_gmt":"2020-10-02T14:16:54","slug":"aelg-letras-das-festas-san-froilan-2020-lorchas-e-punteirolos-revista-de-oral-do-san-froilan","status":"publish","type":"post","link":"http:\/\/culturaliagz.com\/?p=7311","title":{"rendered":"AELG.- Letras das Festas. San Froil\u00e1n 2020: Lorchas e punteirolos (Revista de oral do San Froil\u00e1n)"},"content":{"rendered":"\n<div class=\"wp-block-image\"><figure class=\"aligncenter size-large\"><a href=\"http:\/\/culturaliagz.com\/wp-content\/uploads\/2020\/10\/2020_Letra_das_Festas_2020.png\" target=\"_blank\" rel=\"noopener noreferrer\"><img loading=\"lazy\" decoding=\"async\" width=\"1024\" height=\"724\" src=\"http:\/\/culturaliagz.com\/wp-content\/uploads\/2020\/10\/2020_Letra_das_Festas_2020-1024x724.png\" alt=\"\" class=\"wp-image-7312\" srcset=\"http:\/\/culturaliagz.com\/wp-content\/uploads\/2020\/10\/2020_Letra_das_Festas_2020-980x693.png 980w, http:\/\/culturaliagz.com\/wp-content\/uploads\/2020\/10\/2020_Letra_das_Festas_2020-480x340.png 480w\" sizes=\"auto, (min-width: 0px) and (max-width: 480px) 480px, (min-width: 481px) and (max-width: 980px) 980px, (min-width: 981px) 1024px, 100vw\" \/><\/a><\/figure><\/div>\n\n\n\n<p><strong>Chega unha nova edici\u00f3n da Letra das Festas, a revista oral do San Froil\u00e1n, baixo o t\u00edtulo de <a href=\"https:\/\/www.aelg.gal\/actividades\/letra-das-festas\/2020\/10\/6\/letra-das-festas-san-froilan-2020-lorchas-e-punteirolos-revista-oral-do-san-froilan\" target=\"_blank\" rel=\"noreferrer noopener\">Lorchas e punteirolos.<\/a><\/strong><\/p>\n\n\n\n<p>Ter\u00e1 lugar o martes 6 de outubro, \u00e1s 18:30 horas, no Sal\u00f3n de Actos do Deputaci\u00f3n Provincial de Lugo (<a href=\"https:\/\/www.google.com\/maps\/place\/Deputaci%C3%B3n+Provincial+de+Lugo\/@43.0130601,-7.5611063,16z\/data=!4m8!1m2!2m1!1sDeputaci%C3%B3n+Provincial+de+Lugo!3m4!1s0xd31ce8fe2a17f89:0xffea93f695c24116!8m2!3d43.0130601!4d-7.5567289\" target=\"_blank\" rel=\"noreferrer noopener\">R\u00faa San Marcos, 8<\/a>).<\/p>\n\n\n\n<p>A entrada ser\u00e1 de balde at\u00e9 completar capacidade.<\/p>\n\n\n\n<p><strong>Contan:<\/strong><\/p>\n\n\n\n<ul class=\"wp-block-list\"><li>Jos\u00e9 Luis Corujo\u00a0<\/li><li>Jos\u00e9 Luis Villamar\u00edn\u00a0<\/li><li>Tino Menda\u00f1a\u00a0<\/li><li>Jos\u00e9 Luis D\u00edaz<\/li><li><a href=\"https:\/\/www.aelg.gal\/centro-documentacion\/autores-as\/tono-nunez\" target=\"_blank\" rel=\"noreferrer noopener\">To\u00f1o N\u00fa\u00f1ez<\/a>\u00a0<\/li><li>Ovidio P\u00e9rez<\/li><\/ul>\n\n\n\n<p><strong>Ambientaci\u00f3n musical:<\/strong><\/p>\n\n\n\n<ul class=\"wp-block-list\"><li>Lu\u00eds Montero<\/li><\/ul>\n\n\n\n<p><strong>Coordinaci\u00f3n e presentaci\u00f3n:<\/strong><\/p>\n\n\n\n<ul class=\"wp-block-list\"><li><a href=\"https:\/\/www.aelg.gal\/centro-documentacion\/autores-as\/lois-perez\" target=\"_blank\" rel=\"noreferrer noopener\">Lois P\u00e9rez<\/a><\/li><li><a href=\"https:\/\/www.aelg.gal\/centro-documentacion\/autores-as\/antonio-reigosa\" target=\"_blank\" rel=\"noreferrer noopener\">Antonio Reigosa<\/a><\/li><\/ul>\n","protected":false},"excerpt":{"rendered":"<p>Chega unha nova edici\u00f3n da Letra das Festas, a revista oral do San Froil\u00e1n, baixo o t\u00edtulo de Lorchas e punteirolos. Ter\u00e1 lugar o martes 6 de outubro, \u00e1s 18:30 [&hellip;]<\/p>\n","protected":false},"author":1,"featured_media":0,"comment_status":"open","ping_status":"open","sticky":false,"template":"","format":"standard","meta":{"_et_pb_use_builder":"off","_et_pb_old_content":"","_et_gb_content_width":"","_jetpack_memberships_contains_paid_content":false,"footnotes":""},"categories":[23,7,129,6,1],"tags":[31,690,354],"class_list":["post-7311","post","type-post","status-publish","format-standard","hentry","category-autoresas","category-creacion","category-literaria","category-novas","category-xeral","tag-aelg","tag-letras-das-festas-san-froilan-2020","tag-seccion-de-literatura-de-tradicion-oral"],"jetpack_featured_media_url":"","jetpack_sharing_enabled":true,"_links":{"self":[{"href":"http:\/\/culturaliagz.com\/index.php?rest_route=\/wp\/v2\/posts\/7311","targetHints":{"allow":["GET"]}}],"collection":[{"href":"http:\/\/culturaliagz.com\/index.php?rest_route=\/wp\/v2\/posts"}],"about":[{"href":"http:\/\/culturaliagz.com\/index.php?rest_route=\/wp\/v2\/types\/post"}],"author":[{"embeddable":true,"href":"http:\/\/culturaliagz.com\/index.php?rest_route=\/wp\/v2\/users\/1"}],"replies":[{"embeddable":true,"href":"http:\/\/culturaliagz.com\/index.php?rest_route=%2Fwp%2Fv2%2Fcomments&post=7311"}],"version-history":[{"count":1,"href":"http:\/\/culturaliagz.com\/index.php?rest_route=\/wp\/v2\/posts\/7311\/revisions"}],"predecessor-version":[{"id":7313,"href":"http:\/\/culturaliagz.com\/index.php?rest_route=\/wp\/v2\/posts\/7311\/revisions\/7313"}],"wp:attachment":[{"href":"http:\/\/culturaliagz.com\/index.php?rest_route=%2Fwp%2Fv2%2Fmedia&parent=7311"}],"wp:term":[{"taxonomy":"category","embeddable":true,"href":"http:\/\/culturaliagz.com\/index.php?rest_route=%2Fwp%2Fv2%2Fcategories&post=7311"},{"taxonomy":"post_tag","embeddable":true,"href":"http:\/\/culturaliagz.com\/index.php?rest_route=%2Fwp%2Fv2%2Ftags&post=7311"}],"curies":[{"name":"wp","href":"https:\/\/api.w.org\/{rel}","templated":true}]}}