{"id":7306,"date":"2020-09-29T11:07:38","date_gmt":"2020-09-29T10:07:38","guid":{"rendered":"http:\/\/culturaliagz.com\/?p=7306"},"modified":"2020-09-29T11:09:25","modified_gmt":"2020-09-29T10:09:25","slug":"maxia-e-roteiro-esta-fin-de-semana-na-casa-museo-manuel-maria","status":"publish","type":"post","link":"http:\/\/culturaliagz.com\/?p=7306","title":{"rendered":"Maxia e roteiro esta fin de semana na Casa-Museo Manuel Mar\u00eda"},"content":{"rendered":"\n<div class=\"wp-block-image\"><figure class=\"aligncenter size-large\"><a href=\"http:\/\/culturaliagz.com\/wp-content\/uploads\/2020\/09\/camina_publicacion-2.jpg\" target=\"_blank\" rel=\"noopener noreferrer\"><img loading=\"lazy\" decoding=\"async\" width=\"999\" height=\"1024\" src=\"http:\/\/culturaliagz.com\/wp-content\/uploads\/2020\/09\/camina_publicacion-2-999x1024.jpg\" alt=\"\" class=\"wp-image-7307\" srcset=\"http:\/\/culturaliagz.com\/wp-content\/uploads\/2020\/09\/camina_publicacion-2-999x1024.jpg 999w, http:\/\/culturaliagz.com\/wp-content\/uploads\/2020\/09\/camina_publicacion-2-980x1004.jpg 980w, http:\/\/culturaliagz.com\/wp-content\/uploads\/2020\/09\/camina_publicacion-2-480x492.jpg 480w\" sizes=\"auto, (min-width: 0px) and (max-width: 480px) 480px, (min-width: 481px) and (max-width: 980px) 980px, (min-width: 981px) 999px, 100vw\" \/><\/a><\/figure><\/div>\n\n\n\n<p>Este s\u00e1bado, d\u00eda 3 de outubro, \u00e1s 18 hrs, chega \u00e1 <a rel=\"noreferrer noopener\" href=\"http:\/\/www.casamuseomanuelmaria.gal\/portada.htm\" target=\"_blank\">Casa-Museo Manuel Mar\u00eda<\/a> o mago&nbsp;<strong>Mart\u00edn Cami\u00f1a<\/strong>&nbsp;co seu espect\u00e1culo \u201c<a href=\"http:\/\/www.casamuseomanuelmaria.gal\/actividades\/o-mago-martin-camina-este-sabado-na-casa-museo-manuel-maria.htm?tipo=ACTIVIDADE\" target=\"_blank\" rel=\"noreferrer noopener\">Feitizos e ilusi\u00f3ns\u201d<\/a>, unha enchente de maxia, humor e participaci\u00f3n\u2026iso si, desde as cadeiras.<br>&nbsp;<strong>Dirixido para un p\u00fablico familiar, a partir de 6 anos<\/strong>, as persoas que asistan ter\u00e1n como condici\u00f3ns de obrigado cumprimento:<br>-o uso de m\u00e1scara (excepto as persoas exentas pola lexislaci\u00f3n vixente)<br>-lavar as mans con xel hidroalc\u00f3lico \u00e1 entrada e \u00e1 sa\u00edda do auditorio<br>-manter a distancia de seguranza, sobre todo \u00e1 entrada e \u00e1 sa\u00edda para evitar amontoamentos<br>-non mudarse das cadeiras asignadas<br>-seguir as indicaci\u00f3ns do persoal da Casa-Museo Manuel Mar\u00eda<br>Recom\u00e9ndase, tam\u00e9n, limitar o m\u00e1ximo pos\u00edbel o uso dos ba\u00f1os<br>O aforo do auditorio da Casa-Museo Manuel Mar\u00eda verase reducido polas indicaci\u00f3ns sanitarias motivadas pola COVID-19 e por tanto toda persoa que asista a este espect\u00e1culo ten que ter reservada previamente a entrada a trav\u00e9s do correo electr\u00f3nico&nbsp;<a rel=\"noreferrer noopener\" href=\"mailto:contacto@casamuseomanuelmaria.gal\" target=\"_blank\">contacto@casamuseomanuelmaria.gal<\/a>&nbsp;O prezo do billete \u00e9 de dous euros.<\/p>\n\n\n\n<p>O domingo, d\u00eda 4 de outubro, \u00e1s 10 hrs, e se o tempo acompa\u00f1a, faremos unha cami\u00f1ada por alg\u00fans dos lugares de Outeiro de Rei m\u00e1is \u00edntimos de Manuel Mar\u00eda. O\u00a0roteiro, <a href=\"http:\/\/www.casamuseomanuelmaria.gal\/actividades\/a-casa-museo-manuel-maria-organiza-para-este-un-domigo-o-roteiro-polos-caminos-da-tribo.htm?tipo=ACTIVIDADE\" target=\"_blank\" rel=\"noreferrer noopener\">&#8220;Polos cami\u00f1os da tribo&#8221;<\/a>,\u00a0partir\u00e1 desde a Casa-Museo e ten unha dificultade baixa, un percurso de aproximadamente seis quil\u00f3metros, e cunha duraci\u00f3n sobre as tres horas.<\/p>\n\n\n\n<p>Orlando Viveiro, divulgador cultural, ser\u00e1 a persoa que far\u00e1 de gu\u00eda e con quen descubriremos o medio e o patrimonio da localidade. Durante o cami\u00f1o faranse lecturas de poemas e textos de Manuel Mar\u00eda vinculados aos espazos.<\/p>\n\n\n\n<p>Para participar (\u00e9 gratu\u00edta) hai que se inscribir previamente en&nbsp;<a href=\"mailto:contacto@casamuseomanuelmaria.gal\" target=\"_blank\" rel=\"noreferrer noopener\">contacto@casamuseomanuelmaria.gal<\/a>&nbsp;e a actividade vai dirixida para p\u00fablico adulto.\u00c1rea de anexos<\/p>\n","protected":false},"excerpt":{"rendered":"<p>Este s\u00e1bado, d\u00eda 3 de outubro, \u00e1s 18 hrs, chega \u00e1 Casa-Museo Manuel Mar\u00eda o mago&nbsp;Mart\u00edn Cami\u00f1a&nbsp;co seu espect\u00e1culo \u201cFeitizos e ilusi\u00f3ns\u201d, unha enchente de maxia, humor e participaci\u00f3n\u2026iso si, [&hellip;]<\/p>\n","protected":false},"author":1,"featured_media":0,"comment_status":"open","ping_status":"open","sticky":false,"template":"","format":"standard","meta":{"_et_pb_use_builder":"off","_et_pb_old_content":"","_et_gb_content_width":"","_jetpack_memberships_contains_paid_content":false,"footnotes":""},"categories":[23,7,6,1],"tags":[190,689,688],"class_list":["post-7306","post","type-post","status-publish","format-standard","hentry","category-autoresas","category-creacion","category-novas","category-xeral","tag-casa-museo-manuel-maria","tag-feitizos-e-ilusions","tag-martin-camina"],"jetpack_featured_media_url":"","jetpack_sharing_enabled":true,"_links":{"self":[{"href":"http:\/\/culturaliagz.com\/index.php?rest_route=\/wp\/v2\/posts\/7306","targetHints":{"allow":["GET"]}}],"collection":[{"href":"http:\/\/culturaliagz.com\/index.php?rest_route=\/wp\/v2\/posts"}],"about":[{"href":"http:\/\/culturaliagz.com\/index.php?rest_route=\/wp\/v2\/types\/post"}],"author":[{"embeddable":true,"href":"http:\/\/culturaliagz.com\/index.php?rest_route=\/wp\/v2\/users\/1"}],"replies":[{"embeddable":true,"href":"http:\/\/culturaliagz.com\/index.php?rest_route=%2Fwp%2Fv2%2Fcomments&post=7306"}],"version-history":[{"count":2,"href":"http:\/\/culturaliagz.com\/index.php?rest_route=\/wp\/v2\/posts\/7306\/revisions"}],"predecessor-version":[{"id":7309,"href":"http:\/\/culturaliagz.com\/index.php?rest_route=\/wp\/v2\/posts\/7306\/revisions\/7309"}],"wp:attachment":[{"href":"http:\/\/culturaliagz.com\/index.php?rest_route=%2Fwp%2Fv2%2Fmedia&parent=7306"}],"wp:term":[{"taxonomy":"category","embeddable":true,"href":"http:\/\/culturaliagz.com\/index.php?rest_route=%2Fwp%2Fv2%2Fcategories&post=7306"},{"taxonomy":"post_tag","embeddable":true,"href":"http:\/\/culturaliagz.com\/index.php?rest_route=%2Fwp%2Fv2%2Ftags&post=7306"}],"curies":[{"name":"wp","href":"https:\/\/api.w.org\/{rel}","templated":true}]}}