{"id":7294,"date":"2020-09-26T22:24:09","date_gmt":"2020-09-26T21:24:09","guid":{"rendered":"http:\/\/culturaliagz.com\/?p=7294"},"modified":"2020-09-26T22:24:12","modified_gmt":"2020-09-26T21:24:12","slug":"mamoa-da-millarada-desfeita-na-maior-necropole-tumularia-do-neolitico-en-galicia-por-ana-mar-fraga-rabade","status":"publish","type":"post","link":"http:\/\/culturaliagz.com\/?p=7294","title":{"rendered":"M\u00e1moa da Millarada. Desfeita na maior necr\u00f3pole tumularia do Neol\u00edtico en Galicia, por Ana Mar Fraga R\u00e1bade"},"content":{"rendered":"\n<div class=\"wp-block-group\"><div class=\"wp-block-group__inner-container is-layout-flow wp-block-group-is-layout-flow\">\n<p>Como historiadora e investigadora do <em>megalitismo<\/em>. Nacida na Terra Ch\u00e1, en Cospeito. Sendo un deber para min o que expo\u00f1o a continuaci\u00f3n.<\/p>\n\n\n\n<p>O d\u00eda 23 deste mes de setembro, arrasaron &#8220;unha das maiores concentraci\u00f3ns tumularias do Neol\u00edtico en Galicia. Son d\u00faas M\u00e1moas da necr\u00f3pole megal\u00edtica de A Millarada, no lugar de Penalba entre as parroquias de San Marti\u00f1o de Pino e Santa Mar\u00eda de Cospeito.<\/p>\n\n\n\n<p>Este monumento funerario \u00e9 o m\u00e1is importante non s\u00f3 do conxunto Millarada, sen\u00f3n do Concello de Cospeito. O t\u00famulo presenta agora mesmo fondos sucos, ao ter sido arrasado por maquinaria pesada de traballos forestais. A\u00ednda estando protexidos pola Lei do Patrimonio Cultural de Galicia, a impunidade dos continuos e citados traballos forestais provoca danos e graves agresi\u00f3ns \u00e1s concentraci\u00f3ns tumularios de Galicia.<\/p>\n<\/div><\/div>\n\n\n\n<p>Pretendo sinalar os eixes dun plan de conservaci\u00f3n dos monumentos megal\u00edticos, pasando por unha ampla informaci\u00f3n previa e asemade a adopci\u00f3n de medidas urxentes, preventivas e de difusi\u00f3n.<\/p>\n\n\n\n<p>A preservaci\u00f3n destes monumentos facilitar\u00eda a s\u00faa comprensi\u00f3n, das sociedades que os erixiron e nos que se atesoura unha gran cantidade de co\u00f1ecemento.<\/p>\n\n\n\n<p>Dende aqu\u00ed quero deixar constancia, asociando o potencial cient\u00edfico, que ampl\u00eda o seu valor patrimonial, facendo m\u00e1is dolorosa a s\u00faa destruci\u00f3n \u00e1 mans duns poucos e \u00e1 indiferenza de todos.<\/p>\n\n\n\n<p>Hai tempo que se levan notificando \u00e1s autoridades auton\u00f3micas a destruci\u00f3n e as alteraci\u00f3ns graves do noso patrimonio. Estas deber\u00edan desenvolver medidas activas de protecci\u00f3n. Vemos a cot\u00edo a dilatada distancia entre o incremento e o interese social, e a nula resposta administrativa e local (paradigma da ineptitude), onde o vandalismo unido ao insuficiente grao de aprecio de cara ao noso Patrimonio, \u00e9 de falta de control administrativo e invis\u00edbel.<\/p>\n\n\n\n<p>Debo reco\u00f1ecer que en Galicia, e para os servizos de arqueolox\u00eda, os orzamentos son insuficientes.<\/p>\n\n\n\n<p>Daquela, demandar\u00eda xesti\u00f3ns \u00e1s instituci\u00f3ns (provinciais, locais, veci\u00f1ais), un dese\u00f1o e execuci\u00f3n dun organismo asesor, e coordinaci\u00f3n con outros organismos, debendo ser unha prioridade ante a endogamia actual en todas as esferas da sociedade, que descentraliza responsabilidades. OXAL\u00c1 HAXA UN EQUILIBRIO!<\/p>\n\n\n\n<p>E para rematar fago o meu chamamento ao Concello de Cospeito, que estando ligado a \u00e9poca prehist\u00f3rica, onde Veria e Valverde tiveron asentamentos poboados, palafitas e cidades lacustres,&nbsp; e no seu conxunto salientar a Torre Caldaloba.<\/p>\n\n\n\n<p>Calquera pol\u00edtica de xesti\u00f3n patrimonial, as\u00e9ntase nun co\u00f1ecemento preciso dos bens que debe administrar, entre estes deberes o Patrimonio hist\u00f3rico, arqueol\u00f3xico e megal\u00edtico.<\/p>\n\n\n\n<p>Ana Mar Fraga R\u00e1bade<\/p>\n","protected":false},"excerpt":{"rendered":"<p>Como historiadora e investigadora do megalitismo. Nacida na Terra Ch\u00e1, en Cospeito. Sendo un deber para min o que expo\u00f1o a continuaci\u00f3n. O d\u00eda 23 deste mes de setembro, arrasaron [&hellip;]<\/p>\n","protected":false},"author":1,"featured_media":0,"comment_status":"open","ping_status":"open","sticky":false,"template":"","format":"standard","meta":{"_et_pb_use_builder":"off","_et_pb_old_content":"","_et_gb_content_width":"","_jetpack_memberships_contains_paid_content":false,"footnotes":""},"categories":[23,7,1],"tags":[249,687],"class_list":["post-7294","post","type-post","status-publish","format-standard","hentry","category-autoresas","category-creacion","category-xeral","tag-ana-mar-fraga-rabade","tag-mamoa-da-millarada"],"jetpack_featured_media_url":"","jetpack_sharing_enabled":true,"_links":{"self":[{"href":"http:\/\/culturaliagz.com\/index.php?rest_route=\/wp\/v2\/posts\/7294","targetHints":{"allow":["GET"]}}],"collection":[{"href":"http:\/\/culturaliagz.com\/index.php?rest_route=\/wp\/v2\/posts"}],"about":[{"href":"http:\/\/culturaliagz.com\/index.php?rest_route=\/wp\/v2\/types\/post"}],"author":[{"embeddable":true,"href":"http:\/\/culturaliagz.com\/index.php?rest_route=\/wp\/v2\/users\/1"}],"replies":[{"embeddable":true,"href":"http:\/\/culturaliagz.com\/index.php?rest_route=%2Fwp%2Fv2%2Fcomments&post=7294"}],"version-history":[{"count":1,"href":"http:\/\/culturaliagz.com\/index.php?rest_route=\/wp\/v2\/posts\/7294\/revisions"}],"predecessor-version":[{"id":7295,"href":"http:\/\/culturaliagz.com\/index.php?rest_route=\/wp\/v2\/posts\/7294\/revisions\/7295"}],"wp:attachment":[{"href":"http:\/\/culturaliagz.com\/index.php?rest_route=%2Fwp%2Fv2%2Fmedia&parent=7294"}],"wp:term":[{"taxonomy":"category","embeddable":true,"href":"http:\/\/culturaliagz.com\/index.php?rest_route=%2Fwp%2Fv2%2Fcategories&post=7294"},{"taxonomy":"post_tag","embeddable":true,"href":"http:\/\/culturaliagz.com\/index.php?rest_route=%2Fwp%2Fv2%2Ftags&post=7294"}],"curies":[{"name":"wp","href":"https:\/\/api.w.org\/{rel}","templated":true}]}}