{"id":7287,"date":"2020-09-26T17:01:03","date_gmt":"2020-09-26T16:01:03","guid":{"rendered":"http:\/\/culturaliagz.com\/?p=7287"},"modified":"2020-09-26T17:08:27","modified_gmt":"2020-09-26T16:08:27","slug":"exposicion-de-fotografias-da-ulloa-de-alberto-p-garcia-no-castelo-de-pambre","status":"publish","type":"post","link":"http:\/\/culturaliagz.com\/?p=7287","title":{"rendered":"Exposici\u00f3n de fotografias da Ulloa, de Alberto P. Garc\u00eda, no Castelo de Pambre"},"content":{"rendered":"\n<div class=\"wp-block-image\"><figure class=\"aligncenter size-large\"><a href=\"http:\/\/culturaliagz.com\/wp-content\/uploads\/2020\/09\/cartaz-exposicion-Alberto-P-Garcia-Instituto-de-Estudos-Ulloans-castelo-de-Pambre.jpg\" target=\"_blank\" rel=\"noopener noreferrer\"><img loading=\"lazy\" decoding=\"async\" width=\"740\" height=\"1024\" src=\"http:\/\/culturaliagz.com\/wp-content\/uploads\/2020\/09\/cartaz-exposicion-Alberto-P-Garcia-Instituto-de-Estudos-Ulloans-castelo-de-Pambre-740x1024.jpg\" alt=\"\" class=\"wp-image-7288\" srcset=\"http:\/\/culturaliagz.com\/wp-content\/uploads\/2020\/09\/cartaz-exposicion-Alberto-P-Garcia-Instituto-de-Estudos-Ulloans-castelo-de-Pambre-740x1024.jpg 740w, http:\/\/culturaliagz.com\/wp-content\/uploads\/2020\/09\/cartaz-exposicion-Alberto-P-Garcia-Instituto-de-Estudos-Ulloans-castelo-de-Pambre-480x664.jpg 480w\" sizes=\"auto, (min-width: 0px) and (max-width: 480px) 480px, (min-width: 481px) 740px, 100vw\" \/><\/a><\/figure><\/div>\n\n\n\n<p><\/p>\n\n\n\n<p>Hoxe s\u00e1bado, 26 de setembro de 2020 \u00e1s 12,30 h, o <a rel=\"noreferrer noopener\" href=\"http:\/\/ieu.gal\/\" target=\"_blank\">IEU <\/a>inaugurou a exposici\u00f3n fotogr\u00e1fica <strong><a rel=\"noreferrer noopener\" href=\"http:\/\/ieu.gal\/exposicion-de-fotografia-de-alberto-p-garcia-no-castelo-de-pambre-269-ao-14112020\/\" target=\"_blank\">\u00c1S HORAS. Fotograf\u00edas da Ulloa<\/a><\/strong>, de Alberto P. Garc\u00eda, no Castelo de Pambre.<\/p>\n\n\n\n<p>Alberto P. Garc\u00eda tr\u00e1enos a Pambre a s\u00faa visi\u00f3n particular e de coidada est\u00e9tica da natureza da Ulloa: paisaxes misteriosas, \u00e1rbores centenarias, outeiros, fervenzas, fauna, flora\u2026 unha Ulloa diversa e colorida.<\/p>\n\n\n\n<p>A exposici\u00f3n, comisariada por Braulio Vilari\u00f1o e con dese\u00f1os de Azucena P\u00e9rez Souto, permanecer\u00e1 instalada ata o 14 de novembro na <a href=\"http:\/\/ieu.gal\/sala-2-castelo-de-pambre\/\" target=\"_blank\" rel=\"noreferrer noopener\">Sala 2<\/a> do Castelo de Pambre.<\/p>\n","protected":false},"excerpt":{"rendered":"<p>Hoxe s\u00e1bado, 26 de setembro de 2020 \u00e1s 12,30 h, o IEU inaugurou a exposici\u00f3n fotogr\u00e1fica \u00c1S HORAS. Fotograf\u00edas da Ulloa, de Alberto P. Garc\u00eda, no Castelo de Pambre. Alberto [&hellip;]<\/p>\n","protected":false},"author":1,"featured_media":0,"comment_status":"open","ping_status":"open","sticky":false,"template":"","format":"standard","meta":{"_et_pb_use_builder":"off","_et_pb_old_content":"","_et_gb_content_width":"","_jetpack_memberships_contains_paid_content":false,"footnotes":""},"categories":[23,7,6,1],"tags":[685,686,471,425],"class_list":["post-7287","post","type-post","status-publish","format-standard","hentry","category-autoresas","category-creacion","category-novas","category-xeral","tag-alberto-p-garcia","tag-as-horas-fotografias-da-ulloa","tag-castelo-de-pambre","tag-instituto-de-estudos-ulloans"],"jetpack_featured_media_url":"","jetpack_sharing_enabled":true,"_links":{"self":[{"href":"http:\/\/culturaliagz.com\/index.php?rest_route=\/wp\/v2\/posts\/7287","targetHints":{"allow":["GET"]}}],"collection":[{"href":"http:\/\/culturaliagz.com\/index.php?rest_route=\/wp\/v2\/posts"}],"about":[{"href":"http:\/\/culturaliagz.com\/index.php?rest_route=\/wp\/v2\/types\/post"}],"author":[{"embeddable":true,"href":"http:\/\/culturaliagz.com\/index.php?rest_route=\/wp\/v2\/users\/1"}],"replies":[{"embeddable":true,"href":"http:\/\/culturaliagz.com\/index.php?rest_route=%2Fwp%2Fv2%2Fcomments&post=7287"}],"version-history":[{"count":4,"href":"http:\/\/culturaliagz.com\/index.php?rest_route=\/wp\/v2\/posts\/7287\/revisions"}],"predecessor-version":[{"id":7292,"href":"http:\/\/culturaliagz.com\/index.php?rest_route=\/wp\/v2\/posts\/7287\/revisions\/7292"}],"wp:attachment":[{"href":"http:\/\/culturaliagz.com\/index.php?rest_route=%2Fwp%2Fv2%2Fmedia&parent=7287"}],"wp:term":[{"taxonomy":"category","embeddable":true,"href":"http:\/\/culturaliagz.com\/index.php?rest_route=%2Fwp%2Fv2%2Fcategories&post=7287"},{"taxonomy":"post_tag","embeddable":true,"href":"http:\/\/culturaliagz.com\/index.php?rest_route=%2Fwp%2Fv2%2Ftags&post=7287"}],"curies":[{"name":"wp","href":"https:\/\/api.w.org\/{rel}","templated":true}]}}