{"id":7281,"date":"2020-09-26T16:47:46","date_gmt":"2020-09-26T15:47:46","guid":{"rendered":"http:\/\/culturaliagz.com\/?p=7281"},"modified":"2020-09-26T17:10:45","modified_gmt":"2020-09-26T16:10:45","slug":"o-ieu-investiga-a-orixe-do-tesouro-de-antas-de-ulla","status":"publish","type":"post","link":"http:\/\/culturaliagz.com\/?p=7281","title":{"rendered":"O IEU investiga a orixe do Tesouro de Antas de Ulla"},"content":{"rendered":"\n<div class=\"wp-block-image\"><figure class=\"aligncenter size-large\"><a href=\"http:\/\/culturaliagz.com\/wp-content\/uploads\/2020\/09\/Investigacion-O-Tesouro-de-Antas-de-Ulla-Instituto-de-Estudos-Ulloans.jpg\" target=\"_blank\" rel=\"noopener noreferrer\"><img loading=\"lazy\" decoding=\"async\" width=\"1024\" height=\"724\" src=\"http:\/\/culturaliagz.com\/wp-content\/uploads\/2020\/09\/Investigacion-O-Tesouro-de-Antas-de-Ulla-Instituto-de-Estudos-Ulloans-1024x724.jpg\" alt=\"\" class=\"wp-image-7282\" srcset=\"http:\/\/culturaliagz.com\/wp-content\/uploads\/2020\/09\/Investigacion-O-Tesouro-de-Antas-de-Ulla-Instituto-de-Estudos-Ulloans-1024x724.jpg 1024w, http:\/\/culturaliagz.com\/wp-content\/uploads\/2020\/09\/Investigacion-O-Tesouro-de-Antas-de-Ulla-Instituto-de-Estudos-Ulloans-980x692.jpg 980w, http:\/\/culturaliagz.com\/wp-content\/uploads\/2020\/09\/Investigacion-O-Tesouro-de-Antas-de-Ulla-Instituto-de-Estudos-Ulloans-480x339.jpg 480w\" sizes=\"auto, (min-width: 0px) and (max-width: 480px) 480px, (min-width: 481px) and (max-width: 980px) 980px, (min-width: 981px) 1024px, 100vw\" \/><\/a><\/figure><\/div>\n\n\n\n<p class=\"has-text-align-center\"><strong><a href=\"http:\/\/ieu.gal\/o-ieu-investiga-orixe-tesouro-de-antas-de-ulla\/\" target=\"_blank\" rel=\"noreferrer noopener\">O TESOURO DE ANTAS DE ULLA<\/a><\/strong><\/p>\n\n\n\n<p>Esta \u00e9 unha historia recente, pero moi antiga no tempo. S\u00f3 sabemos alg\u00fans datos pero queremos co\u00f1ecer m\u00e1is. Por eso decidimos acudir a memoria da xente da Ulloa para que nos axude a reconstruir esta historia.<\/p>\n\n\n\n<div class=\"wp-block-image\"><figure class=\"aligncenter size-large\"><a href=\"http:\/\/culturaliagz.com\/wp-content\/uploads\/2020\/09\/pasted-image-0.png\" target=\"_blank\" rel=\"noopener noreferrer\"><img loading=\"lazy\" decoding=\"async\" width=\"607\" height=\"434\" src=\"http:\/\/culturaliagz.com\/wp-content\/uploads\/2020\/09\/pasted-image-0.png\" alt=\"\" class=\"wp-image-7283\" srcset=\"http:\/\/culturaliagz.com\/wp-content\/uploads\/2020\/09\/pasted-image-0.png 607w, http:\/\/culturaliagz.com\/wp-content\/uploads\/2020\/09\/pasted-image-0-480x343.png 480w\" sizes=\"auto, (min-width: 0px) and (max-width: 480px) 480px, (min-width: 481px) 607px, 100vw\" \/><\/a><\/figure><\/div>\n\n\n\n<p>No ano 1972, o Museo de Pontevedra adquiriu un conxunto de espirais de prata. O lote est\u00e1 actualmente constitu\u00eddo por un aro central do cal colgan seis cadeas, cada unha con cinco espirais irregulares de tama\u00f1o decrecente. Tr\u00e1tase de pezas fabricadas a partir dun arame, de acabado irregular. O peso e o tama\u00f1o das espirais \u00e9 variable, e o conxunto pesa en total 335,10&nbsp; g, o que ven sendo moito se temos en conta o resto da totalidade da prata prehist\u00f3rica, xa que no noroeste co\u00f1\u00e9cense menos dunha veintena de espirais de prata atopadas en enterramentos de car\u00e1cter individual de hai uns 4000 anos.&nbsp;<\/p>\n\n\n\n<p>No caso de Antas de Ulla, a\u00ednda que habitualmente atrib\u00faeselle unha funci\u00f3n como \u201ccolar\u201d, parece que esta configuraci\u00f3n ser\u00eda unha manipulaci\u00f3n posterior ao seu achado. Polo seu car\u00e1cter de medida e partibilidade, foi relacionado con outros \u201ctesouros\u201d conformados por cadeas de espirais, normalmente de ouro, que poder\u00edan ser formas de acumulaci\u00f3n \u201cpre-monetais\u201d, sendo esto compatible cun posible uso ornamental.&nbsp;<\/p>\n\n\n\n<div class=\"wp-block-image\"><figure class=\"aligncenter\"><a href=\"http:\/\/culturaliagz.com\/wp-content\/uploads\/2020\/09\/pasted-image-0-1.png\" target=\"_blank\" rel=\"noopener noreferrer\"><img decoding=\"async\" src=\"https:\/\/lh6.googleusercontent.com\/wi2mKp-F8ZY96vzeWUyp2o8mFztoYS0YLdxkQUPXX3xM8A3SwHA_2LkdICZcHa6Ca1zBkEdGyoOZoiwyrBbWHx9YV7JvWtWIVYvbRr7NeucwlwgbjkSLqaEEpqaICeXC7jx92OaQ\" alt=\"\"\/><\/a><\/figure><\/div>\n\n\n\n<p>Determinouse que a prata coa que est\u00e1n realizadas as espirais ten poucas impurezas e baixos contidos en chumbo, polo que non se&nbsp; tratar\u00eda dunha prata obtida a partir da galena arxent\u00edfera mediante o proceso denominado \u201ccopelaci\u00f3n\u201d, desco\u00f1ecido na Pen\u00ednsula Ib\u00e9rica antes da chegada e asentamento dos primeiros colonos&nbsp; fenicios, sen\u00f3n que ser\u00eda obtida doutros minerais met\u00e1licos e mediante outros procesos.<\/p>\n\n\n\n<p>Para co\u00f1ecer a procedencia da prata, foi estudado mediante a t\u00e9cnica co\u00f1ecida como \u201cis\u00f3topos de chumbo\u201d. Bas\u00e9ase en que a composici\u00f3n&nbsp; isot\u00f3pica do chumbo nos minerais de cobre, ferro e prata \u00e9 \u00fanica en cada localizaci\u00f3n particular. Esta composici\u00f3n&nbsp; isot\u00f3pica pode localizarse tam\u00e9n en obxectos met\u00e1licos manufacturados, permitindo a discriminaci\u00f3n das fontes de subministraci\u00f3n da materia prima. Os resultados das an\u00e1lises isot\u00f3picas da prata do conxunto de Antas de Ulla amosaron trazas semellantes \u00e1s do sur da Pen\u00ednsula Ib\u00e9rica, con posibles distintas procedencias. Foi a primeira peza arqueol\u00f3xica estudada en Galicia mediante esta t\u00e9cnica.&nbsp;<\/p>\n\n\n\n<p>Ainda que como vemos, constit\u00fae unha evidencia arqueol\u00f3xica excepcional e de gran interese, \u00e9 moi pouco o que se co\u00f1ece sobre a s\u00faa procedencia. O \u00fanico dato que se recolleu na bibliograf\u00eda \u00e9 que \u201capareceu nun illote do r\u00edo Ulla \u00f3 paso por Antas de Ulla, dentro dunha caixa de bronce ou ou cobre que non foi conservada\u201d. Pero f\u00e1ltannos&nbsp; por saber outros datos moi importantes. Xorden moitos interrogantes: Porque aparece ah\u00ed? Algu\u00e9n sabe, onde se atopou realmente? Porque aparece nun illote? Algu\u00e9n sabe algo deste colar?<\/p>\n\n\n\n<p>En colaboraci\u00f3n con Beatriz Comendador, profesora da Universidade de Vigo, queremos saber m\u00e1is \u2026 como foi atopado\u2026 que se co\u00f1ece ou que se conta sobre este achado\u2026&nbsp;<\/p>\n\n\n\n<p>Queremos tirar deste \u201cf\u00edo de prata\u201d para reconstruir un pouco m\u00e1is a memoria deste tesouro, que forma parte da n\u00f3sa propia memoria. Dic\u00eda Cunqueiro que os tesouros son \u201cxente viva\u201d, e que tam\u00e9n poden ser \u201cunha verba\u201d, ou \u201cun lugar\u201d. Por iso queremos emprender esta procura acompa\u00f1ados de xente, verbas e lugares.<\/p>\n\n\n\n<p>Se algu\u00e9n pode dar algunha informaci\u00f3n pr\u00e9gase, chame ao telf 609760169 ou ao correo <a href=\"mailto:hgc9591@gmail.com\" target=\"_blank\" rel=\"noreferrer noopener\">hgc9591@gmail.com<\/a><\/p>\n\n\n\n<p>INSTITUTO DE ESTUDOS ULLO\u00c1NS<\/p>\n\n\n\n<p><\/p>\n","protected":false},"excerpt":{"rendered":"<p>O TESOURO DE ANTAS DE ULLA Esta \u00e9 unha historia recente, pero moi antiga no tempo. S\u00f3 sabemos alg\u00fans datos pero queremos co\u00f1ecer m\u00e1is. Por eso decidimos acudir a memoria [&hellip;]<\/p>\n","protected":false},"author":1,"featured_media":0,"comment_status":"open","ping_status":"open","sticky":false,"template":"","format":"standard","meta":{"_et_pb_use_builder":"off","_et_pb_old_content":"","_et_gb_content_width":"","_jetpack_memberships_contains_paid_content":false,"footnotes":""},"categories":[23,7,6,1],"tags":[425,684],"class_list":["post-7281","post","type-post","status-publish","format-standard","hentry","category-autoresas","category-creacion","category-novas","category-xeral","tag-instituto-de-estudos-ulloans","tag-o-tesouro-de-antas-de-ulla"],"jetpack_featured_media_url":"","jetpack_sharing_enabled":true,"_links":{"self":[{"href":"http:\/\/culturaliagz.com\/index.php?rest_route=\/wp\/v2\/posts\/7281","targetHints":{"allow":["GET"]}}],"collection":[{"href":"http:\/\/culturaliagz.com\/index.php?rest_route=\/wp\/v2\/posts"}],"about":[{"href":"http:\/\/culturaliagz.com\/index.php?rest_route=\/wp\/v2\/types\/post"}],"author":[{"embeddable":true,"href":"http:\/\/culturaliagz.com\/index.php?rest_route=\/wp\/v2\/users\/1"}],"replies":[{"embeddable":true,"href":"http:\/\/culturaliagz.com\/index.php?rest_route=%2Fwp%2Fv2%2Fcomments&post=7281"}],"version-history":[{"count":3,"href":"http:\/\/culturaliagz.com\/index.php?rest_route=\/wp\/v2\/posts\/7281\/revisions"}],"predecessor-version":[{"id":7293,"href":"http:\/\/culturaliagz.com\/index.php?rest_route=\/wp\/v2\/posts\/7281\/revisions\/7293"}],"wp:attachment":[{"href":"http:\/\/culturaliagz.com\/index.php?rest_route=%2Fwp%2Fv2%2Fmedia&parent=7281"}],"wp:term":[{"taxonomy":"category","embeddable":true,"href":"http:\/\/culturaliagz.com\/index.php?rest_route=%2Fwp%2Fv2%2Fcategories&post=7281"},{"taxonomy":"post_tag","embeddable":true,"href":"http:\/\/culturaliagz.com\/index.php?rest_route=%2Fwp%2Fv2%2Ftags&post=7281"}],"curies":[{"name":"wp","href":"https:\/\/api.w.org\/{rel}","templated":true}]}}