{"id":7278,"date":"2020-09-23T12:10:25","date_gmt":"2020-09-23T11:10:25","guid":{"rendered":"http:\/\/culturaliagz.com\/?p=7278"},"modified":"2020-09-23T12:10:27","modified_gmt":"2020-09-23T11:10:27","slug":"7o-convivio-da-cultura-galega-quico-cadaval-este-sabado-as-16-hrs-con-o-complexo-de-edipo-na-casa-museo-manuel-maria","status":"publish","type":"post","link":"http:\/\/culturaliagz.com\/?p=7278","title":{"rendered":"7\u00ba Convivio da Cultura Galega. Quico Cadaval este s\u00e1bado, \u00e1s 16 hrs, con &#8220;O complexo de Edipo&#8221;, na Casa-Museo Manuel Mar\u00eda"},"content":{"rendered":"\n<div class=\"wp-block-image\"><figure class=\"aligncenter size-large\"><a href=\"http:\/\/culturaliagz.com\/wp-content\/uploads\/2020\/09\/convivio20publicacion.jpg\" target=\"_blank\" rel=\"noopener noreferrer\"><img loading=\"lazy\" decoding=\"async\" width=\"999\" height=\"1024\" src=\"http:\/\/culturaliagz.com\/wp-content\/uploads\/2020\/09\/convivio20publicacion-999x1024.jpg\" alt=\"\" class=\"wp-image-7279\" srcset=\"http:\/\/culturaliagz.com\/wp-content\/uploads\/2020\/09\/convivio20publicacion-999x1024.jpg 999w, http:\/\/culturaliagz.com\/wp-content\/uploads\/2020\/09\/convivio20publicacion-980x1004.jpg 980w, http:\/\/culturaliagz.com\/wp-content\/uploads\/2020\/09\/convivio20publicacion-480x492.jpg 480w\" sizes=\"auto, (min-width: 0px) and (max-width: 480px) 480px, (min-width: 481px) and (max-width: 980px) 980px, (min-width: 981px) 999px, 100vw\" \/><\/a><\/figure><\/div>\n\n\n\n<p>A <a href=\"http:\/\/galizacultura.gal\/\" target=\"_blank\" rel=\"noreferrer noopener\">Federaci\u00f3n Galiza Cultura<\/a> e a <a href=\"http:\/\/www.casamuseomanuelmaria.gal\/portada.htm\" target=\"_blank\" rel=\"noreferrer noopener\">Casa-Museo Manuel Mar\u00eda<\/a> organizan para este s\u00e1bado,\u00a026 de setembro, unha nova edici\u00f3n, a s\u00e9tima, do <a href=\"http:\/\/galizacultura.gal\/blog\/convocada-a-7a-edicion-do-convivio-da-cultura-galega\/\" target=\"_blank\" rel=\"noreferrer noopener\">Convivio da Cultura Galega<\/a>, en Outeiro de Rei da Terra Ch\u00e1.<\/p>\n\n\n\n<p>Dentro da xornada, \u00e1s 16 hrs, est\u00e1 programada, en principio na horta da Casa-Museo, unha actuaci\u00f3n de <a href=\"http:\/\/www.casamuseomanuelmaria.gal\/actividades\/este-sabado-26-de-setembro-nova-edicion-do-convivio-da-cultura-galega.htm?tipo=ACTIVIDADE\" target=\"_blank\" rel=\"noreferrer noopener\">Quico Cadaval que levar\u00e1\u00a0a cabo a narraci\u00f3n oral \u201cO complexo de Edipo\u201d<\/a>. Un espect\u00e1culo que<em>\u00a0comezou como un comentario de texto escolar para acabar convertido nun di\u00e1logo imaxinario do narrador coa sua nai sobre o mito de Edipo e o triste destino da familia real de Tebas (Grecia). Gastronom\u00eda! \u00c9pica! Alta\u00a0Cultura! Mexericos! Psican\u00e1lise! Noticias sorprendentes sobre a monarqu\u00eda espa\u00f1ola!\u00a0Todo en 71 trepidantes minutos, nun mon\u00f3logo traxi-rid\u00edculo.<\/em><\/p>\n\n\n\n<p><em>Esta actividade, dirixida para p\u00fablico adulto, \u00e9 de entrada libre mais \u00e9 necesario facer previamente reserva\u00a0que se poder\u00e1 realizar a trav\u00e9s do correo electr\u00f3nico\u00a0<a rel=\"noreferrer noopener\" href=\"mailto:contacto@casamuseomanuelmaria.gal\" target=\"_blank\">contacto@casamuseomanuelmaria.gal<\/a><\/em><em>\u00a0ou no tel. 698177621, xa que para manter as medidas \u00a0preventivas da COVID-19 o n\u00famero de prazas para presenciar o espect\u00e1culo \u00e9 menor.<\/em><\/p>\n","protected":false},"excerpt":{"rendered":"<p>A Federaci\u00f3n Galiza Cultura e a Casa-Museo Manuel Mar\u00eda organizan para este s\u00e1bado,\u00a026 de setembro, unha nova edici\u00f3n, a s\u00e9tima, do Convivio da Cultura Galega, en Outeiro de Rei da [&hellip;]<\/p>\n","protected":false},"author":1,"featured_media":0,"comment_status":"open","ping_status":"open","sticky":false,"template":"","format":"standard","meta":{"_et_pb_use_builder":"off","_et_pb_old_content":"","_et_gb_content_width":"","_jetpack_memberships_contains_paid_content":false,"footnotes":""},"categories":[23,7,6,1],"tags":[190,469,683,682],"class_list":["post-7278","post","type-post","status-publish","format-standard","hentry","category-autoresas","category-creacion","category-novas","category-xeral","tag-casa-museo-manuel-maria","tag-convivio-da-cultura-galega","tag-o-complexo-de-edipo","tag-quico-cadaval"],"jetpack_featured_media_url":"","jetpack_sharing_enabled":true,"_links":{"self":[{"href":"http:\/\/culturaliagz.com\/index.php?rest_route=\/wp\/v2\/posts\/7278","targetHints":{"allow":["GET"]}}],"collection":[{"href":"http:\/\/culturaliagz.com\/index.php?rest_route=\/wp\/v2\/posts"}],"about":[{"href":"http:\/\/culturaliagz.com\/index.php?rest_route=\/wp\/v2\/types\/post"}],"author":[{"embeddable":true,"href":"http:\/\/culturaliagz.com\/index.php?rest_route=\/wp\/v2\/users\/1"}],"replies":[{"embeddable":true,"href":"http:\/\/culturaliagz.com\/index.php?rest_route=%2Fwp%2Fv2%2Fcomments&post=7278"}],"version-history":[{"count":1,"href":"http:\/\/culturaliagz.com\/index.php?rest_route=\/wp\/v2\/posts\/7278\/revisions"}],"predecessor-version":[{"id":7280,"href":"http:\/\/culturaliagz.com\/index.php?rest_route=\/wp\/v2\/posts\/7278\/revisions\/7280"}],"wp:attachment":[{"href":"http:\/\/culturaliagz.com\/index.php?rest_route=%2Fwp%2Fv2%2Fmedia&parent=7278"}],"wp:term":[{"taxonomy":"category","embeddable":true,"href":"http:\/\/culturaliagz.com\/index.php?rest_route=%2Fwp%2Fv2%2Fcategories&post=7278"},{"taxonomy":"post_tag","embeddable":true,"href":"http:\/\/culturaliagz.com\/index.php?rest_route=%2Fwp%2Fv2%2Ftags&post=7278"}],"curies":[{"name":"wp","href":"https:\/\/api.w.org\/{rel}","templated":true}]}}