{"id":7263,"date":"2020-09-13T22:32:12","date_gmt":"2020-09-13T21:32:12","guid":{"rendered":"http:\/\/culturaliagz.com\/?p=7263"},"modified":"2020-09-13T22:36:03","modified_gmt":"2020-09-13T21:36:03","slug":"proxeccion-en-autocine-do-film-maria-solinha-no-campo-da-feira-de-vilalba","status":"publish","type":"post","link":"http:\/\/culturaliagz.com\/?p=7263","title":{"rendered":"Proxecci\u00f3n en autocine do film MAR\u00cdA SOLINHA, no Campo da Feira de Vilalba"},"content":{"rendered":"\n<div class=\"wp-block-image\"><figure class=\"aligncenter size-large\"><a href=\"http:\/\/culturaliagz.com\/wp-content\/uploads\/2020\/09\/MARIA-SOLINHA-1-scaled.jpg\" target=\"_blank\" rel=\"noopener noreferrer\"><img loading=\"lazy\" decoding=\"async\" width=\"724\" height=\"1024\" src=\"http:\/\/culturaliagz.com\/wp-content\/uploads\/2020\/09\/MARIA-SOLINHA-1-724x1024.jpg\" alt=\"\" class=\"wp-image-7265\"\/><\/a><\/figure><\/div>\n\n\n\n<p><\/p>\n\n\n\n<p>O vindeiro m\u00e9rcores 16 de setembro de 2020, \u00e1s 21:00 horas, no Campo da Feira de Vilalba, est\u00e1 prevista a proxecci\u00f3n en formato autocine de MAR\u00cfA SOLI\u00d1A, un film de IGANCIO VILAR. O acto est\u00e1 organizado polo <a rel=\"noreferrer noopener\" href=\"https:\/\/estudoschairegos.wixsite.com\/iescha\" target=\"_blank\">Instituto de Estudos Chairegos<\/a> e a <a rel=\"noreferrer noopener\" href=\"http:\/\/cultura.deputacionlugo.gal\/\" target=\"_blank\">Vicepresidencia-\u00c1rea de Cultura, Patrimonio Hist\u00f3rico Art\u00edstico e Normalizaci\u00f3n Ling\u00fc\u00edstica da Deputaci\u00f3n de Lugo<\/a>, en colaboraci\u00f3n co <a href=\"https:\/\/vilalba.org\/\" target=\"_blank\" rel=\"noreferrer noopener\">Concello de Vilalba<\/a>, e coa lox\u00edstica da produtora do film, <a rel=\"noreferrer noopener\" href=\"http:\/\/www.vialacteafilmes.gal\/es\/la-productora\/\" target=\"_blank\">V\u00cdA L\u00c1CTEA<\/a>.<\/p>\n\n\n\n<p>Velaqu\u00ed a <a href=\"http:\/\/culturaliagz.com\/wp-content\/uploads\/2020\/09\/NOTA_INFORMATIVA_MARIA-SOLINHA_3-copia.pdf\" target=\"_blank\" rel=\"noreferrer noopener\">nota informativa<\/a> de dita proxecci\u00f3n.<\/p>\n","protected":false},"excerpt":{"rendered":"<p>O vindeiro m\u00e9rcores 16 de setembro de 2020, \u00e1s 21:00 horas, no Campo da Feira de Vilalba, est\u00e1 prevista a proxecci\u00f3n en formato autocine de MAR\u00cfA SOLI\u00d1A, un film de [&hellip;]<\/p>\n","protected":false},"author":1,"featured_media":0,"comment_status":"open","ping_status":"open","sticky":false,"template":"","format":"standard","meta":{"_et_pb_use_builder":"off","_et_pb_old_content":"","_et_gb_content_width":"","_jetpack_memberships_contains_paid_content":false,"footnotes":""},"categories":[23,7,6,1],"tags":[30,302,234,666,681],"class_list":["post-7263","post","type-post","status-publish","format-standard","hentry","category-autoresas","category-creacion","category-novas","category-xeral","tag-concello-de-vilalba","tag-deputacion-provincial-de-lugo","tag-iescha","tag-maria-solinha","tag-produtora-via-lactea"],"jetpack_featured_media_url":"","jetpack_sharing_enabled":true,"_links":{"self":[{"href":"http:\/\/culturaliagz.com\/index.php?rest_route=\/wp\/v2\/posts\/7263","targetHints":{"allow":["GET"]}}],"collection":[{"href":"http:\/\/culturaliagz.com\/index.php?rest_route=\/wp\/v2\/posts"}],"about":[{"href":"http:\/\/culturaliagz.com\/index.php?rest_route=\/wp\/v2\/types\/post"}],"author":[{"embeddable":true,"href":"http:\/\/culturaliagz.com\/index.php?rest_route=\/wp\/v2\/users\/1"}],"replies":[{"embeddable":true,"href":"http:\/\/culturaliagz.com\/index.php?rest_route=%2Fwp%2Fv2%2Fcomments&post=7263"}],"version-history":[{"count":4,"href":"http:\/\/culturaliagz.com\/index.php?rest_route=\/wp\/v2\/posts\/7263\/revisions"}],"predecessor-version":[{"id":7270,"href":"http:\/\/culturaliagz.com\/index.php?rest_route=\/wp\/v2\/posts\/7263\/revisions\/7270"}],"wp:attachment":[{"href":"http:\/\/culturaliagz.com\/index.php?rest_route=%2Fwp%2Fv2%2Fmedia&parent=7263"}],"wp:term":[{"taxonomy":"category","embeddable":true,"href":"http:\/\/culturaliagz.com\/index.php?rest_route=%2Fwp%2Fv2%2Fcategories&post=7263"},{"taxonomy":"post_tag","embeddable":true,"href":"http:\/\/culturaliagz.com\/index.php?rest_route=%2Fwp%2Fv2%2Ftags&post=7263"}],"curies":[{"name":"wp","href":"https:\/\/api.w.org\/{rel}","templated":true}]}}