{"id":7260,"date":"2020-09-11T22:48:52","date_gmt":"2020-09-11T21:48:52","guid":{"rendered":"http:\/\/culturaliagz.com\/?p=7260"},"modified":"2020-09-11T22:48:54","modified_gmt":"2020-09-11T21:48:54","slug":"manifesto-a-prol-do-reconecemento-a-manuel-maria-outorgandolle-a-casa-da-cultura-de-vilalba-o-seu-nome","status":"publish","type":"post","link":"http:\/\/culturaliagz.com\/?p=7260","title":{"rendered":"Manifesto a prol do reco\u00f1ecemento a Manuel Mar\u00eda outorg\u00e1ndolle \u00e1 Casa da Cultura de Vilalba o seu nome"},"content":{"rendered":"\n<div class=\"wp-block-image\"><figure class=\"aligncenter size-large\"><a href=\"http:\/\/culturaliagz.com\/wp-content\/uploads\/2020\/09\/Imaxe-Casa-da-Cultura-Vilalba.jpg\" target=\"_blank\" rel=\"noopener noreferrer\"><img loading=\"lazy\" decoding=\"async\" width=\"721\" height=\"179\" src=\"http:\/\/culturaliagz.com\/wp-content\/uploads\/2020\/09\/Imaxe-Casa-da-Cultura-Vilalba.jpg\" alt=\"\" class=\"wp-image-7261\" srcset=\"http:\/\/culturaliagz.com\/wp-content\/uploads\/2020\/09\/Imaxe-Casa-da-Cultura-Vilalba.jpg 721w, http:\/\/culturaliagz.com\/wp-content\/uploads\/2020\/09\/Imaxe-Casa-da-Cultura-Vilalba-480x119.jpg 480w\" sizes=\"auto, (min-width: 0px) and (max-width: 480px) 480px, (min-width: 481px) 721px, 100vw\" \/><\/a><\/figure><\/div>\n\n\n\n<p><\/p>\n\n\n\n<p>No solemne e multitudinario acto acad\u00e9mico celebrado o d\u00eda 15 de febreiro de 2003 no Auditorio Municipal \u201cCarmen Est\u00e9vez\u201d de Vilalba, o Ilustr\u00edsimo Se\u00f1or Don Manuel Mar\u00eda Fern\u00e1ndez Teixeiro, ao que reivindicamos como o noso Manuel Mar\u00eda, validou ante os membros da Real Academia Galega a raz\u00f3n de ser para que o seu discurso acad\u00e9mico fose pronunciado na capital da chairega.<br>Os que asinamos este manifesto e solicitamos a vosa adhesi\u00f3n, fomos testemu\u00f1a privilexiada e, como moitos outros vilalbeses, sent\u00edmonos orgullosos de que o Cantor da Terra Ch\u00e1 elixira a nosa vila para pronunciar o discurso que o elevaba a membro de Real Academia Galega, convertendo ese d\u00eda nunha data esculpida en ouro para a nosa historia, ao igual que o D\u00eda das Letras Galegas de 2016 no que foi homenaxeado como referencia cultural de Galiza.<br>A demora \u00e9 longa. Van transcorridos dezaseis anos dende que o noso Manuel Mar\u00eda fose tra\u00eddo dende o Pante\u00f3n de Galegos ilustres en Santiago de Compostela at\u00e9 a s\u00faa vila natal de Outeiro de Rei, onde descansan os seus restos \u00e1 sombra dos casti\u00f1eiros e do rumoroso, chairego e universal r\u00edo Mi\u00f1o.<br>Nos versos do noso Manuel Mar\u00eda, no poema \u201cPranto pola Terra Cha\u201d, o poeta di:<\/p>\n\n\n\n<p>Eu son chairego. E chairegos son os meus.<br>\u00a1Chairegos meu av\u00f3, meu pai, mi\u00f1a muller!<br>Denantes na Chaira reinaba a paz de Deus<br>e eu ti\u00f1a, na Terra Cha, o meu querer.<\/p>\n\n\n\n<p>\u00a1Agora non podo reco\u00f1ecer a terra mi\u00f1a!<br>\u00a1Non podo reco\u00f1ecer lugares que tripei!<br>Eu amo unha Terra Cha humildosi\u00f1a<br>cun amor xeneroso, fidel e de boa lei.<\/p>\n\n\n\n<p>De boa lei, os abaixo asinantes consider\u00e1ndonos herdeiros do seu legado. Conscientes da eiva que sup\u00f3n que Vilalba, a Capital da Terra Ch\u00e1, non preste merecente reco\u00f1ecemento ao \u201cxeneroso, fidel e de boa lei\u201d Manuel Mar\u00eda, sent\u00edndonos co dereito e a obriga moral de reivindicar a s\u00faa relevante figura para a historia de Vilalba e a Terra Ch\u00e1. Consider\u00e1molo o noso pai literario e m\u00e1ximo expo\u00f1ente do que se deu en identificar como \u201cSubescola Po\u00e9tica Vilalbesa\u201d inaugurada polo crego Xos\u00e9 Mar\u00eda Chao Ledo.<br>Por\u00e9n, dende o respecto e a humildade, pero coa forza moral de ser os seu fillos literarios en Vilalba \u2013 Xos\u00e9 Miguel Barrera e Mar\u00eda Xos\u00e9 Lamas \u2013 solicitamos a adhesi\u00f3n de cantos e cantas consideredes coma n\u00f3s unha xusta reparaci\u00f3n na estima da figura de Manuel Mar\u00eda.<br>Os abaixo asinantes (poetas, escritores, artistas de Galiza e dos conf\u00edns do mundo onde chegou a palabra do noso Manuel), pedimos aos poderes locais de Vilalba que reconsideren o seu rexeitamento para que Vilalba, como capital da Terra Cha, reco\u00f1eza ao noso bardo universal aprobando o nome de CASA DA CULTURA MANUEL MAR\u00cdA como monumento \u00e1 concordia, \u00e1 cultura, e ao home que amou unha Terra Ch\u00e1 humildosi\u00f1a cun amor xeneroso, fidel e de boa lei.<\/p>\n\n\n\n<p><em>*Enlace ao <a href=\"https:\/\/docs.google.com\/forms\/d\/e\/1FAIpQLSd3MSFDfRhDl5k9bs_Zvb9aenaq6eqE0SoVKxJcS9TcLIGQJw\/viewform\" target=\"_blank\" rel=\"noreferrer noopener\">Manifesto<\/a><\/em><\/p>\n","protected":false},"excerpt":{"rendered":"<p>No solemne e multitudinario acto acad\u00e9mico celebrado o d\u00eda 15 de febreiro de 2003 no Auditorio Municipal \u201cCarmen Est\u00e9vez\u201d de Vilalba, o Ilustr\u00edsimo Se\u00f1or Don Manuel Mar\u00eda Fern\u00e1ndez Teixeiro, ao [&hellip;]<\/p>\n","protected":false},"author":1,"featured_media":0,"comment_status":"open","ping_status":"open","sticky":false,"template":"","format":"standard","meta":{"_et_pb_use_builder":"off","_et_pb_old_content":"","_et_gb_content_width":"","_jetpack_memberships_contains_paid_content":false,"footnotes":""},"categories":[23,129,6,1],"tags":[680,189],"class_list":["post-7260","post","type-post","status-publish","format-standard","hentry","category-autoresas","category-literaria","category-novas","category-xeral","tag-manifesto-casa-da-cultura-vilalba","tag-manuel-maria"],"jetpack_featured_media_url":"","jetpack_sharing_enabled":true,"_links":{"self":[{"href":"http:\/\/culturaliagz.com\/index.php?rest_route=\/wp\/v2\/posts\/7260","targetHints":{"allow":["GET"]}}],"collection":[{"href":"http:\/\/culturaliagz.com\/index.php?rest_route=\/wp\/v2\/posts"}],"about":[{"href":"http:\/\/culturaliagz.com\/index.php?rest_route=\/wp\/v2\/types\/post"}],"author":[{"embeddable":true,"href":"http:\/\/culturaliagz.com\/index.php?rest_route=\/wp\/v2\/users\/1"}],"replies":[{"embeddable":true,"href":"http:\/\/culturaliagz.com\/index.php?rest_route=%2Fwp%2Fv2%2Fcomments&post=7260"}],"version-history":[{"count":1,"href":"http:\/\/culturaliagz.com\/index.php?rest_route=\/wp\/v2\/posts\/7260\/revisions"}],"predecessor-version":[{"id":7262,"href":"http:\/\/culturaliagz.com\/index.php?rest_route=\/wp\/v2\/posts\/7260\/revisions\/7262"}],"wp:attachment":[{"href":"http:\/\/culturaliagz.com\/index.php?rest_route=%2Fwp%2Fv2%2Fmedia&parent=7260"}],"wp:term":[{"taxonomy":"category","embeddable":true,"href":"http:\/\/culturaliagz.com\/index.php?rest_route=%2Fwp%2Fv2%2Fcategories&post=7260"},{"taxonomy":"post_tag","embeddable":true,"href":"http:\/\/culturaliagz.com\/index.php?rest_route=%2Fwp%2Fv2%2Ftags&post=7260"}],"curies":[{"name":"wp","href":"https:\/\/api.w.org\/{rel}","templated":true}]}}