{"id":7256,"date":"2020-09-09T13:57:28","date_gmt":"2020-09-09T12:57:28","guid":{"rendered":"http:\/\/culturaliagz.com\/?p=7256"},"modified":"2020-09-09T13:57:31","modified_gmt":"2020-09-09T12:57:31","slug":"aelg-convite-a-xxvi-homenaxe-o-escritor-na-sua-terra-letra-e-a-vitor-vaqueiro-santiago-19-de-setembro","status":"publish","type":"post","link":"http:\/\/culturaliagz.com\/?p=7256","title":{"rendered":"AELG.- Convite \u00e1 XXVI Homenaxe \u201cO Escritor na s\u00faa Terra &#8211; Letra E\u201d a V\u00edtor Vaqueiro: Santiago, 19 de setembro"},"content":{"rendered":"\n<div class=\"wp-block-image\"><figure class=\"aligncenter size-large\"><a href=\"http:\/\/culturaliagz.com\/wp-content\/uploads\/2020\/09\/2020_Vitor_Vaqueiro_1-1.png\" target=\"_blank\" rel=\"noopener noreferrer\"><img loading=\"lazy\" decoding=\"async\" width=\"341\" height=\"1024\" src=\"http:\/\/culturaliagz.com\/wp-content\/uploads\/2020\/09\/2020_Vitor_Vaqueiro_1-1-341x1024.png\" alt=\"\" class=\"wp-image-7258\"\/><\/a><\/figure><\/div>\n\n\n\n<p><\/p>\n\n\n\n<p>A Homenaxe &#8220;<a href=\"http:\/\/www.aelg.gal\/actividades\/o-escritora-na-sua-terra-letra-e\" target=\"_blank\" rel=\"noreferrer noopener\">A\/O Escritor\/a na s\u00faa Terra &#8211; Letra E<\/a>&#8220;, que cada ano impulsa a AELG, chega neste 2020 \u00e1\u00a0s\u00faa <a href=\"https:\/\/www.aelg.gal\/actividades\/o-escritora-na-sua-terra-letra-e\/2020\/9\/19\/o-escritor-na-sua-terra-vitor-vaqueiro-santiago-de-compostela-2020\" target=\"_blank\" rel=\"noreferrer noopener\">XXVI edici\u00f3n<\/a>, recaendo por decisi\u00f3n da Asemblea de Socias e Socios na figura de <a href=\"https:\/\/www.aelg.gal\/centro-documentacion\/autores-as\/vitor-vaqueiro\" target=\"_blank\" rel=\"noreferrer noopener\">V\u00edtor Vaqueiro<\/a>.<\/p>\n\n\n\n<p>A\u00a0actividade ter\u00e1 lugar o s\u00e1bado\u00a0<strong>19 de setembro<\/strong>, en Santiago de Compostela.\u00a0A partir das 11:30 horas desenvolverase o programa de actos previsto, que se pode <a href=\"https:\/\/www.aelg.gal\/resources\/upload\/2020-09%20Vitor%20Vaqueiro%20web.pdf\" target=\"_blank\" rel=\"noreferrer noopener\"><strong>descargar aqu\u00ed<\/strong><\/a>:<\/p>\n\n\n\n<p><strong>11:30 Parque de Galeras&nbsp;(Santiago)<\/strong><\/p>\n\n\n\n<p>Descubrimento do Mon\u00f3lito conmemorativo e plantaci\u00f3n do carballo (\u00e1rbore simb\u00f3lico do escritor).<\/p>\n\n\n\n<p>&#8211; Intervenci\u00f3n do presidente da AELG,\u00a0<a href=\"https:\/\/www.aelg.gal\/centro-documentacion\/autores-as\/cesareo-sanchez\">Ces\u00e1reo <\/a><a href=\"https:\/\/www.aelg.gal\/centro-documentacion\/autores-as\/cesareo-sanchez\" target=\"_blank\" rel=\"noreferrer noopener\">S\u00e1nchez<\/a><a href=\"https:\/\/www.aelg.gal\/centro-documentacion\/autores-as\/cesareo-sanchez\"> Iglesias<\/a>.<\/p>\n\n\n\n<p>&#8211; Intervenci\u00f3n do homenaxeado, V\u00edtor Vaqueiro.<\/p>\n\n\n\n<p>&#8211; Intervenci\u00f3n do Alcalde de Santiago de Compostela, ou persoa en quen delegue.<\/p>\n\n\n\n<p><strong>12:30 Concello de Santiago de Compostela<\/strong><\/p>\n\n\n\n<p>Acto de entrega da \u201cLetra E\u201d<\/p>\n\n\n\n<p>&#8211; Lectura da acta de concesi\u00f3n,\u00a0<a href=\"https:\/\/www.aelg.gal\/centro-documentacion\/autores-as\/anna-r-figueiredo\" target=\"_blank\" rel=\"noreferrer noopener\">Anna R. Figueiredo<\/a>, vicepresidenta da AELG en funci\u00f3ns.<\/p>\n\n\n\n<p>&#8211; Intervenci\u00f3n do presidente da AELG, Ces\u00e1reo S\u00e1nchez Iglesias.<\/p>\n\n\n\n<p>&#8211;\u00a0<a href=\"https:\/\/www.aelg.gal\/centro-documentacion\/autores-as\/xabier-paz\" target=\"_blank\" rel=\"noreferrer noopener\">Xabier Paz<\/a>:\u00a0<em>Laudatio<\/em>.<\/p>\n\n\n\n<p>&#8211; Entrega da peza escult\u00f3rica da artista Soledad Penalta.<\/p>\n\n\n\n<p>&#8211; Intervenci\u00f3n do homenaxeado: Resposta \u00e1&nbsp;<em>laudatio<\/em>&nbsp;por parte de V\u00edtor Vaqueiro.<\/p>\n\n\n\n<p>&#8211; Intervenci\u00f3n do Alcalde de Santiago de Compostela, ou persoa en quen delegue.<\/p>\n\n\n\n<p>Cumprindo os protocolos relacionados coa excepcional situaci\u00f3n sanitaria que estamos vivindo, no acto que ter\u00e1 lugar no&nbsp;interior do Concello s\u00f3 poder\u00e1n estar presentes 12 persoas, a expensas de pos\u00edbeis modificaci\u00f3ns das medidas&nbsp;existentes en cada momento en canto \u00e1 sa\u00fade p\u00fablica.<\/p>\n\n\n\n<p>Dadas as actuais circunstancias derivadas da situaci\u00f3n sanitaria\u00a0provocada\u00a0pola Covid-19, susp\u00e9ndese o tradicional xantar de confraternidade.<\/p>\n\n\n\n<p><\/p>\n\n\n\n<p><em>*Informaci\u00f3n achegada desde a Secretar\u00eda T\u00e9cnica da <a href=\"https:\/\/www.aelg.gal\/\" target=\"_blank\" rel=\"noreferrer noopener\">AELG<\/a>.<\/em><\/p>\n","protected":false},"excerpt":{"rendered":"<p>A Homenaxe &#8220;A\/O Escritor\/a na s\u00faa Terra &#8211; Letra E&#8220;, que cada ano impulsa a AELG, chega neste 2020 \u00e1\u00a0s\u00faa XXVI edici\u00f3n, recaendo por decisi\u00f3n da Asemblea de Socias e [&hellip;]<\/p>\n","protected":false},"author":1,"featured_media":0,"comment_status":"open","ping_status":"open","sticky":false,"template":"","format":"standard","meta":{"_et_pb_use_builder":"off","_et_pb_old_content":"","_et_gb_content_width":"","_jetpack_memberships_contains_paid_content":false,"footnotes":""},"categories":[23,7,129,6,1],"tags":[31,440,679],"class_list":["post-7256","post","type-post","status-publish","format-standard","hentry","category-autoresas","category-creacion","category-literaria","category-novas","category-xeral","tag-aelg","tag-o-escritor-na-sua-terra","tag-vitor-vaqueiro"],"jetpack_featured_media_url":"","jetpack_sharing_enabled":true,"_links":{"self":[{"href":"http:\/\/culturaliagz.com\/index.php?rest_route=\/wp\/v2\/posts\/7256","targetHints":{"allow":["GET"]}}],"collection":[{"href":"http:\/\/culturaliagz.com\/index.php?rest_route=\/wp\/v2\/posts"}],"about":[{"href":"http:\/\/culturaliagz.com\/index.php?rest_route=\/wp\/v2\/types\/post"}],"author":[{"embeddable":true,"href":"http:\/\/culturaliagz.com\/index.php?rest_route=\/wp\/v2\/users\/1"}],"replies":[{"embeddable":true,"href":"http:\/\/culturaliagz.com\/index.php?rest_route=%2Fwp%2Fv2%2Fcomments&post=7256"}],"version-history":[{"count":1,"href":"http:\/\/culturaliagz.com\/index.php?rest_route=\/wp\/v2\/posts\/7256\/revisions"}],"predecessor-version":[{"id":7259,"href":"http:\/\/culturaliagz.com\/index.php?rest_route=\/wp\/v2\/posts\/7256\/revisions\/7259"}],"wp:attachment":[{"href":"http:\/\/culturaliagz.com\/index.php?rest_route=%2Fwp%2Fv2%2Fmedia&parent=7256"}],"wp:term":[{"taxonomy":"category","embeddable":true,"href":"http:\/\/culturaliagz.com\/index.php?rest_route=%2Fwp%2Fv2%2Fcategories&post=7256"},{"taxonomy":"post_tag","embeddable":true,"href":"http:\/\/culturaliagz.com\/index.php?rest_route=%2Fwp%2Fv2%2Ftags&post=7256"}],"curies":[{"name":"wp","href":"https:\/\/api.w.org\/{rel}","templated":true}]}}