{"id":7250,"date":"2020-08-27T13:47:08","date_gmt":"2020-08-27T12:47:08","guid":{"rendered":"http:\/\/culturaliagz.com\/?p=7250"},"modified":"2020-08-27T13:49:58","modified_gmt":"2020-08-27T12:49:58","slug":"doazon-do-museo-de-monterroso-ao-ieu-e-ao-concello","status":"publish","type":"post","link":"http:\/\/culturaliagz.com\/?p=7250","title":{"rendered":"Doaz\u00f3n do Museo de Monterroso ao IEU e ao Concello"},"content":{"rendered":"\n<div class=\"wp-block-image\"><figure class=\"aligncenter size-large\"><a href=\"http:\/\/culturaliagz.com\/wp-content\/uploads\/2020\/08\/Carlos-M\u00e9ndez-e-Francisco-Pardo-asinando-o-documento-de-doaz\u00f3n-do-museo-de-Monterroso-ao-IEU-e-ao-concello.jpg\" target=\"_blank\" rel=\"noopener noreferrer\"><img loading=\"lazy\" decoding=\"async\" width=\"1024\" height=\"768\" src=\"http:\/\/culturaliagz.com\/wp-content\/uploads\/2020\/08\/Carlos-M\u00e9ndez-e-Francisco-Pardo-asinando-o-documento-de-doaz\u00f3n-do-museo-de-Monterroso-ao-IEU-e-ao-concello-1024x768.jpg\" alt=\"\" class=\"wp-image-7251\" srcset=\"http:\/\/culturaliagz.com\/wp-content\/uploads\/2020\/08\/Carlos-M\u00e9ndez-e-Francisco-Pardo-asinando-o-documento-de-doaz\u00f3n-do-museo-de-Monterroso-ao-IEU-e-ao-concello-1024x768.jpg 1024w, http:\/\/culturaliagz.com\/wp-content\/uploads\/2020\/08\/Carlos-M\u00e9ndez-e-Francisco-Pardo-asinando-o-documento-de-doaz\u00f3n-do-museo-de-Monterroso-ao-IEU-e-ao-concello-300x225.jpg 300w, http:\/\/culturaliagz.com\/wp-content\/uploads\/2020\/08\/Carlos-M\u00e9ndez-e-Francisco-Pardo-asinando-o-documento-de-doaz\u00f3n-do-museo-de-Monterroso-ao-IEU-e-ao-concello-768x576.jpg 768w, http:\/\/culturaliagz.com\/wp-content\/uploads\/2020\/08\/Carlos-M\u00e9ndez-e-Francisco-Pardo-asinando-o-documento-de-doaz\u00f3n-do-museo-de-Monterroso-ao-IEU-e-ao-concello-1536x1152.jpg 1536w, http:\/\/culturaliagz.com\/wp-content\/uploads\/2020\/08\/Carlos-M\u00e9ndez-e-Francisco-Pardo-asinando-o-documento-de-doaz\u00f3n-do-museo-de-Monterroso-ao-IEU-e-ao-concello-510x382.jpg 510w, http:\/\/culturaliagz.com\/wp-content\/uploads\/2020\/08\/Carlos-M\u00e9ndez-e-Francisco-Pardo-asinando-o-documento-de-doaz\u00f3n-do-museo-de-Monterroso-ao-IEU-e-ao-concello-1080x810.jpg 1080w, http:\/\/culturaliagz.com\/wp-content\/uploads\/2020\/08\/Carlos-M\u00e9ndez-e-Francisco-Pardo-asinando-o-documento-de-doaz\u00f3n-do-museo-de-Monterroso-ao-IEU-e-ao-concello-1280x960.jpg 1280w, http:\/\/culturaliagz.com\/wp-content\/uploads\/2020\/08\/Carlos-M\u00e9ndez-e-Francisco-Pardo-asinando-o-documento-de-doaz\u00f3n-do-museo-de-Monterroso-ao-IEU-e-ao-concello-980x735.jpg 980w, http:\/\/culturaliagz.com\/wp-content\/uploads\/2020\/08\/Carlos-M\u00e9ndez-e-Francisco-Pardo-asinando-o-documento-de-doaz\u00f3n-do-museo-de-Monterroso-ao-IEU-e-ao-concello-480x360.jpg 480w, http:\/\/culturaliagz.com\/wp-content\/uploads\/2020\/08\/Carlos-M\u00e9ndez-e-Francisco-Pardo-asinando-o-documento-de-doaz\u00f3n-do-museo-de-Monterroso-ao-IEU-e-ao-concello.jpg 1600w\" sizes=\"auto, (max-width: 1024px) 100vw, 1024px\" \/><\/a><figcaption>D. Carlos M\u00e9ndez, fundador do Museo Parroquial de Monterroso, e Francisco Pardo, director do IEU, asinando o documento de doaz\u00f3n do museo (Xullo 2020)<\/figcaption><\/figure><\/div>\n\n\n\n<p><\/p>\n\n\n\n<p>O sacerdote e historiador D. Carlos M\u00e9ndez V\u00e1zquez, fundador e propietario do Museo Parroquial de Monterroso doou o seu museo ao <a href=\"http:\/\/ieu.gal\/\" target=\"_blank\" rel=\"noreferrer noopener\">Instituto de Estudos Ullo\u00e1ns (IEU)<\/a> e ao Concello, coa condici\u00f3n de que as pezas da s\u00faa extensa colecci\u00f3n pasen a ser propiedade do <a href=\"http:\/\/www.monterroso.es\/gl\" target=\"_blank\" rel=\"noreferrer noopener\">Concello de Monterroso<\/a> e a xesti\u00f3n do futuro museo sexa realizada en exclusividade polo Instituto de Estudos Ullo\u00e1ns.<\/p>\n\n\n\n<p>A colecci\u00f3n est\u00e1 formada por pezas de grande interese hist\u00f3rico (mu\u00ed\u00f1os prerromanos, verracos, \u00eddolos, t\u00e9gulas, pezas de tear romano, vent\u00e1s visig\u00f3ticas, capiteis rom\u00e1nicos\u2026) que D. Carlos M\u00e9ndez &nbsp;recolleu e catalogou durante d\u00e9cadas, algunhas encontradas ou mercadas polo historiador, e outras doadas polos veci\u00f1os de Monterroso&nbsp; ou cedidas en dep\u00f3sito. A tipolox\u00eda das pezas \u00e9 moi variada, abrangan restos hist\u00f3ricos de diferentes \u00e9pocas,&nbsp; e de moi diferentes temas (culinario, espiritual, festivo, art\u00edstico, documental).<\/p>\n\n\n\n<p>Como herdeiros deste prezado legado, o IEU e o concello de Monterroso proxectan a creaci\u00f3n dun gran complexo muse\u00edstico integrado por un Centro de Interpretaci\u00f3n da Feira, o Museo Carlos M\u00e9ndez (arqueolox\u00eda, historia e etnograf\u00eda), unha Aula-taller de restauraci\u00f3n, a biblioteca, o arquivo e unha sala de usos mult\u00edplices, agrupados todos eles baixo a denominaci\u00f3n xeral de Museo de Monterroso.<\/p>\n\n\n\n<p>O Museo de Monterroso ser\u00e1 instalado no edificio do antigo centro de sa\u00fade da vila (actual sede do IEU), ocupando as tres plantas do mesmo. Na planta baixa instalarase a Aula-Taller de restauraci\u00f3n e a sala de actos e exposici\u00f3ns, e na planta segunda a biblioteca especializada e o arquivo. Na planta primeira localizaranse o Centro de Interpretaci\u00f3n da Feira, con tres grandes salas (\u201cO enclave da feira\u201d, \u201cOs feirante\u201ds e \u201cAs mercador\u00edas\u201d) e o Museo Carlos M\u00e9ndez, con outras tres salas (\u201cEtnograf\u00eda comarcal\u201d, \u201cDende as orixes de Monterroso ata a d\u00e9cada dos 20 do s\u00e9culo pasado\u201d, \u201cO \u00faltimo s\u00e9culo da historia monterrosina\u201d).<\/p>\n\n\n\n<p>O Instituto de Estudos Ullo\u00e1ns ser\u00e1 o responsable da xesti\u00f3n, motivo polo que a Xunta de Goberno creou a Comisi\u00f3n de Xesti\u00f3n do Museo de Monterroso, integrada por unha directiva (directora, dous vicedirectores e conservador), unha ampla representaci\u00f3n do concello de Monterroso e unha serie de vogais socios do IEU e de asesores externos. A directora do Museo do Monterroso ser\u00e1 a historiadora Mar\u00eda Jos\u00e9 G\u00f3mez Alvite e os vicedirectores ser\u00e1n o presidente e vicepresidente do IEU, Francisco Pardo Teijeiro e Jes\u00fas Otero Calvo.&nbsp; A D. Carlos M\u00e9ndez se lle conceder\u00e1 a distinci\u00f3n de director honorario.<\/p>\n\n\n\n<p>&nbsp;Tr\u00e1tase dun ambicioso proxecto muse\u00edstico interactivo, dirixido ao p\u00fablico en xeral pero tam\u00e9n a investigadores e estudosos das feiras e da historia da comarca da Ulloa. Un complexo muse\u00edstico que pretende ser un referente de dinamizaci\u00f3n cultural da Galicia rural.<\/p>\n","protected":false},"excerpt":{"rendered":"<p>O sacerdote e historiador D. Carlos M\u00e9ndez V\u00e1zquez, fundador e propietario do Museo Parroquial de Monterroso doou o seu museo ao Instituto de Estudos Ullo\u00e1ns (IEU) e ao Concello, coa [&hellip;]<\/p>\n","protected":false},"author":1,"featured_media":0,"comment_status":"open","ping_status":"open","sticky":false,"template":"","format":"standard","meta":{"_et_pb_use_builder":"off","_et_pb_old_content":"","_et_gb_content_width":"","_jetpack_memberships_contains_paid_content":false,"footnotes":""},"categories":[7,129,6,1],"tags":[678,558,425,677],"class_list":["post-7250","post","type-post","status-publish","format-standard","hentry","category-creacion","category-literaria","category-novas","category-xeral","tag-carlos-mendez-vazquez","tag-concello-de-monterroso","tag-instituto-de-estudos-ulloans","tag-museo-de-monterroso"],"jetpack_featured_media_url":"","jetpack_sharing_enabled":true,"_links":{"self":[{"href":"http:\/\/culturaliagz.com\/index.php?rest_route=\/wp\/v2\/posts\/7250","targetHints":{"allow":["GET"]}}],"collection":[{"href":"http:\/\/culturaliagz.com\/index.php?rest_route=\/wp\/v2\/posts"}],"about":[{"href":"http:\/\/culturaliagz.com\/index.php?rest_route=\/wp\/v2\/types\/post"}],"author":[{"embeddable":true,"href":"http:\/\/culturaliagz.com\/index.php?rest_route=\/wp\/v2\/users\/1"}],"replies":[{"embeddable":true,"href":"http:\/\/culturaliagz.com\/index.php?rest_route=%2Fwp%2Fv2%2Fcomments&post=7250"}],"version-history":[{"count":2,"href":"http:\/\/culturaliagz.com\/index.php?rest_route=\/wp\/v2\/posts\/7250\/revisions"}],"predecessor-version":[{"id":7254,"href":"http:\/\/culturaliagz.com\/index.php?rest_route=\/wp\/v2\/posts\/7250\/revisions\/7254"}],"wp:attachment":[{"href":"http:\/\/culturaliagz.com\/index.php?rest_route=%2Fwp%2Fv2%2Fmedia&parent=7250"}],"wp:term":[{"taxonomy":"category","embeddable":true,"href":"http:\/\/culturaliagz.com\/index.php?rest_route=%2Fwp%2Fv2%2Fcategories&post=7250"},{"taxonomy":"post_tag","embeddable":true,"href":"http:\/\/culturaliagz.com\/index.php?rest_route=%2Fwp%2Fv2%2Ftags&post=7250"}],"curies":[{"name":"wp","href":"https:\/\/api.w.org\/{rel}","templated":true}]}}