{"id":7245,"date":"2020-08-27T13:37:25","date_gmt":"2020-08-27T12:37:25","guid":{"rendered":"http:\/\/culturaliagz.com\/?p=7245"},"modified":"2020-08-27T13:41:23","modified_gmt":"2020-08-27T12:41:23","slug":"ieu-flora-da-ulloa-excursion-botanica-as-branas-da-serra-do-careon-o-domingo-30-agosto","status":"publish","type":"post","link":"http:\/\/culturaliagz.com\/?p=7245","title":{"rendered":"IEU.- Flora da Ulloa: Excursi\u00f3n bot\u00e1nica \u00e1s bra\u00f1as da Serra do Care\u00f3n o domingo 30 agosto"},"content":{"rendered":"\n<div class=\"wp-block-image\"><figure class=\"aligncenter size-large\"><a href=\"http:\/\/culturaliagz.com\/wp-content\/uploads\/2020\/08\/Excursi\u00f3n-Flora-da-Ulloa-04-20-Bra\u00f1as-Care\u00f3n-Instituto-de-Estudos-Ullo\u00e1ns.jpg\" target=\"_blank\" rel=\"noopener noreferrer\"><img loading=\"lazy\" decoding=\"async\" width=\"768\" height=\"1024\" src=\"http:\/\/culturaliagz.com\/wp-content\/uploads\/2020\/08\/Excursi\u00f3n-Flora-da-Ulloa-04-20-Bra\u00f1as-Care\u00f3n-Instituto-de-Estudos-Ullo\u00e1ns-768x1024.jpg\" alt=\"\" class=\"wp-image-7246\" srcset=\"http:\/\/culturaliagz.com\/wp-content\/uploads\/2020\/08\/Excursi\u00f3n-Flora-da-Ulloa-04-20-Bra\u00f1as-Care\u00f3n-Instituto-de-Estudos-Ullo\u00e1ns-768x1024.jpg 768w, http:\/\/culturaliagz.com\/wp-content\/uploads\/2020\/08\/Excursi\u00f3n-Flora-da-Ulloa-04-20-Bra\u00f1as-Care\u00f3n-Instituto-de-Estudos-Ullo\u00e1ns-225x300.jpg 225w, http:\/\/culturaliagz.com\/wp-content\/uploads\/2020\/08\/Excursi\u00f3n-Flora-da-Ulloa-04-20-Bra\u00f1as-Care\u00f3n-Instituto-de-Estudos-Ullo\u00e1ns-980x1307.jpg 980w, http:\/\/culturaliagz.com\/wp-content\/uploads\/2020\/08\/Excursi\u00f3n-Flora-da-Ulloa-04-20-Bra\u00f1as-Care\u00f3n-Instituto-de-Estudos-Ullo\u00e1ns-480x640.jpg 480w, http:\/\/culturaliagz.com\/wp-content\/uploads\/2020\/08\/Excursi\u00f3n-Flora-da-Ulloa-04-20-Bra\u00f1as-Care\u00f3n-Instituto-de-Estudos-Ullo\u00e1ns.jpg 1008w\" sizes=\"auto, (max-width: 768px) 100vw, 768px\" \/><\/a><\/figure><\/div>\n\n\n\n<p><\/p>\n\n\n\n<p>Despois da exitosa excursi\u00f3n do pasado domingo 16 de agosto pola ribeira do Ulla (12 persoas e encontro dun importante n\u00facleo da ameazada\u00a0<em>Scrophularia herminii<\/em>), o <a href=\"http:\/\/ieu.gal\/\" target=\"_blank\" rel=\"noreferrer noopener\">IEU <\/a>prepara para o\u00a0pr\u00f3ximo domingo 30 de agosto, dentro  do proxecto <a href=\"http:\/\/ieu.gal\/flora-da-ulloa\/\" target=\"_blank\" rel=\"noreferrer noopener\">FLORA DA ULLOA<\/a>  outra andaina polo monte coa ansia de procurar e identificar plantas polas <a href=\"http:\/\/ieu.gal\/excursion-botanica-branas-da-serra-careon-3082020\/\" target=\"_blank\" rel=\"noreferrer noopener\">bra\u00f1as da Serra do Care\u00f3n e o seu contorno<\/a>.<\/p>\n\n\n\n<p>\u00c1 ma\u00f1\u00e1 visitar\u00e1n a bra\u00f1a do Puxeiro, lindante con Friol e Toques, onde se poder\u00e1n ver plantas raras na Ulloa e tam\u00e9n en Galicia, como unha especie de toxo das bra\u00f1as (<em>Genista berberidea<\/em>, exclusiva da Galicia atl\u00e1ntica e norte de Portugal) ou a pimpinela maior (<em>Sanguisorba officinalis<\/em>). <\/p>\n\n\n\n<p>A tarde ser\u00e1 m\u00e1is aventureira e exploratoria, buscando lugares bra\u00f1entos pola zona central da serra e polo contorno das aldeas de Dorra, Ermita, \u00c9mora e Labagueira (parroquia de Cu\u00ed\u00f1a).<br>Farase case imprescindible o uso de botas e pantal\u00f3n largo. Polas condici\u00f3ns actuais, tam\u00e9n ser\u00e1 obrigatorio o uso da m\u00e1scara sanitaria<\/p>\n","protected":false},"excerpt":{"rendered":"<p>Despois da exitosa excursi\u00f3n do pasado domingo 16 de agosto pola ribeira do Ulla (12 persoas e encontro dun importante n\u00facleo da ameazada\u00a0Scrophularia herminii), o IEU prepara para o\u00a0pr\u00f3ximo domingo [&hellip;]<\/p>\n","protected":false},"author":1,"featured_media":0,"comment_status":"open","ping_status":"open","sticky":false,"template":"","format":"standard","meta":{"_et_pb_use_builder":"off","_et_pb_old_content":"","_et_gb_content_width":"","_jetpack_memberships_contains_paid_content":false,"footnotes":""},"categories":[6,1],"tags":[475,425],"class_list":["post-7245","post","type-post","status-publish","format-standard","hentry","category-novas","category-xeral","tag-flora-da-ulloa","tag-instituto-de-estudos-ulloans"],"jetpack_featured_media_url":"","jetpack_sharing_enabled":true,"_links":{"self":[{"href":"http:\/\/culturaliagz.com\/index.php?rest_route=\/wp\/v2\/posts\/7245","targetHints":{"allow":["GET"]}}],"collection":[{"href":"http:\/\/culturaliagz.com\/index.php?rest_route=\/wp\/v2\/posts"}],"about":[{"href":"http:\/\/culturaliagz.com\/index.php?rest_route=\/wp\/v2\/types\/post"}],"author":[{"embeddable":true,"href":"http:\/\/culturaliagz.com\/index.php?rest_route=\/wp\/v2\/users\/1"}],"replies":[{"embeddable":true,"href":"http:\/\/culturaliagz.com\/index.php?rest_route=%2Fwp%2Fv2%2Fcomments&post=7245"}],"version-history":[{"count":2,"href":"http:\/\/culturaliagz.com\/index.php?rest_route=\/wp\/v2\/posts\/7245\/revisions"}],"predecessor-version":[{"id":7249,"href":"http:\/\/culturaliagz.com\/index.php?rest_route=\/wp\/v2\/posts\/7245\/revisions\/7249"}],"wp:attachment":[{"href":"http:\/\/culturaliagz.com\/index.php?rest_route=%2Fwp%2Fv2%2Fmedia&parent=7245"}],"wp:term":[{"taxonomy":"category","embeddable":true,"href":"http:\/\/culturaliagz.com\/index.php?rest_route=%2Fwp%2Fv2%2Fcategories&post=7245"},{"taxonomy":"post_tag","embeddable":true,"href":"http:\/\/culturaliagz.com\/index.php?rest_route=%2Fwp%2Fv2%2Ftags&post=7245"}],"curies":[{"name":"wp","href":"https:\/\/api.w.org\/{rel}","templated":true}]}}