{"id":7227,"date":"2020-08-11T21:51:50","date_gmt":"2020-08-11T20:51:50","guid":{"rendered":"http:\/\/culturaliagz.com\/?p=7227"},"modified":"2020-08-11T22:12:36","modified_gmt":"2020-08-11T21:12:36","slug":"a-fera-por-miguel-diaz","status":"publish","type":"post","link":"http:\/\/culturaliagz.com\/?p=7227","title":{"rendered":"A FERA, por Miguel D\u00edaz"},"content":{"rendered":"\n<div class=\"wp-block-image\"><figure class=\"aligncenter size-large\"><a href=\"http:\/\/culturaliagz.com\/wp-content\/uploads\/2020\/08\/A-fera2.jpg\" target=\"_blank\" rel=\"noopener noreferrer\"><img loading=\"lazy\" decoding=\"async\" width=\"1024\" height=\"1022\" src=\"http:\/\/culturaliagz.com\/wp-content\/uploads\/2020\/08\/A-fera2-1024x1022.jpg\" alt=\"\" class=\"wp-image-7232\" srcset=\"http:\/\/culturaliagz.com\/wp-content\/uploads\/2020\/08\/A-fera2-980x978.jpg 980w, http:\/\/culturaliagz.com\/wp-content\/uploads\/2020\/08\/A-fera2-480x479.jpg 480w\" sizes=\"auto, (min-width: 0px) and (max-width: 480px) 480px, (min-width: 481px) and (max-width: 980px) 980px, (min-width: 981px) 1024px, 100vw\" \/><\/a><\/figure><\/div>\n\n\n\n<p><\/p>\n\n\n\n<p class=\"has-text-align-center\"><strong>A FERA<\/strong><\/p>\n\n\n\n<p class=\"has-text-align-center\"><em>Miguel D\u00edaz<\/em><\/p>\n\n\n\n<p><\/p>\n\n\n\n<p class=\"has-text-align-center\">Territorio hostil.<\/p>\n\n\n\n<p class=\"has-text-align-center\">Constr\u00faome na rebeld\u00eda<\/p>\n\n\n\n<p class=\"has-text-align-center\">e tam\u00e9n no enfrontamento.<\/p>\n\n\n\n<p class=\"has-text-align-center\">Son o branco perfecto<\/p>\n\n\n\n<p class=\"has-text-align-center\">de balas indiferentes<\/p>\n\n\n\n<p class=\"has-text-align-center\">e a fera inadaptada<\/p>\n\n\n\n<p class=\"has-text-align-center\">ouveando no monte&#8230;<\/p>\n\n\n\n<p class=\"has-text-align-center\">Son a p\u00f3la que esgaza<\/p>\n\n\n\n<p class=\"has-text-align-center\">dun carballo ignorado<\/p>\n\n\n\n<p class=\"has-text-align-center\">e teimuda voz que discrepa<\/p>\n\n\n\n<p class=\"has-text-align-center\">entre a riada insensible&#8230;<\/p>\n\n\n\n<p class=\"has-text-align-center\">Son viaxante que cami\u00f1a<\/p>\n\n\n\n<p class=\"has-text-align-center\">en direcci\u00f3n prohibida&#8230;<\/p>\n\n\n\n<p class=\"has-text-align-center\">Son o que non entende<\/p>\n\n\n\n<p class=\"has-text-align-center\">a persistencia do odio<\/p>\n\n\n\n<p class=\"has-text-align-center\">e o coraz\u00f3n que se abafa<\/p>\n\n\n\n<p class=\"has-text-align-center\">cando a rabia se revela&#8230;<\/p>\n\n\n\n<p class=\"has-text-align-center\">Son o estra\u00f1o desnortado<\/p>\n\n\n\n<p class=\"has-text-align-center\">na terra da vosa palabra<\/p>\n\n\n\n<p class=\"has-text-align-center\">e arr\u00edmome \u00f3 silencio<\/p>\n\n\n\n<p class=\"has-text-align-center\">da diferenza desprezada&#8230;<\/p>\n\n\n\n<p class=\"has-text-align-center\">Son a pel incomprendida<\/p>\n\n\n\n<p class=\"has-text-align-center\">e a man que agarda&#8230;<\/p>\n\n\n\n<p class=\"has-text-align-center\">Son o verso que non les<\/p>\n\n\n\n<p class=\"has-text-align-center\">e o libro que se esconde<\/p>\n\n\n\n<p class=\"has-text-align-center\">porque existo nun poema<\/p>\n\n\n\n<p class=\"has-text-align-center\">constru\u00eddo con feridas&#8230;<\/p>\n","protected":false},"excerpt":{"rendered":"<p>A FERA Miguel D\u00edaz Territorio hostil. Constr\u00faome na rebeld\u00eda e tam\u00e9n no enfrontamento. Son o branco perfecto de balas indiferentes e a fera inadaptada ouveando no monte&#8230; Son a p\u00f3la [&hellip;]<\/p>\n","protected":false},"author":1,"featured_media":0,"comment_status":"open","ping_status":"open","sticky":false,"template":"","format":"standard","meta":{"_et_pb_use_builder":"off","_et_pb_old_content":"","_et_gb_content_width":"","_jetpack_memberships_contains_paid_content":false,"footnotes":""},"categories":[23,7,129,1],"tags":[675,650],"class_list":["post-7227","post","type-post","status-publish","format-standard","hentry","category-autoresas","category-creacion","category-literaria","category-xeral","tag-a-fera","tag-miguel-diaz"],"jetpack_featured_media_url":"","jetpack_sharing_enabled":true,"_links":{"self":[{"href":"http:\/\/culturaliagz.com\/index.php?rest_route=\/wp\/v2\/posts\/7227","targetHints":{"allow":["GET"]}}],"collection":[{"href":"http:\/\/culturaliagz.com\/index.php?rest_route=\/wp\/v2\/posts"}],"about":[{"href":"http:\/\/culturaliagz.com\/index.php?rest_route=\/wp\/v2\/types\/post"}],"author":[{"embeddable":true,"href":"http:\/\/culturaliagz.com\/index.php?rest_route=\/wp\/v2\/users\/1"}],"replies":[{"embeddable":true,"href":"http:\/\/culturaliagz.com\/index.php?rest_route=%2Fwp%2Fv2%2Fcomments&post=7227"}],"version-history":[{"count":4,"href":"http:\/\/culturaliagz.com\/index.php?rest_route=\/wp\/v2\/posts\/7227\/revisions"}],"predecessor-version":[{"id":7234,"href":"http:\/\/culturaliagz.com\/index.php?rest_route=\/wp\/v2\/posts\/7227\/revisions\/7234"}],"wp:attachment":[{"href":"http:\/\/culturaliagz.com\/index.php?rest_route=%2Fwp%2Fv2%2Fmedia&parent=7227"}],"wp:term":[{"taxonomy":"category","embeddable":true,"href":"http:\/\/culturaliagz.com\/index.php?rest_route=%2Fwp%2Fv2%2Fcategories&post=7227"},{"taxonomy":"post_tag","embeddable":true,"href":"http:\/\/culturaliagz.com\/index.php?rest_route=%2Fwp%2Fv2%2Ftags&post=7227"}],"curies":[{"name":"wp","href":"https:\/\/api.w.org\/{rel}","templated":true}]}}